{"id":152326,"date":"2026-01-31T19:22:09","date_gmt":"2026-01-31T19:22:09","guid":{"rendered":"https:\/\/www.europesays.com\/no\/152326\/"},"modified":"2026-01-31T19:22:09","modified_gmt":"2026-01-31T19:22:09","slug":"minst-30-skal-vaere-drept-i-gaza-etter-israelske-angrep","status":"publish","type":"post","link":"https:\/\/www.europesays.com\/no\/152326\/","title":{"rendered":"Minst 30 skal v\u00e6re drept i Gaza etter israelske angrep"},"content":{"rendered":"\n<p class=\"_lead_o9xde_2 _lead_xtcu6_50 layout-component text-serif-m layout-normal text-serif-l layout-component layout-wide layout-padded _wide_17hqh_1 layout-padded\">Flere barn skal v\u00e6re blant de drepte. <\/p>\n<p><img alt=\"Israel gjennomf\u00f8rte l\u00f8rdag et luftangrep mot en leir i Al Mawasi, vest for Khan Younis p\u00e5 Gazastripen. Bildet er tatt 31. januar i \u00e5r.  Foto: HAITHAM IMAD \/ EPA \/ NTB\" class=\"_image_qp4xg_65 layout-component layout-wide\" data-fullscreen- data-track-element-type=\"Article image fullscreen\" data-track-name=\"ImageFullscreen\" fetchpriority=\"high\" decoding=\"sync\" loading=\"eager\" height=\"4729\" itemprop=\"image\"  src=\"https:\/\/www.europesays.com\/no\/wp-content\/uploads\/2026\/01\/b0f65eee-5aac-40bc-a212-18d83b2f5a4a.png\"  style=\"object-position:0% 0%\" width=\"6307\"\/>Israel gjennomf\u00f8rte l\u00f8rdag et luftangrep mot en leir i Al Mawasi, vest for Khan Younis p\u00e5 Gazastripen. Bildet er tatt 31. januar i \u00e5r.  Foto: HAITHAM IMAD \/ EPA \/ NTB<\/p>\n<ul aria-hidden=\"true\" class=\"_images_ntbth_112\">\n<li><a class=\"_link_ntbth_117\" href=\"https:\/\/www.vg.no\/forfatter\/einar-torkelsen\" style=\"z-index:1\" title=\"Einar Torkelsen\" rel=\"nofollow noopener\" target=\"_blank\"><img alt=\"Bilde av Einar Torkelsen\" class=\"_image_ntbth_93\" fetchpriority=\"low\" loading=\"lazy\" decoding=\"async\" itemprop=\"image\"  src=\"https:\/\/www.europesays.com\/no\/wp-content\/uploads\/2026\/01\/1769887327_515_f6016772-ddbc-43d2-b733-41afc7cc9046.png\"  width=\"480\"\/><\/a><\/li>\n<\/ul>\n<p> Oppdatert l\u00f8rdag 31. januar kl. 19:25    <\/p>\n<ul class=\"_list_o9xde_3 _list_64s2r_85 _unordered_o9xde_106 text-sans-m\">\n<li class=\"_item_o9xde_30\">Minst 30 palestinere har blitt drept i Gaza etter israelske luftangrep p\u00e5 l\u00f8rdag, if\u00f8lge helsekilder.<\/li>\n<li class=\"_item_o9xde_30\">Angrepene rammet b\u00e5de i Gaza by og Khan Younis.<\/li>\n<li class=\"_item_o9xde_30\">Israel sier at angrepene var rettet mot Hamas og Islamsk jihad. <\/li>\n<li class=\"_item_o9xde_30\">Israel erkjente fredag at over 70.000 palestinere har blitt drept i krigen. <\/li>\n<\/ul>\n<p>Vis mer <\/p>\n<p class=\"_paragraph_o9xde_4 _paragraph_xtcu6_10 layout-component text-serif-m layout-normal text-serif-m layout-padded\">Israel har l\u00f8rdag gjennomf\u00f8rt flere luftangrep mot <a href=\"https:\/\/www.vg.no\/tag\/gaza?utm_source=vg-article&amp;utm_medium=auto-tagger&amp;utm_campaign=m01WnE\" class=\"_link_o9xde_39\" rel=\"nofollow noopener\" target=\"_blank\">Gaza<\/a>.<\/p>\n<p class=\"_paragraph_o9xde_4 _paragraph_xtcu6_10 layout-component text-serif-m layout-normal text-serif-m layout-padded\">Minst 30 palestinere har blitt drept i angrep mot Gaza by og Khan Younis, if\u00f8lge kilder i helsevesenet. Det skriver <a href=\"https:\/\/apnews.com\/article\/mideast-wars-gaza-israel-strikes-88fcbfdbe8ea6265fa3765b7a407a5a7\" class=\"_link_o9xde_39\" rel=\"nofollow noopener\" target=\"_blank\">AP<\/a>.<\/p>\n<p class=\"_paragraph_o9xde_4 _paragraph_xtcu6_10 layout-component text-serif-m layout-normal text-serif-m layout-padded\">If\u00f8lge ansatte ved Nasser-sykehuset ble en teltleir angrepet i Khan Younis, som ligger s\u00f8r i Gaza. <\/p>\n<p class=\"_paragraph_o9xde_4 _paragraph_xtcu6_10 layout-component text-serif-m layout-normal text-serif-m layout-padded\">Teltangrepet f\u00f8rte til en brann i leiren, som tok livet av syv personer. <\/p>\n<p class=\"_paragraph_o9xde_4 _paragraph_xtcu6_10 layout-component text-serif-m layout-normal text-serif-m layout-padded\">En leilighet ble angrepet i Gaza by, som ligger nord p\u00e5 Gazastripen, if\u00f8lge ansatte ved Shifa-sykehuset. Flere ble drept.<\/p>\n<ul class=\"_gallery_1qa3s_23\" tabindex=\"0\">\n<li class=\"_item_1qa3s_37\" data-index=\"0\"><img decoding=\"async\" class=\"_image_foru8_23 _articleGallery_foru8_39\" data-fullscreen- width=\"6000\" height=\"4000\" itemprop=\"image\" loading=\"lazy\"  src=\"https:\/\/www.europesays.com\/no\/wp-content\/uploads\/2026\/01\/84d946d9-22b9-4103-8c07-3b8901245208.png\"  style=\"object-position:50% 50%;aspect-ratio:var(--gallery-aspect-ratio, 16 \/ 9)\"\/>En leilighet ble \u00f8delagt i et luftangrep mot Gaza by. Bildet er tatt 31. januar i \u00e5r.  Foto: Jehad Alshrafi \/ AP \/ NTB<\/li>\n<li class=\"_item_1qa3s_37\" data-index=\"1\"><img decoding=\"async\" class=\"_image_foru8_23 _articleGallery_foru8_39\" data-fullscreen- width=\"8640\" height=\"5760\" itemprop=\"image\" loading=\"lazy\"  src=\"https:\/\/www.europesays.com\/no\/wp-content\/uploads\/2026\/01\/e2ae155f-31a0-4af7-a921-d619834f2d13.jpeg\"  style=\"object-position:50% 50%;aspect-ratio:var(--gallery-aspect-ratio, 16 \/ 9)\"\/>Palestinere b\u00e6rer et lik etter angrepet mot en politistasjon i Gaza by. Bildet er tatt 31. januar i \u00e5r.  Foto: Jehad Alshrafi \/ AP \/ NTB<\/li>\n<li class=\"_item_1qa3s_37\" data-index=\"2\"><img decoding=\"async\" class=\"_image_foru8_23 _articleGallery_foru8_39\" data-fullscreen- width=\"5500\" height=\"3671\" itemprop=\"image\" loading=\"lazy\"  src=\"https:\/\/www.europesays.com\/no\/wp-content\/uploads\/2026\/01\/3005c062-10bb-4792-a398-30617dd3f400.png\"  style=\"object-position:50% 50%;aspect-ratio:var(--gallery-aspect-ratio, 16 \/ 9)\"\/>Luftangrepet i Khan Younis f\u00f8rte til omfattende \u00f8deleggelser i en teltleir. Bildet er tatt 31. januar i \u00e5r.  Foto: Ramadan Abed \/ Reuters \/ NTB<\/li>\n<\/ul>\n<p>En leilighet ble \u00f8delagt i et luftangrep mot Gaza by. Bildet er tatt 31. januar i \u00e5r.  Foto: Jehad Alshrafi \/ AP \/ NTB<\/p>\n<p class=\"_paragraph_o9xde_4 _paragraph_xtcu6_10 layout-component text-serif-m layout-normal text-serif-m layout-padded\">Der ble ogs\u00e5 en politistasjon angrepet. 14 mennesker ble drept og flere s\u00e5ret, if\u00f8lge direkt\u00f8ren ved Shifa-sykehuset. <\/p>\n<p>500 skal v\u00e6re drept siden oktober<\/p>\n<p class=\"_paragraph_o9xde_4 _paragraph_xtcu6_10 layout-component text-serif-m layout-normal text-serif-m layout-padded\">Det israelske milit\u00e6ret sier at angrepene var rettet mot Hamas og Islamsk jihad. <\/p>\n<p class=\"_paragraph_o9xde_4 _paragraph_xtcu6_10 layout-component text-serif-m layout-normal text-serif-m layout-padded\">De viser til en hendelse p\u00e5 fredag, da flere v\u00e6pnede militante palestinere kom ut av en tunnel i Rafah, som Israel mener er et brudd p\u00e5 v\u00e5penhvilen. Det skriver <a href=\"https:\/\/www.nytimes.com\/2026\/01\/31\/world\/middleeast\/israel-strikes-gaza-rafah-reopening.html\" class=\"_link_o9xde_39\" rel=\"nofollow noopener\" target=\"_blank\">New York Times<\/a>. <\/p>\n<p class=\"_paragraph_o9xde_4 _paragraph_xtcu6_10 layout-component text-serif-m layout-normal text-serif-m layout-padded\">B\u00e5de Israel og Hamas beskylder hverandre for brudd p\u00e5 v\u00e5penhvilen. <\/p>\n<p class=\"_paragraph_o9xde_4 _paragraph_xtcu6_10 layout-component text-serif-m layout-normal text-serif-m layout-padded\">Angrepene skjer bare dager f\u00f8r grenseovergangen Rafah etter planen skal \u00e5pnes igjen. <\/p>\n<p class=\"_paragraph_o9xde_4 _paragraph_xtcu6_10 layout-component text-serif-m layout-normal text-serif-m layout-padded\">Rafah ligger helt s\u00f8r p\u00e5 Gazastripen, p\u00e5 grensen til Egypt. \u00c5pningen er en del av den andre fasen i v\u00e5penhvilen, som ble forhandlet frem av USA.<\/p>\n<p><img alt=\"En hest ble drept i luftangrepet mot Khan Younis. Bildet er tatt 31. januar i \u00e5r.   Foto: Abdel Kareem Hana \/ AP \/ NTB\" class=\"_image_qp4xg_65 layout-component layout-normal\" data-fullscreen- data-track-element-type=\"Article image fullscreen\" data-track-name=\"ImageFullscreen\" decoding=\"async\" loading=\"lazy\" height=\"5760\" itemprop=\"image\"  src=\"https:\/\/www.europesays.com\/no\/wp-content\/uploads\/2026\/01\/308664c6-7772-475c-9cdd-cbb38fed0f13.jpeg\"  style=\"object-position:0% 0%\" width=\"8640\"\/>En hest ble drept i luftangrepet mot Khan Younis. Bildet er tatt 31. januar i \u00e5r.   Foto: Abdel Kareem Hana \/ AP \/ NTB<\/p>\n<p class=\"_paragraph_o9xde_4 _paragraph_xtcu6_10 layout-component text-serif-m layout-normal text-serif-m layout-padded\">Til tross for den p\u00e5g\u00e5ende v\u00e5penhvilen mellom Israel og Hamas, har Israel gjennomf\u00f8rt flere angrep i Gaza etter at v\u00e5penhvilen tr\u00e5dde i kraft i oktober i fjor. <\/p>\n<p class=\"_paragraph_o9xde_4 _paragraph_xtcu6_10 layout-component text-serif-m layout-normal text-serif-m layout-padded\">If\u00f8lge palestinske myndigheter har over 500 palestinere blitt drept i Gaza siden oktober. <\/p>\n<p class=\"_paragraph_o9xde_4 _paragraph_xtcu6_10 layout-component text-serif-m layout-normal text-serif-m layout-padded\">Egypt, som ogs\u00e5 har bidratt i meglingen mellom Israel og Hamas, har ford\u00f8mt l\u00f8rdagens angrep. <\/p>\n<p>Israel erkjenner d\u00f8dstall<\/p>\n<p class=\"_paragraph_o9xde_4 _paragraph_xtcu6_10 layout-component text-serif-m layout-normal text-serif-m layout-padded\">Totalt har over 70.000 palestinere blitt drept i krigen mellom Israel og Hamas. <\/p>\n<p class=\"_paragraph_o9xde_4 _paragraph_xtcu6_10 layout-component text-serif-m layout-normal text-serif-m layout-padded\">Av disse antas det at minst 10.000 ligger begravet i ruinene p\u00e5 Gazastripen, som har blitt rammet av enorme \u00f8deleggelser som f\u00f8lge av krigen. <\/p>\n<p><img alt=\"Palestinere sjekker et telt som ble rammet av luftangrepet i Khan Younis. Bildet er tatt 31. januar i \u00e5r.   Foto: Abdel Kareem Hana \/ AP \/ NTB\" class=\"_image_qp4xg_65 layout-component layout-normal\" data-fullscreen- data-track-element-type=\"Article image fullscreen\" data-track-name=\"ImageFullscreen\" decoding=\"async\" loading=\"lazy\" height=\"5760\" itemprop=\"image\"  src=\"https:\/\/www.europesays.com\/no\/wp-content\/uploads\/2026\/01\/5ee049b4-89d9-4a01-b171-ea9eb2a6458b.jpeg\"  style=\"object-position:0% 0%\" width=\"8640\"\/>Palestinere sjekker et telt som ble rammet av luftangrepet i Khan Younis. Bildet er tatt 31. januar i \u00e5r.   Foto: Abdel Kareem Hana \/ AP \/ NTB<\/p>\n<p class=\"_paragraph_o9xde_4 _paragraph_xtcu6_10 layout-component text-serif-m layout-normal text-serif-m layout-padded\">Krigen ble utl\u00f8st av Hamas sitt terrorangrep mot Israel 7. oktober 2023, der 1200 mennesker ble drept i Israel. <\/p>\n<p class=\"_paragraph_o9xde_4 _paragraph_xtcu6_10 layout-component text-serif-m layout-normal text-serif-m layout-padded\">Israel har lenge s\u00e5dd tvil over de palestinske d\u00f8dstallene, som kommer fra palestinske myndigheter p\u00e5 Gazastripen. <\/p>\n<p class=\"_paragraph_o9xde_4 _paragraph_xtcu6_10 layout-component text-serif-m layout-normal text-serif-m layout-padded\">Men fredag erkjente det israelske milit\u00e6ret at de palestinske tallene i stor grad stemmer, if\u00f8lge <a href=\"https:\/\/www.theguardian.com\/world\/2026\/jan\/30\/israel-military-gaza-death-toll-broadly-accurate\" class=\"_link_o9xde_39\" rel=\"nofollow noopener\" target=\"_blank\">The Guardian<\/a>. <\/p>\n<p class=\"_paragraph_o9xde_4 _paragraph_xtcu6_10 layout-component text-serif-m layout-normal text-serif-m layout-padded\">En israelsk sikkerhetskilde som brifet journalister sa at rundt 70.000 palestinere hadde blitt drept av israelske angrep siden oktober 2023. <\/p>\n","protected":false},"excerpt":{"rendered":"Flere barn skal v\u00e6re blant de drepte. Israel gjennomf\u00f8rte l\u00f8rdag et luftangrep mot en leir i Al Mawasi,&hellip;\n","protected":false},"author":2,"featured_media":152327,"comment_status":"","ping_status":"","sticky":false,"template":"","format":"standard","meta":{"footnotes":"","_share_on_mastodon":"0"},"categories":[12],"tags":[31,20,21,1276,24,25,53,566,15,52,474,22,23,13,30,28,29,14,16,26,27,42,43,44,45],"class_list":["post-152326","post","type-post","status-publish","format-standard","has-post-thumbnail","category-verden","tag-breaking","tag-breaking-news","tag-breakingnews","tag-egypt","tag-featured-news","tag-featurednews","tag-gaza","tag-hamas","tag-headlines","tag-israel","tag-krig","tag-latest-news","tag-latestnews","tag-news","tag-no","tag-norge","tag-norway","tag-nyheter","tag-overskrifter","tag-top-stories","tag-topstories","tag-verden","tag-world","tag-world-news","tag-worldnews"],"share_on_mastodon":{"url":"https:\/\/pubeurope.com\/@no\/115991343536294776","error":""},"_links":{"self":[{"href":"https:\/\/www.europesays.com\/no\/wp-json\/wp\/v2\/posts\/152326","targetHints":{"allow":["GET"]}}],"collection":[{"href":"https:\/\/www.europesays.com\/no\/wp-json\/wp\/v2\/posts"}],"about":[{"href":"https:\/\/www.europesays.com\/no\/wp-json\/wp\/v2\/types\/post"}],"author":[{"embeddable":true,"href":"https:\/\/www.europesays.com\/no\/wp-json\/wp\/v2\/users\/2"}],"replies":[{"embeddable":true,"href":"https:\/\/www.europesays.com\/no\/wp-json\/wp\/v2\/comments?post=152326"}],"version-history":[{"count":0,"href":"https:\/\/www.europesays.com\/no\/wp-json\/wp\/v2\/posts\/152326\/revisions"}],"wp:featuredmedia":[{"embeddable":true,"href":"https:\/\/www.europesays.com\/no\/wp-json\/wp\/v2\/media\/152327"}],"wp:attachment":[{"href":"https:\/\/www.europesays.com\/no\/wp-json\/wp\/v2\/media?parent=152326"}],"wp:term":[{"taxonomy":"category","embeddable":true,"href":"https:\/\/www.europesays.com\/no\/wp-json\/wp\/v2\/categories?post=152326"},{"taxonomy":"post_tag","embeddable":true,"href":"https:\/\/www.europesays.com\/no\/wp-json\/wp\/v2\/tags?post=152326"}],"curies":[{"name":"wp","href":"https:\/\/api.w.org\/{rel}","templated":true}]}}