{"id":15234,"date":"2025-08-22T14:42:11","date_gmt":"2025-08-22T14:42:11","guid":{"rendered":"https:\/\/www.europesays.com\/no\/15234\/"},"modified":"2025-08-22T14:42:11","modified_gmt":"2025-08-22T14:42:11","slug":"fant-videokamera-og-gps-enheten-i-sekken-til-savnede-steffen-29","status":"publish","type":"post","link":"https:\/\/www.europesays.com\/no\/15234\/","title":{"rendered":"Fant videokamera og GPS-enheten i sekken til savnede Steffen (29)"},"content":{"rendered":"\n<p class=\"_lead_1bvmi_2 _lead_xtcu6_50 layout-component text-serif-m layout-normal text-serif-l layout-component layout-wide layout-padded _wide_17hqh_1 layout-padded\">Politiet har enn\u00e5 ikke fors\u00f8kt \u00e5 g\u00e5 gjennom innholdet fordi det m\u00e5 t\u00f8rke f\u00f8rst. <\/p>\n<p><img alt=\"FANT SEKKEN: I denne l\u00e5 det en rekke av savnede Steffen Skj\u00f8ttelviks (29) ting, deriblant GPS-enheten hans og et videokamera.  Foto: Royal Canadian Mounted Police (RCMP) \/ Royal Canadian Mounted Police (RCMP)\" class=\"_image_qp4xg_65 layout-component layout-wide\" data-fullscreen- data-track-element-type=\"Article image fullscreen\" data-track-name=\"ImageFullscreen\" fetchpriority=\"high\" decoding=\"sync\" loading=\"eager\" height=\"965\" itemprop=\"image\"  src=\"https:\/\/www.europesays.com\/no\/wp-content\/uploads\/2025\/08\/be9dce1c-9bde-4691-9c58-74a27d2cf3e5\"  style=\"object-position:0% 0%\" width=\"1197\"\/>FANT SEKKEN: I denne l\u00e5 det en rekke av savnede Steffen Skj\u00f8ttelviks (29) ting, deriblant GPS-enheten hans og et videokamera.  Foto: Royal Canadian Mounted Police (RCMP) \/ Royal Canadian Mounted Police (RCMP)<\/p>\n<ul aria-hidden=\"true\" class=\"_images_1y6fe_106\">\n<li><a class=\"_link_1y6fe_111\" href=\"https:\/\/www.vg.no\/forfatter\/synne-eggum-myrvang\" style=\"z-index:1\" title=\"Synne Eggum Myrvang\" rel=\"nofollow noopener\" target=\"_blank\"><img alt=\"Bilde av Synne Eggum Myrvang\" class=\"_image_1y6fe_88\" fetchpriority=\"low\" loading=\"lazy\" decoding=\"async\" itemprop=\"image\"  src=\"https:\/\/www.europesays.com\/no\/wp-content\/uploads\/2025\/08\/1755873728_165_cb0de739-d6fc-42ac-b090-963b122bad0d\"  width=\"480\"\/><\/a><\/li>\n<\/ul>\n<p> Oppdatert fredag 22. august kl. 16:34     <\/p>\n<p class=\"_paragraph_1bvmi_4 _paragraph_xtcu6_10 layout-component text-serif-m layout-normal text-serif-m layout-padded\">\u2013 Vi har g\u00e5tt gjennom<a href=\"https:\/\/www.vg.no\/nyheter\/i\/zAn549\/steffen-skjoettelvik-29-savnet-i-villmarken-naa-starter-leting-etter-nye-gps-spor\" data-track-element-type=\"Link\" data-track-id=\"link:zAn549\" class=\"_link_1bvmi_39\" rel=\"nofollow noopener\" target=\"_blank\"> ryggsekken som ble funnet i g\u00e5r <\/a>og kan bekrefte at den er hans. Der var tingene hans, inkludert GPS-enhetene og et videokamera, sier Paul Manaigre i Royal Mounted Canadian Police til VG. <\/p>\n<p class=\"_paragraph_1bvmi_4 _paragraph_xtcu6_10 layout-component text-serif-m layout-normal text-serif-m layout-padded\">Alt var v\u00e5tt, og det er uvisst hvor lenge det kan ha ligget i vann.<\/p>\n<p class=\"_paragraph_1bvmi_4 _paragraph_xtcu6_10 layout-component text-serif-m layout-normal text-serif-m layout-padded\">\u2013 Vanligvis venter vi i flere dager s\u00e5 ting f\u00e5r t\u00f8rket opp f\u00f8r vi fors\u00f8ker \u00e5 f\u00e5 noen n\u00e6rmere tilgang til innholdet, skriver Manaigre videre til VG. <\/p>\n<p><img alt=\"HAYES RIVER: Dette bildet er tatt ved elvebredden like ved der sekken ble funnet if\u00f8lge politiet, og gir et bilde av hvor bred elven er.   Foto: Royal Canadian Mounted Police (RCMP)\" class=\"_image_qp4xg_65 layout-component layout-normal\" data-fullscreen- data-track-element-type=\"Article image fullscreen\" data-track-name=\"ImageFullscreen\" decoding=\"async\" loading=\"lazy\" height=\"1102\" itemprop=\"image\"  src=\"https:\/\/www.europesays.com\/no\/wp-content\/uploads\/2025\/08\/62f17201-788d-4fc3-a6a3-3840e7a04a35\"  style=\"object-position:0% 0%\" width=\"1197\"\/>HAYES RIVER: Dette bildet er tatt ved elvebredden like ved der sekken ble funnet if\u00f8lge politiet, og gir et bilde av hvor bred elven er.   Foto: Royal Canadian Mounted Police (RCMP)<\/p>\n<p class=\"_paragraph_1bvmi_4 _paragraph_xtcu6_10 layout-component text-serif-m layout-normal text-serif-m layout-padded\">29 \u00e5r gamle Steffen Skj\u00f8ttelvik har bodd to \u00e5r i Canada og forberedt seg p\u00e5 \u00e5 krysse landet til fots. Denne etappen startet han p\u00e5 2. juli, da han forlot Peawanuck i Ontario med de to hundene sine, Bay og Togo.<\/p>\n<p class=\"_paragraph_1bvmi_4 _paragraph_xtcu6_10 layout-component text-serif-m layout-normal text-serif-m layout-padded\"><strong class=\"_strong_1bvmi_25\">Siden torsdag i forrige uke har imidlertid ingen h\u00f8rt fra ham, selv om han skulle m\u00f8te noen i York Factory dagen etterp\u00e5.  <\/strong><\/p>\n<p class=\"_paragraph_1bvmi_4 _paragraph_xtcu6_10 layout-component text-serif-m layout-normal text-serif-m layout-padded\">En st\u00f8rre leteaksjon drevet av b\u00e5de frivillige og offisielle myndigheter har derfor p\u00e5g\u00e5tt i flere dager for \u00e5 finne ham. <\/p>\n<p><img alt=\"SAVNET: Steffen Skj\u00f8ttelvik har allerede bodd to \u00e5r i Canada og planla \u00e5 krysse landet. N\u00e5 har han v\u00e6rt savnet fra den kanadiske villmarken i \u00e9n uke.   Foto: Privat \/ Privat\" class=\"_image_qp4xg_65 layout-component layout-normal\" data-fullscreen- data-track-element-type=\"Article image fullscreen\" data-track-name=\"ImageFullscreen\" decoding=\"async\" loading=\"lazy\" height=\"1498\" itemprop=\"image\"  src=\"https:\/\/www.europesays.com\/no\/wp-content\/uploads\/2025\/08\/5c7aec06-bba1-497f-88fa-78678f0e47cb\"  style=\"object-position:0% 0%\" width=\"1170\"\/>SAVNET: Steffen Skj\u00f8ttelvik har allerede bodd to \u00e5r i Canada og planla \u00e5 krysse landet. N\u00e5 har han v\u00e6rt savnet fra den kanadiske villmarken i \u00e9n uke.   Foto: Privat \/ Privat H\u00f8yvann ved siste GPS-signal<\/p>\n<p class=\"_paragraph_1bvmi_4 _paragraph_xtcu6_10 layout-component text-serif-m layout-normal text-serif-m layout-padded\">Politiet har ogs\u00e5 sjekket tidevannet for det aktuelle omr\u00e5det p\u00e5 tidspunktet det aller siste GPS-signalet fra Skj\u00f8ttelviks Garmin In Reach-enhet ble sendt.<\/p>\n<p class=\"_paragraph_1bvmi_4 _paragraph_xtcu6_10 layout-component text-serif-m layout-normal text-serif-m layout-padded\"><strong class=\"_strong_1bvmi_25\">Signalet er fra klokken 16.06 torsdag i forrige uke, if\u00f8lge politiet.<\/strong><\/p>\n<p class=\"_paragraph_1bvmi_4 _paragraph_xtcu6_10 layout-component text-serif-m layout-normal text-serif-m layout-padded\">\u2013 Den ettermiddagen hadde vannet akkurat v\u00e6rt p\u00e5 topp og var p\u00e5 vei nedover. Det kan ha gjort elven b\u00e5de dyp og med sterk str\u00f8m, skriver Manaigre. <\/p>\n<p class=\"_paragraph_1bvmi_4 _paragraph_xtcu6_10 layout-component text-serif-m layout-normal text-serif-m layout-padded\">Han har delt dette bildet av tidevannsdata fra tidspunktet for det siste GPS-signalet:<\/p>\n<p><img alt=\"Foto: RCMP\" class=\"_image_qp4xg_65 layout-component layout-normal\" data-fullscreen- data-track-element-type=\"Article image fullscreen\" data-track-name=\"ImageFullscreen\" decoding=\"async\" loading=\"lazy\" height=\"1624\" itemprop=\"image\"  src=\"https:\/\/www.europesays.com\/no\/wp-content\/uploads\/2025\/08\/bd7222ce-d92e-421f-aafe-efb9363b8082\"  style=\"object-position:0% 0%\" width=\"750\"\/>Foto: RCMP S\u00f8k fortsetter fredag<\/p>\n<p class=\"_paragraph_1bvmi_4 _paragraph_xtcu6_10 layout-component text-serif-m layout-normal text-serif-m layout-padded\">Fredag fortsatte s\u00f8ket etter den savnede nordmannen etter at dagslyset kom. Omr\u00e5det ligger i en tidssone seks timer bak Norge. <\/p>\n<p class=\"_paragraph_1bvmi_4 _paragraph_xtcu6_10 layout-component text-serif-m layout-normal text-serif-m layout-padded\">Familiens pressetalsperson Christian Dyresen forteller at det i tillegg til b\u00e5de helikopter, b\u00e5t og mannskap til fots, ogs\u00e5 vil bli brukt droner fredag. <\/p>\n<p class=\"_paragraph_1bvmi_4 _paragraph_xtcu6_10 layout-component text-serif-m layout-normal text-serif-m layout-padded\">\u2013 Som Lars Monsen og vi alle sier, har vi h\u00e5p om \u00e5 gj\u00f8re et funn og finne ham i live, men familien innser at h\u00e5pet svinner time for time, <a href=\"https:\/\/www.vg.no\/nyheter\/i\/zAn549\/steffen-skjoettelvik-29-savnet-i-villmarken-naa-starter-leting-etter-nye-gps-spor\" data-track-element-type=\"Link\" data-track-id=\"link:zAn549\" class=\"_link_1bvmi_39\" rel=\"nofollow noopener\" target=\"_blank\">sa han til VG tidligere fredag. <\/a><\/p>\n<p><img alt=\"KLAR FOR NYE S\u00d8K: Dette bildet viser helikopteret som brukes i s\u00f8ket - her rett f\u00f8r det fl\u00f8y til leteomr\u00e5det ved daggry torsdag.   Foto: David Matthews\" class=\"_image_qp4xg_65 layout-component layout-normal\" data-fullscreen- data-track-element-type=\"Article image fullscreen\" data-track-name=\"ImageFullscreen\" decoding=\"async\" loading=\"lazy\" height=\"2048\" itemprop=\"image\"  src=\"https:\/\/www.europesays.com\/no\/wp-content\/uploads\/2025\/08\/9b6b321a-4f70-4184-b939-bc51310df629\"  style=\"object-position:0% 0%\" width=\"1536\"\/>KLAR FOR NYE S\u00d8K: Dette bildet viser helikopteret som brukes i s\u00f8ket &#8211; her rett f\u00f8r det fl\u00f8y til leteomr\u00e5det ved daggry torsdag.   Foto: David Matthews<\/p>\n<p class=\"_paragraph_1bvmi_4 _paragraph_xtcu6_10 layout-component text-serif-m layout-normal text-serif-m layout-padded\"><strong class=\"_strong_1bvmi_25\">Skj\u00f8ttelviks lokalkirke Holmsbu holder \u00e5pent fra klokken 17\u201319 fredag kveld for alle som vil samles i h\u00e5pet.<\/strong><\/p>\n<p>    <img decoding=\"async\" alt=\"Tips oss illustrasjon\" width=\"62px\" height=\"auto\" src=\"https:\/\/www.europesays.com\/no\/wp-content\/uploads\/2025\/08\/1754784428_95_W9avJzE.png\"\/>    <\/p>\n<p class=\"title-serif-s\">Har du tips til oss?<\/p>\n<p class=\"text-sans-m\">Send oss informasjon, bilder eller video<\/p>\n<p>  <a href=\"https:\/\/www.vg.no\/tips-oss\" rel=\"nofollow noopener\" target=\"_blank\"> Tips oss <\/a>      <\/p>\n","protected":false},"excerpt":{"rendered":"Politiet har enn\u00e5 ikke fors\u00f8kt \u00e5 g\u00e5 gjennom innholdet fordi det m\u00e5 t\u00f8rke f\u00f8rst. FANT SEKKEN: I denne&hellip;\n","protected":false},"author":2,"featured_media":15235,"comment_status":"","ping_status":"","sticky":false,"template":"","format":"standard","meta":{"footnotes":""},"categories":[5],"tags":[31,20,21,24,25,15,19,22,23,17,18,13,30,28,29,14,16,26,27],"class_list":{"0":"post-15234","1":"post","2":"type-post","3":"status-publish","4":"format-standard","5":"has-post-thumbnail","7":"category-overskrifter","8":"tag-breaking","9":"tag-breaking-news","10":"tag-breakingnews","11":"tag-featured-news","12":"tag-featurednews","13":"tag-headlines","14":"tag-hovedoppslag","15":"tag-latest-news","16":"tag-latestnews","17":"tag-main-news","18":"tag-mainnews","19":"tag-news","20":"tag-no","21":"tag-norge","22":"tag-norway","23":"tag-nyheter","24":"tag-overskrifter","25":"tag-top-stories","26":"tag-topstories"},"share_on_mastodon":{"url":"","error":""},"_links":{"self":[{"href":"https:\/\/www.europesays.com\/no\/wp-json\/wp\/v2\/posts\/15234","targetHints":{"allow":["GET"]}}],"collection":[{"href":"https:\/\/www.europesays.com\/no\/wp-json\/wp\/v2\/posts"}],"about":[{"href":"https:\/\/www.europesays.com\/no\/wp-json\/wp\/v2\/types\/post"}],"author":[{"embeddable":true,"href":"https:\/\/www.europesays.com\/no\/wp-json\/wp\/v2\/users\/2"}],"replies":[{"embeddable":true,"href":"https:\/\/www.europesays.com\/no\/wp-json\/wp\/v2\/comments?post=15234"}],"version-history":[{"count":0,"href":"https:\/\/www.europesays.com\/no\/wp-json\/wp\/v2\/posts\/15234\/revisions"}],"wp:featuredmedia":[{"embeddable":true,"href":"https:\/\/www.europesays.com\/no\/wp-json\/wp\/v2\/media\/15235"}],"wp:attachment":[{"href":"https:\/\/www.europesays.com\/no\/wp-json\/wp\/v2\/media?parent=15234"}],"wp:term":[{"taxonomy":"category","embeddable":true,"href":"https:\/\/www.europesays.com\/no\/wp-json\/wp\/v2\/categories?post=15234"},{"taxonomy":"post_tag","embeddable":true,"href":"https:\/\/www.europesays.com\/no\/wp-json\/wp\/v2\/tags?post=15234"}],"curies":[{"name":"wp","href":"https:\/\/api.w.org\/{rel}","templated":true}]}}