{"id":152357,"date":"2026-01-31T20:39:07","date_gmt":"2026-01-31T20:39:07","guid":{"rendered":"https:\/\/www.europesays.com\/no\/152357\/"},"modified":"2026-01-31T20:39:07","modified_gmt":"2026-01-31T20:39:07","slug":"arets-store-fargetrend-tar-over-gatene-i-kobenhavn","status":"publish","type":"post","link":"https:\/\/www.europesays.com\/no\/152357\/","title":{"rendered":"\u00c5rets store fargetrend tar over gatene i K\u00f8benhavn"},"content":{"rendered":"<p class=\"kicker \" style=\"\">Moteuken i K\u00f8benhavn:<\/p>\n<p>    Det er s\u00e6rlig \u00e9n farge alle vil ha n\u00e5.<\/p>\n<p>\n    MOTEUKEN I K\u00d8BENHAVN. Det er s\u00e6rlig \u00e9n farge alle vil ha n\u00e5. FOTO: Noor-u-nisa-Khan\n  <\/p>\n<p>Moteuken i K\u00f8benhavn er i full gang, og i gatemoten bugner det over av inspirasjon. Blant \u00e5rets gatemote-trender ser vi store jakker, fuskepelser og skinn &#8211; for \u00e5 nevne noe.<\/p>\n<p>&#8211; Det vet vi blir en av de virkelig store trendene i \u00e5r, sier moteansvarlig i KK, Ida Elise Eide Einarsdottir.\u00a0<\/p>\n<p>    <a itemprop=\"url\" href=\"https:\/\/www.kk.no\/mote\/dette-blir-en-av-de-store-trendene-i-ar\/84160285\" rel=\"nofollow noopener\" target=\"_blank\"><\/p>\n<p>        <img loading=\"lazy\" decoding=\"async\" src=\"https:\/\/www.europesays.com\/no\/wp-content\/uploads\/2026\/01\/84160314.webp.webp\" width=\"980\" height=\"441\" title=\"- Dette blir en av de store trendene i \u00e5r\" alt=\"\" class=\"lazyload\" style=\"--aspect-ratio-image: 2.22; \"\/><\/p>\n<p>        &#8211; Dette blir en av de store trendene i \u00e5r<\/p>\n<p>    <\/a><\/p>\n<p class=\"font-weight-bold m-font-weight-bold\" data-lab-font_weight=\"font-weight-bold\">Men i tillegg til dette, er det ogs\u00e5 \u00e9n spesiell farge som dominerer \u00e5rets gatemote.\u00a0<\/p>\n<p>Ved \u00e5 tilf\u00f8re en farge som popper, binder du antrekket sammen. Det er et velkjent stylingtriks. Og det er akkurat det flere gj\u00f8r denne sesongen &#8211; n\u00e5 med\u00a0brennende r\u00f8dt. En farge som er, og forblir, en innertier. Og ogs\u00e5 p\u00e5 moten.<\/p>\n<p>    <a itemprop=\"url\" href=\"https:\/\/www.kk.no\/mote\/slik-styler-du-kk-genseren-1\/84104225\" rel=\"nofollow noopener\" target=\"_blank\"><\/p>\n<p>        <img loading=\"lazy\" decoding=\"async\" src=\"https:\/\/www.europesays.com\/no\/wp-content\/uploads\/2026\/01\/84104255.webp.webp\" width=\"980\" height=\"441\" title=\"Slik styler du KK-genseren\" alt=\"\" class=\"lazyload\" style=\"--aspect-ratio-image: 2.22; \"\/><\/p>\n<p>        Slik styler du KK-genseren<\/p>\n<p>    <\/a><\/p>\n<p>\u2013 R\u00f8dt var en stor trend i fjor, og blir med oss videre i \u00e5r. Det er noe befriende over fargen, som signaliserer styrke, fremtidstro og optimisme. Kanskje er det det vi trenger n\u00e5, sier moteansvarlig i KK, Ida Elise Eide Einarsd\u00f3ttir.<\/p>\n<p>Og skal vi tro gjestene som er til stedet under moteuken i K\u00f8benhavn, er de enige. \u00c5rets store fargetrend er lett \u00e5 elske &#8211; og den gj\u00f8r at man skiller seg litt ut.\u00a0<\/p>\n<p>&#8211; Kler man seg i r\u00f8dt forsvinner man aldri i mengden, og det gjelder ogs\u00e5 for moteukene. Og her er det MANGE som konkurrerer om oppmerksomheten. Men det er noe med r\u00f8dt som blir et blikkfang uansett hvordan du bruker det, sier KKs ansvarlige redakt\u00f8r, Ingeborg Heldal og legger til:\u00a0<\/p>\n<p>&#8211; Med et m\u00f8rkt bakteppe i verden tror jeg mange trenger det lille l\u00f8ftet som en farge som r\u00f8dt gir, du blir i godt hum\u00f8r av farger og det skal man ikke undervurdere i disse dager.<\/p>\n<p>    <a itemprop=\"url\" href=\"https:\/\/www.kk.no\/mote\/ja-vi-elsker-denne-trenden\/83781053\" rel=\"nofollow noopener\" target=\"_blank\"><\/p>\n<p>        <img loading=\"lazy\" decoding=\"async\" src=\"https:\/\/www.europesays.com\/no\/wp-content\/uploads\/2026\/01\/83807674.webp.webp\" width=\"980\" height=\"441\" title=\"Ja, vi elsker denne trenden!\" alt=\"\" class=\"lazyload\" style=\"--aspect-ratio-image: 2.22; \"\/><\/p>\n<p>        Ja, vi elsker denne trenden!<\/p>\n<p>    <\/a><\/p>\n<p>Vi ser mange ulike r\u00f8de toner i motebildet, og selv om burgunder har v\u00e6rt en stor trendfarge det siste \u00e5ret, er det n\u00e5 den knallr\u00f8de nyansen folk vil ha. En klar og intens r\u00f8d tone sp\u00e5s \u00e5 dominere videre inn i 2026 \u2013 til alt fra ytterplagg, tilbeh\u00f8r og festantrekk.\u00a0<\/p>\n<p>        MOTE: Det ble bydd p\u00e5 masse streetstyle i K\u00f8benhavn under moteuka 2026 \u2013 ta del i den her! Video: AllerMedia\/Anna Larsson<\/p>\n<p>    <a itemprop=\"url\" href=\"https:\/\/www.kk.no\/mote\/er-vi-ferdig-med-denne-trenden-1\/81689565\" rel=\"nofollow noopener\" target=\"_blank\"><\/p>\n<p>        <img loading=\"lazy\" decoding=\"async\" src=\"https:\/\/www.europesays.com\/no\/wp-content\/uploads\/2026\/01\/81690202.webp.webp\" width=\"980\" height=\"441\" title=\"Er vi ferdig med denne trenden?\" alt=\"\" class=\"lazyload\" style=\"--aspect-ratio-image: 2.22; \"\/><\/p>\n<p>        Er vi ferdig med denne trenden? <\/p>\n<p>    <\/a><\/p>\n<p>        <img loading=\"lazy\" decoding=\"async\" src=\"https:\/\/www.europesays.com\/no\/wp-content\/uploads\/2026\/01\/84165861.webp.webp\" width=\"559\" height=\"526\" title=\"MOTEUKEN I K\u00d8BENHAVN. FOTO: Noor-u-nisa-Khan\" alt=\"\" class=\"\" style=\"--aspect-ratio-image: 1.06; \"\/><\/p>\n<p>\n        MOTEUKEN I K\u00d8BENHAVN. FOTO: Noor-u-nisa-Khan\n    <\/p>\n<p>        <img loading=\"lazy\" decoding=\"async\" src=\"https:\/\/www.europesays.com\/no\/wp-content\/uploads\/2026\/01\/84165862.webp.webp\" width=\"559\" height=\"615\" title=\"MOTEUKEN I K\u00d8BENHAVN. FOTO: Noor-u-nisa-Khan\" alt=\"\" class=\"\" style=\"--aspect-ratio-image: 0.91; \"\/><\/p>\n<p>\n        MOTEUKEN I K\u00d8BENHAVN. FOTO: Noor-u-nisa-Khan\n    <\/p>\n<p>        <img loading=\"lazy\" decoding=\"async\" src=\"https:\/\/www.europesays.com\/no\/wp-content\/uploads\/2026\/01\/84162812.webp.webp\" width=\"559\" height=\"459\" title=\"MOTEUKEN I K\u00d8BENHAVN. FOTO: Noor-u-nisa-Khan\" alt=\"\" class=\"\" style=\"--aspect-ratio-image: 1.22; \"\/><\/p>\n<p>\n        MOTEUKEN I K\u00d8BENHAVN. FOTO: Noor-u-nisa-Khan\n    <\/p>\n<p>        <img loading=\"lazy\" decoding=\"async\" src=\"https:\/\/www.europesays.com\/no\/wp-content\/uploads\/2026\/01\/84162809.webp.webp\" width=\"559\" height=\"414\" title=\"MOTEUKEN I K\u00d8BENHAVN. FOTO: Noor-u-nisa-Khan\" alt=\"\" class=\"\" style=\"--aspect-ratio-image: 1.35; \"\/><\/p>\n<p>\n        MOTEUKEN I K\u00d8BENHAVN. FOTO: Noor-u-nisa-Khan\n    <\/p>\n<p>        <img loading=\"lazy\" decoding=\"async\" src=\"https:\/\/www.europesays.com\/no\/wp-content\/uploads\/2026\/01\/84162811.webp.webp\" width=\"559\" height=\"448\" title=\"MOTEUKEN I K\u00d8BENHAVN. FOTO: Noor-u-nisa-Khan\" alt=\"\" class=\"\" style=\"--aspect-ratio-image: 1.25; \"\/><\/p>\n<p>\n        MOTEUKEN I K\u00d8BENHAVN. FOTO: Noor-u-nisa-Khan\n    <\/p>\n<p>        <img loading=\"lazy\" decoding=\"async\" src=\"https:\/\/www.europesays.com\/no\/wp-content\/uploads\/2026\/01\/84162810.webp.webp\" width=\"559\" height=\"369\" title=\"MOTEUKEN I K\u00d8BENHAVN. FOTO: Noor-u-nisa-Khan\" alt=\"\" class=\"\" style=\"--aspect-ratio-image: 1.51; \"\/><\/p>\n<p>\n        MOTEUKEN I K\u00d8BENHAVN. FOTO: Noor-u-nisa-Khan\n    <\/p>\n","protected":false},"excerpt":{"rendered":"Moteuken i K\u00f8benhavn: Det er s\u00e6rlig \u00e9n farge alle vil ha n\u00e5. MOTEUKEN I K\u00d8BENHAVN. Det er s\u00e6rlig&hellip;\n","protected":false},"author":2,"featured_media":152358,"comment_status":"","ping_status":"","sticky":false,"template":"","format":"standard","meta":{"footnotes":"","_share_on_mastodon":"0"},"categories":[58],"tags":[71,7057,4024,7284,30,28,29,1553,72],"class_list":["post-152357","post","type-post","status-publish","format-standard","has-post-thumbnail","category-underholdning","tag-entertainment","tag-farger","tag-mote","tag-moteuken-i-kobenhavn","tag-no","tag-norge","tag-norway","tag-rodt","tag-underholdning"],"share_on_mastodon":{"url":"https:\/\/pubeurope.com\/@no\/115991646325359562","error":""},"_links":{"self":[{"href":"https:\/\/www.europesays.com\/no\/wp-json\/wp\/v2\/posts\/152357","targetHints":{"allow":["GET"]}}],"collection":[{"href":"https:\/\/www.europesays.com\/no\/wp-json\/wp\/v2\/posts"}],"about":[{"href":"https:\/\/www.europesays.com\/no\/wp-json\/wp\/v2\/types\/post"}],"author":[{"embeddable":true,"href":"https:\/\/www.europesays.com\/no\/wp-json\/wp\/v2\/users\/2"}],"replies":[{"embeddable":true,"href":"https:\/\/www.europesays.com\/no\/wp-json\/wp\/v2\/comments?post=152357"}],"version-history":[{"count":0,"href":"https:\/\/www.europesays.com\/no\/wp-json\/wp\/v2\/posts\/152357\/revisions"}],"wp:featuredmedia":[{"embeddable":true,"href":"https:\/\/www.europesays.com\/no\/wp-json\/wp\/v2\/media\/152358"}],"wp:attachment":[{"href":"https:\/\/www.europesays.com\/no\/wp-json\/wp\/v2\/media?parent=152357"}],"wp:term":[{"taxonomy":"category","embeddable":true,"href":"https:\/\/www.europesays.com\/no\/wp-json\/wp\/v2\/categories?post=152357"},{"taxonomy":"post_tag","embeddable":true,"href":"https:\/\/www.europesays.com\/no\/wp-json\/wp\/v2\/tags?post=152357"}],"curies":[{"name":"wp","href":"https:\/\/api.w.org\/{rel}","templated":true}]}}