{"id":15242,"date":"2025-08-22T14:48:07","date_gmt":"2025-08-22T14:48:07","guid":{"rendered":"https:\/\/www.europesays.com\/no\/15242\/"},"modified":"2025-08-22T14:48:07","modified_gmt":"2025-08-22T14:48:07","slug":"trafikkuhell-bilbrann-overtent-lastebil-stenger-trafikken-pa-e6","status":"publish","type":"post","link":"https:\/\/www.europesays.com\/no\/15242\/","title":{"rendered":"Trafikkuhell, Bilbrann | Overtent lastebil stenger trafikken p\u00e5 E6"},"content":{"rendered":"\n<p>\u2013 En lastebil er i full fyr. E6 er stengt i s\u00f8rg\u00e5ende ved Vestby s\u00f8r og i nordg\u00e5ende ved Sonsveien. Omkj\u00f8ring er Osloveien, skriver operasjonsleder H\u00e5kon Nilsen i politiloggen.<\/p>\n<p>Lastebilen st\u00e5r rett nord for Follotunnelen.<\/p>\n<p>Brannvesenet er p\u00e5 plass og har startet slukking like f\u00f8r klokken 14:50.<\/p>\n<p>Operasjonsleder Nikolai Gran\u00e5s Mathisen opplyser til <a rel=\"noopener nofollow\" href=\"https:\/\/www.aid.no\/aid\/feil\/innlogging?error=create-session&amp;site_domain=www.vestbyavis.no\" target=\"_blank\">Vestby Avis<\/a> at det brenner i tilhengeren til en trailer. Flere personer skal ha pr\u00f8vd \u00e5 slukke brannen, men uten hell. De skal sjekkes av helsepersonell for \u00e5 se om de har f\u00e5tt i seg r\u00f8yk.<\/p>\n<p>Ogs\u00e5 Oslofjordtunnelen er stengt i retning mot Dr\u00f8bak p\u00e5 grunn av en stanset lastebil, opplyser Vegtrafikksentralen.<\/p>\n<p><b>Klokken 15.45 melder politiet at brannen er slukket,og nordg\u00e5ende felt p\u00e5 E6 er \u00e5pnet. I sydg\u00e5ende l\u00f8p er det omkj\u00f8ring via Oslo veien.<\/b><\/p>\n<p>(\u00a9NTB)<\/p>\n<p>Les mer om: artikkelemnene<\/p>\n","protected":false},"excerpt":{"rendered":"\u2013 En lastebil er i full fyr. E6 er stengt i s\u00f8rg\u00e5ende ved Vestby s\u00f8r og i nordg\u00e5ende&hellip;\n","protected":false},"author":2,"featured_media":15243,"comment_status":"","ping_status":"","sticky":false,"template":"","format":"standard","meta":{"footnotes":""},"categories":[10],"tags":[36,2890,20,21,24,25,15,22,23,13,30,28,29,14,16,1510,26,27,224,2889],"class_list":{"0":"post-15242","1":"post","2":"type-post","3":"status-publish","4":"format-standard","5":"has-post-thumbnail","7":"category-norge","8":"tag-art","9":"tag-bilbrann","10":"tag-breaking-news","11":"tag-breakingnews","12":"tag-featured-news","13":"tag-featurednews","14":"tag-headlines","15":"tag-latest-news","16":"tag-latestnews","17":"tag-news","18":"tag-no","19":"tag-norge","20":"tag-norway","21":"tag-nyheter","22":"tag-overskrifter","23":"tag-story","24":"tag-top-stories","25":"tag-topstories","26":"tag-trafikk","27":"tag-trafikkuhell"},"share_on_mastodon":{"url":"","error":""},"_links":{"self":[{"href":"https:\/\/www.europesays.com\/no\/wp-json\/wp\/v2\/posts\/15242","targetHints":{"allow":["GET"]}}],"collection":[{"href":"https:\/\/www.europesays.com\/no\/wp-json\/wp\/v2\/posts"}],"about":[{"href":"https:\/\/www.europesays.com\/no\/wp-json\/wp\/v2\/types\/post"}],"author":[{"embeddable":true,"href":"https:\/\/www.europesays.com\/no\/wp-json\/wp\/v2\/users\/2"}],"replies":[{"embeddable":true,"href":"https:\/\/www.europesays.com\/no\/wp-json\/wp\/v2\/comments?post=15242"}],"version-history":[{"count":0,"href":"https:\/\/www.europesays.com\/no\/wp-json\/wp\/v2\/posts\/15242\/revisions"}],"wp:featuredmedia":[{"embeddable":true,"href":"https:\/\/www.europesays.com\/no\/wp-json\/wp\/v2\/media\/15243"}],"wp:attachment":[{"href":"https:\/\/www.europesays.com\/no\/wp-json\/wp\/v2\/media?parent=15242"}],"wp:term":[{"taxonomy":"category","embeddable":true,"href":"https:\/\/www.europesays.com\/no\/wp-json\/wp\/v2\/categories?post=15242"},{"taxonomy":"post_tag","embeddable":true,"href":"https:\/\/www.europesays.com\/no\/wp-json\/wp\/v2\/tags?post=15242"}],"curies":[{"name":"wp","href":"https:\/\/api.w.org\/{rel}","templated":true}]}}