{"id":15246,"date":"2025-08-22T14:54:25","date_gmt":"2025-08-22T14:54:25","guid":{"rendered":"https:\/\/www.europesays.com\/no\/15246\/"},"modified":"2025-08-22T14:54:25","modified_gmt":"2025-08-22T14:54:25","slug":"forvaltere-kritiske-til-helge-lund","status":"publish","type":"post","link":"https:\/\/www.europesays.com\/no\/15246\/","title":{"rendered":"Forvaltere kritiske til Helge Lund"},"content":{"rendered":"<p><img decoding=\"async\" class=\"lazyload \" src=\"https:\/\/www.europesays.com\/no\/wp-content\/uploads\/2025\/08\/1755874457_372_pipe\"  data- alt=\"\"\/><\/p>\n<p>KRITISK: Fondsforvalter Karl Storvik i Eika Norden. <strong>Foto: Iv\u00e1n Kverme<\/strong><\/p>\n<p>Eika-forvalter Karl Storvik er kritisk til hvordan prosessen rundt avgangen til tidligere Novo-sjef Lars Fruergaard J\u00f8rgensen ble h\u00e5ndtert, melder <a href=\"https:\/\/www.dn.no\/bors\/forvalter-ut-mot-novo-styreleder-helge-lund-hjelper-ikke-pa-tilliten\/2-1-1858705\" rel=\"nofollow noopener\" target=\"_blank\">DN<\/a>.<\/p>\n<p><b>\u2013 Styret og styreleder har ansvar for utnevnelse av ny konsernsjef. Denne prosessen virket rotete sett fra utsiden, og det er klart at dette ikke hjelper p\u00e5 tilliten til Lund, sier Storvik.<\/b><\/p>\n<p>Han peker samtidig p\u00e5 at selskapet m\u00e5 gjenvinne posisjonen som aksjon\u00e6rvennlig.<\/p>\n<p>\u2013 Til slutt m\u00e5 selskapet re-etablere seg som aksjon\u00e6rvennlig. Selskapet er midt i et stort capex-program, men med mer \u00abnormalisert\u00bb capex begynner den frie kontantstr\u00f8mmen \u00e5 se sterk ut. Dette b\u00f8r g\u00e5 til utbytter og tilbakekj\u00f8p, sier Storvik til DN.<\/p>\n<p><img decoding=\"async\" class=\"lazyload \" src=\"https:\/\/www.europesays.com\/no\/wp-content\/uploads\/2025\/08\/1755874465_716_pipe\"  data- alt=\"\"\/><\/p>\n<p>OVERDREVENT KURSFALL: Portef\u00f8ljeforvalter Thomas Nielsen i First Fondene har kj\u00f8pt Novo-aksjer i sommer. <strong>Foto: Iv\u00e1n Kverme<\/strong><\/p>\n<p>Ogs\u00e5 Thomas Nielsen i First Fondene er tydelig overfor avisen p\u00e5 at styret og ledelsen ikke har gjort nok for \u00e5 m\u00f8te konkurransen.<\/p>\n<p><b>\u2013 Man m\u00e5 v\u00e6re forberedt p\u00e5 at ting skjer fort, n\u00e5r det kommer nye konkurrenter til, enten det er lovlige eller ulovlige akt\u00f8rer. Den styrken har ikke Novo hatt. Om det er Helge Lunds feil vet jeg ikke, men som styreleder for et selskap m\u00e5 man v\u00e6re forberedt p\u00e5 det, sier Nielsen til DN.<\/b><\/p>\n<p>Han mener kursfallet p\u00e5 rundt 70 prosent er overdrevet, men stiller sp\u00f8rsm\u00e5l ved om Lund og styret har reagert raskt nok.<\/p>\n<p class=\"subhead\" data-element-type=\"subhead\" data-element-label=\"Mellomtittel\">Sterk august<\/p>\n<p>Den danske legemiddelkjempen har f\u00e5tt et l\u00f8ft i august, mye p\u00e5 bekostning av Eli Lilly.\u00a0<\/p>\n<p>I starten av august var forskningsresultater fra en fase 3-studie til Eli Lilly langt svakere enn hva Wall Street hadde h\u00e5pet p\u00e5 det. Selv om det i utgangspunktet var negativt for det amerikanske selskapet, var det med p\u00e5 \u00e5 snu sentimentet rundt Novo Nordisk, som siden har steget over 20 prosent.\u00a0<\/p>\n<p>I tillegg har Eli Lilly varslet en pris\u00f8kning p\u00e5 opptil 170 prosent p\u00e5 slankemedisinen Mounjaro i Storbritannia. Dette har f\u00f8rt til en massiv \u00f8kning i ettersp\u00f8rselen etter Novos slankemedisin Wegovy i stedet for, hvorav noen steder ble det rapportert om en tidobling i ettersp\u00f8rselen etter danskenes produkter.\u00a0<\/p>\n<p>Dette har bidratt til at flere n\u00e5 ser positivt p\u00e5 den danske aksjen igjen, etter godt over et halv\u00e5r med nedtur p\u00e5 b\u00f8rsen. Jyske Bank oppdaterte torsdag analysen sin av aksjen, ga selskapet en kj\u00f8psanbefaling og et kursm\u00e5l p\u00e5 525 kroner pr. aksje, noe som torsdag formiddag tilsvarte en oppside p\u00e5 50 prosent.\u00a0<\/p>\n<p>I tillegg er det svenske meglerhuset SEB ogs\u00e5 sv\u00e6rt optimistisk p\u00e5 danskenes vegne. De kom med en oppdatering tidligere i uken, der de satte kursm\u00e5let til 625 kroner pr. aksje, som tilsvarer en oppside p\u00e5 78 prosent fra torsdag formiddag.<\/p>\n","protected":false},"excerpt":{"rendered":"KRITISK: Fondsforvalter Karl Storvik i Eika Norden. Foto: Iv\u00e1n Kverme Eika-forvalter Karl Storvik er kritisk til hvordan prosessen&hellip;\n","protected":false},"author":2,"featured_media":15247,"comment_status":"","ping_status":"","sticky":false,"template":"","format":"standard","meta":{"footnotes":""},"categories":[56],"tags":[60,61,2891,2892,62,30,28,29,2893],"class_list":{"0":"post-15246","1":"post","2":"type-post","3":"status-publish","4":"format-standard","5":"has-post-thumbnail","7":"category-naeringsliv","8":"tag-business","9":"tag-economy","10":"tag-helge-lund","11":"tag-karl-storvik","12":"tag-naeringsliv","13":"tag-no","14":"tag-norge","15":"tag-norway","16":"tag-thomas-nielsen"},"share_on_mastodon":{"url":"","error":""},"_links":{"self":[{"href":"https:\/\/www.europesays.com\/no\/wp-json\/wp\/v2\/posts\/15246","targetHints":{"allow":["GET"]}}],"collection":[{"href":"https:\/\/www.europesays.com\/no\/wp-json\/wp\/v2\/posts"}],"about":[{"href":"https:\/\/www.europesays.com\/no\/wp-json\/wp\/v2\/types\/post"}],"author":[{"embeddable":true,"href":"https:\/\/www.europesays.com\/no\/wp-json\/wp\/v2\/users\/2"}],"replies":[{"embeddable":true,"href":"https:\/\/www.europesays.com\/no\/wp-json\/wp\/v2\/comments?post=15246"}],"version-history":[{"count":0,"href":"https:\/\/www.europesays.com\/no\/wp-json\/wp\/v2\/posts\/15246\/revisions"}],"wp:featuredmedia":[{"embeddable":true,"href":"https:\/\/www.europesays.com\/no\/wp-json\/wp\/v2\/media\/15247"}],"wp:attachment":[{"href":"https:\/\/www.europesays.com\/no\/wp-json\/wp\/v2\/media?parent=15246"}],"wp:term":[{"taxonomy":"category","embeddable":true,"href":"https:\/\/www.europesays.com\/no\/wp-json\/wp\/v2\/categories?post=15246"},{"taxonomy":"post_tag","embeddable":true,"href":"https:\/\/www.europesays.com\/no\/wp-json\/wp\/v2\/tags?post=15246"}],"curies":[{"name":"wp","href":"https:\/\/api.w.org\/{rel}","templated":true}]}}