{"id":1526,"date":"2025-08-07T11:44:15","date_gmt":"2025-08-07T11:44:15","guid":{"rendered":"https:\/\/www.europesays.com\/no\/1526\/"},"modified":"2025-08-07T11:44:15","modified_gmt":"2025-08-07T11:44:15","slug":"tonsberg-domkirke-gaza-kirkeklokkene-ringer-pa-torsdag-av-en-spesiell-grunn","status":"publish","type":"post","link":"https:\/\/www.europesays.com\/no\/1526\/","title":{"rendered":"T\u00f8nsberg Domkirke, Gaza | Kirkeklokkene ringer p\u00e5 torsdag av en spesiell grunn"},"content":{"rendered":"\n<p>Torsdag 7. august vil det ringes i kirkeklokkene til T\u00f8nsberg domkirke.<\/p>\n<p><b>\u2013 Klokken 15.00 ringer klokkene for sivilbefolkningen som lider i Gaza, skriver Tunsberg bisped\u00f8mme i en pressemelding. <\/b><\/p>\n<p>Oppfordringen kommer fra biskopene i Den norske kirke, som ber landets kirker om \u00e5 la kirkeklokkene lyde.<\/p>\n<p>\u2013 Flere kirker i Tunsberg bisped\u00f8mme tar ogs\u00e5 oppfordringen \u2013 sammen med v\u00e5r s\u00f8sterkirke i Palestina og det hellige land, Svenska kyrkjan og kirken i Finland.<\/p>\n<p>\u00c5pen kirke<\/p>\n<p>Fra kl. 11.00 til 15.00 p\u00e5 torsdag \u00e5pner domkirken sine d\u00f8rer for de som \u00f8nsker \u00e5 delta.<\/p>\n<p><b>\u2013 Klokken 14.45 blir det b\u00f8nn for Gaza med p\u00e5f\u00f8lgende lystenning og klokkeringing. Det vil ogs\u00e5 spilles musikk i kirkerommet, skriver Tunsberg bisped\u00f8mme. <\/b><\/p>\n<p>\u2013 I T\u00f8nsberg er det stort engasjement for \u00e5 delta i denne viktige markeringen. Det vil ringes i by og land, langs kysten og p\u00e5 fjellet, og flere vil ha \u00e5pne kirker, sier Kristoffer L\u00f8nningen T\u00f8rressen, fungerende biskop i Tunsberg bisped\u00f8mme og prost i Ringerike prosti. <\/p>\n<p>   <img decoding=\"async\" width=\"4032\" height=\"3024\" fetchpriority=\"low\"  loading=\"lazy\"  src=\"https:\/\/www.europesays.com\/no\/wp-content\/uploads\/2025\/08\/IMG_6625.JPG\" alt=\"\" class=\"brick-c-cFOWSL\" style=\"--brick-image-ratio: 4032 \/ 3024;\"\/><\/p>\n<p>    DEMONSTRERTE: Det ble sist demonstrert for Gaza 16. juni, her stod de langs Smidsr\u00f8dveien med plakater.<br \/>\n    Foto: Sindre \u00d8en\n  <\/p>\n<p>  \u2013 Kan ikke v\u00e6re tause<\/p>\n<p>Bisped\u00f8mmet skriver at klokkeringingen skjer som en reaksjon p\u00e5 de daglige nyhetsmeldingene om en stadig forverret situasjon i Gaza, som allerede er en humanit\u00e6r katastrofe.<\/p>\n<p><b>\u2013 Med over 60 000 d\u00f8de i Gaza, kjenner vi alle p\u00e5 et kall og et behov for \u00e5 gj\u00f8re noe, sier preses i Den norske kirke Olav Fykse Tveit. <\/b><\/p>\n<p>For de som f\u00f8ler seg maktesl\u00f8se og fortvilet over Gaza, tror T\u00f8rressen at denne markeringen kan tilby en form for st\u00f8tte og mening.<\/p>\n<p><b>\u2013 N\u00e5r klokkene ringer og kirkene \u00e5pnes, blir det mulighet for \u00e5 gj\u00f8re noe konkret. Sammen kan vi st\u00e5 opp for urett, be sammen og tenne lys i m\u00f8rket, sier han. <\/b><\/p>\n<p>  <a href=\"https:\/\/www.tb.no\/5-76-2611070\" class=\"related-teaser has-image default-story-teaser article--c-eRUmMG article--c-eRUmMG-jKCPdD-design-default\" rel=\"nofollow noopener\" target=\"_blank\"><\/p>\n<p>    <img decoding=\"async\" loading=\"lazy\"  src=\"https:\/\/www.europesays.com\/no\/wp-content\/uploads\/2025\/08\/1754567055_121_IMG_6625.JPG\" alt=\"\" class=\"brick-c-cFOWSL\" style=\"\"\/><\/p>\n<p>\n            Les ogs\u00e5<\/p>\n<p>              Demonstrerte p\u00e5 Smidsr\u00f8dveien: \u2013 Ingen b\u00f8r v\u00e6re stille\n        <\/p>\n<p>  <\/a><\/p>\n<p>  <a href=\"https:\/\/www.tb.no\/5-76-2647849\" class=\"related-teaser has-image default-story-teaser article--c-eRUmMG article--c-eRUmMG-jKCPdD-design-default\" rel=\"nofollow noopener\" target=\"_blank\"><\/p>\n<p>    <img decoding=\"async\" loading=\"lazy\"  src=\"https:\/\/www.europesays.com\/no\/wp-content\/uploads\/2025\/08\/48fc6e94-2bc7-4192-8af0-aa463491d34c.jpeg\" alt=\"\" class=\"brick-c-cFOWSL\" style=\"\"\/><\/p>\n<p>\n            Les ogs\u00e5<\/p>\n<p>              Var b\u00e5teier i to dager: \u00abJeg tenkte \u2013 Hva pokker har skjedd?\u00bb\n        <\/p>\n<p>  <\/a><\/p>\n<p>  <a href=\"https:\/\/www.tb.no\/5-76-2647689\" class=\"related-teaser has-image default-story-teaser article--c-eRUmMG article--c-eRUmMG-jKCPdD-design-default\" rel=\"nofollow noopener\" target=\"_blank\"><\/p>\n<p>    <img decoding=\"async\" loading=\"lazy\"  src=\"https:\/\/www.europesays.com\/no\/wp-content\/uploads\/2025\/08\/DSC_3211.JPG\" alt=\"\" class=\"brick-c-cFOWSL\" style=\"\"\/><\/p>\n<p>\n            Les ogs\u00e5<\/p>\n<p>              Da Alexander og naboene skj\u00f8nte hva som var i ferd med \u00e5 skje, var det allerede for sent: \u2013 Det gikk s\u00e5 fort\n        <\/p>\n<p>  <\/a><\/p>\n","protected":false},"excerpt":{"rendered":"Torsdag 7. august vil det ringes i kirkeklokkene til T\u00f8nsberg domkirke. \u2013 Klokken 15.00 ringer klokkene for sivilbefolkningen&hellip;\n","protected":false},"author":2,"featured_media":1527,"comment_status":"","ping_status":"","sticky":false,"template":"","format":"standard","meta":{"footnotes":""},"categories":[10],"tags":[36,20,21,24,25,53,432,15,22,23,13,30,28,29,14,16,26,27,431,430],"class_list":{"0":"post-1526","1":"post","2":"type-post","3":"status-publish","4":"format-standard","5":"has-post-thumbnail","7":"category-norge","8":"tag-art","9":"tag-breaking-news","10":"tag-breakingnews","11":"tag-featured-news","12":"tag-featurednews","13":"tag-gaza","14":"tag-gaza-markering","15":"tag-headlines","16":"tag-latest-news","17":"tag-latestnews","18":"tag-news","19":"tag-no","20":"tag-norge","21":"tag-norway","22":"tag-nyheter","23":"tag-overskrifter","24":"tag-top-stories","25":"tag-topstories","26":"tag-tonsberg","27":"tag-tonsberg-domkirke"},"share_on_mastodon":{"url":"","error":""},"_links":{"self":[{"href":"https:\/\/www.europesays.com\/no\/wp-json\/wp\/v2\/posts\/1526","targetHints":{"allow":["GET"]}}],"collection":[{"href":"https:\/\/www.europesays.com\/no\/wp-json\/wp\/v2\/posts"}],"about":[{"href":"https:\/\/www.europesays.com\/no\/wp-json\/wp\/v2\/types\/post"}],"author":[{"embeddable":true,"href":"https:\/\/www.europesays.com\/no\/wp-json\/wp\/v2\/users\/2"}],"replies":[{"embeddable":true,"href":"https:\/\/www.europesays.com\/no\/wp-json\/wp\/v2\/comments?post=1526"}],"version-history":[{"count":0,"href":"https:\/\/www.europesays.com\/no\/wp-json\/wp\/v2\/posts\/1526\/revisions"}],"wp:featuredmedia":[{"embeddable":true,"href":"https:\/\/www.europesays.com\/no\/wp-json\/wp\/v2\/media\/1527"}],"wp:attachment":[{"href":"https:\/\/www.europesays.com\/no\/wp-json\/wp\/v2\/media?parent=1526"}],"wp:term":[{"taxonomy":"category","embeddable":true,"href":"https:\/\/www.europesays.com\/no\/wp-json\/wp\/v2\/categories?post=1526"},{"taxonomy":"post_tag","embeddable":true,"href":"https:\/\/www.europesays.com\/no\/wp-json\/wp\/v2\/tags?post=1526"}],"curies":[{"name":"wp","href":"https:\/\/api.w.org\/{rel}","templated":true}]}}