{"id":152640,"date":"2026-02-01T09:34:08","date_gmt":"2026-02-01T09:34:08","guid":{"rendered":"https:\/\/www.europesays.com\/no\/152640\/"},"modified":"2026-02-01T09:34:08","modified_gmt":"2026-02-01T09:34:08","slug":"trenerlegenden-fabio-capello-advarer-inter-for-glimt-oppgjoret-i-champions-league","status":"publish","type":"post","link":"https:\/\/www.europesays.com\/no\/152640\/","title":{"rendered":"Trenerlegenden Fabio Capello advarer Inter f\u00f8r Glimt-oppgj\u00f8ret i Champions League"},"content":{"rendered":"\n<p class=\"_lead_o9xde_2 _lead_xtcu6_50 layout-component text-serif-m layout-normal text-serif-l layout-component layout-wide layout-padded _wide_17hqh_1 layout-padded\">Trenerlegenden Fabio Capello (79) tror turen til Bod\u00f8\/Glimt blir noe helt nytt for Inter. <\/p>\n<p><img alt=\" Foto: FRIEDEMANN VOGEL \/ EPA \/ NTB \/ Thomas Andersen \/ NTB \" class=\"_image_qp4xg_65 layout-component layout-wide\" data-fullscreen- data-track-element-type=\"Article image fullscreen\" data-track-name=\"ImageFullscreen\" fetchpriority=\"high\" decoding=\"sync\" loading=\"eager\" height=\"1668\" itemprop=\"image\"  src=\"https:\/\/www.europesays.com\/no\/wp-content\/uploads\/2026\/02\/38bdd1be-b58f-4900-946e-88478997a4ca.jpeg\"  style=\"object-position:0% 0%\" width=\"2500\"\/> Foto: FRIEDEMANN VOGEL \/ EPA \/ NTB \/ Thomas Andersen \/ NTB <\/p>\n<ul aria-hidden=\"true\" class=\"_images_ntbth_112\">\n<li><a class=\"_link_ntbth_117\" href=\"https:\/\/www.vg.no\/forfatter\/herman-folvik\" style=\"z-index:1\" title=\"Herman Folvik\" rel=\"nofollow noopener\" target=\"_blank\"><img alt=\"Bilde av Herman Folvik\" class=\"_image_ntbth_93\" fetchpriority=\"low\" loading=\"lazy\" decoding=\"async\" itemprop=\"image\"  src=\"https:\/\/www.europesays.com\/no\/wp-content\/uploads\/2026\/02\/b8d5eb91-9fa9-460c-b9f0-da310ffe35dd.png\"  width=\"480\"\/><\/a><\/li>\n<\/ul>\n<p> Oppdatert s\u00f8ndag 1. februar kl. 10:16     <\/p>\n<p class=\"_paragraph_o9xde_4 _paragraph_xtcu6_10 layout-component text-serif-m layout-normal text-serif-m layout-padded\">Bod\u00f8\/Glimt trakk den italienske serielederen i playoffen i Champions League. F\u00f8rst m\u00f8te er p\u00e5 Aspmyra 18. februar \u2013 med retur p\u00e5 <a href=\"https:\/\/www.vg.no\/sport\/i\/Pp6VOb\/san-siro-skal-rives-slik-er-de-nye-planene-jeg-kommer-til-aa-graate\" data-track-element-type=\"Link\" data-track-id=\"link:Pp6VOb\" class=\"_link_o9xde_39\" rel=\"nofollow noopener\" target=\"_blank\">fotballkatedralen San Siro,<\/a> som snart skal rives, 24. februar. <\/p>\n<p class=\"_paragraph_o9xde_4 _paragraph_xtcu6_10 layout-component text-serif-m layout-normal text-serif-m layout-padded\">Fabio Capello hadde i sin stor suksess som trener og ledet gigantene Roma, Juventus, AC Milan og Real Madrid. I dag er han en av de mest markante fotballekspertene i Italia med oppdrag b\u00e5de i storavisen Gazzetta dello Sport og p\u00e5 TV for Sky Italia.<\/p>\n<p class=\"_paragraph_o9xde_4 _paragraph_xtcu6_10 layout-component text-serif-m layout-normal text-serif-m layout-padded\">\u2013 \u00c5 spille p\u00e5 kunstgress er ikke lett \u2013 ballen spretter annerledes, balansen er annerledes \u2013 og jeg legger stor vekt p\u00e5 dette aspektet. Temperaturene b\u00f8r imidlertid bli bedre til playoffen enn det var da Manchester City spilte der (Bod\u00f8\/Glimt vant 3\u20131), men kulden vil ikke v\u00e6re en unnskyldning, sier Capello i <a href=\"https:\/\/www.gazzetta.it\/Calcio\/Champions-League\/31-01-2026\/fabio-capello-sui-sorteggi-champions-inter-bodo-glimt-i-pericoli.shtml?intcmp=modulo_hp_2\" class=\"_link_o9xde_39\" rel=\"nofollow noopener\" target=\"_blank\">Gazzetta dello Sport.<\/a><\/p>\n<p class=\"_paragraph_o9xde_4 _paragraph_xtcu6_10 layout-component text-serif-m layout-normal text-serif-m layout-padded\">\u2013 Den alvorlige feilen vil v\u00e6re \u00e5 tenke: \u00abVi var heldige som fikk en gunstig trekning\u00bb, og undervurdere motstanderen v\u00e5r. Det er det verste som kan skje med Inter, sier Capello. <\/p>\n<p class=\"_paragraph_o9xde_4 _paragraph_xtcu6_10 layout-component text-serif-m layout-normal text-serif-m layout-padded\">VG traff han i h\u00f8st, og da fikk han rett i at Italia ikke hadde sjanse til \u00e5 ta igjen Norge i VM-kvaliken:<\/p>\n<p class=\"_paragraph_o9xde_4 _paragraph_xtcu6_10 layout-component text-serif-m layout-normal text-serif-m layout-padded\">Inter kunne istedenfor f\u00e5tt portugisiske Benfica, som ledes av Jos\u00e9 Mourinho. Mannen som trente Inter til seriegull, cupgull og Champions League-gull i 2010.<\/p>\n<p class=\"_paragraph_o9xde_4 _paragraph_xtcu6_10 layout-component text-serif-m layout-normal text-serif-m layout-padded\">Kunstgresset p\u00e5 Aspmyra blir ofte debattert. Den norske fotballprofilen Jan \u00c5ge Fj\u00f8rtoft sa nylig at det burde v\u00e6rt forbudt i Champions League.<\/p>\n<p class=\"_paragraph_o9xde_4 _paragraph_xtcu6_10 layout-component text-serif-m layout-normal text-serif-m layout-padded\">\u2013 Kunstgress er et ekkelt \u00abkrekkrekI denne sammenheng: Noe ubehagelig \u2013 en negativt ladet beskrivelse av noe som oppleves som d\u00e5rlig, irriterende eller upraktisk.\u00bb, men niv\u00e5et p\u00e5 lagene til Bod\u00f8\/Glimt og Inter er s\u00e5 forskjellig at hvis engasjementet er med og kampen tas seri\u00f8st, forsvinner alt annet i bakgrunn. Inter b\u00f8r ikke etterligne City, som dro dit p\u00e5 \u00abtur\u00bb, sier Capello.<\/p>\n<p class=\"_paragraph_o9xde_4 _paragraph_xtcu6_10 layout-component text-serif-m layout-normal text-serif-m layout-padded\"><strong class=\"_strong_o9xde_25\">S\u00f8ndag kveld kan du studere Inter i deres bortekamp mot Cremonese kl. 18.00 p\u00e5 VG+ Sport.<\/strong><\/p>\n<p class=\"_paragraph_o9xde_4 _paragraph_xtcu6_10 layout-component text-serif-m layout-normal text-serif-m layout-padded\">Kjetil Knutsens Bod\u00f8\/Glimt har f\u00e5tt respekt i italiensk fotball \u2013 og det er kanskje ikke s\u00e5 rart n\u00e5r man ser hva de gulkledde har f\u00e5tt til de seneste \u00e5rene.<\/p>\n<ul class=\"_list_o9xde_3 _list_xtcu6_9 _unordered_o9xde_106 layout-component text-serif-m layout-normal text-serif-m layout-padded\">\n<li class=\"_item_o9xde_30\">2020\/2021: 2\u20133-tap borte mot AC Milan i Europa League-kvaliken<\/li>\n<li class=\"_item_o9xde_30\">2021\/2022: 6\u20131-seier hjemme mot Roma og 2\u20132 borte mot Roma i Conference League-gruppespillet. 2\u20131-seier hjemme mot Roma og 0\u20134-tap borte mot Roma i Conference League-kvartfinalen<\/li>\n<li class=\"_item_o9xde_30\">2024\/25: 2\u20130-seier hjemme mot Lazio og 1\u20133-tap borte mot Lazio, men avansement etter straffer i Europa League-kvartfinalen<\/li>\n<li class=\"_item_o9xde_30\">2025\/26: 2\u20133-tap hjemme mot Juventus i Champions League<\/li>\n<\/ul>\n<p class=\"_paragraph_o9xde_4 _paragraph_xtcu6_10 layout-component text-serif-m layout-normal text-serif-m layout-padded\">\u2013 Kunstgress er aldri ideelt og kulden vil merkes. Men for \u00e5 v\u00e6re rettferdig, Inter har en 80 prosent sjanse til \u00e5 avansere. Hvis de ikke klarer det, vil skuffelsen v\u00e6re enorm, skriver Alessandro Vocalelli, kommentator i <a href=\"https:\/\/www.gazzetta.it\/calcio\/squadre\/inter\/notizie\/?refresh_ce\" class=\"_link_o9xde_39\" rel=\"nofollow noopener\" target=\"_blank\">Gazzetta<\/a>.<\/p>\n<p class=\"_paragraph_o9xde_4 _paragraph_xtcu6_10 layout-component text-serif-m layout-normal text-serif-m layout-padded\">Inter tapte Champions League-finalen mot Paris Saint-Germains i fjor og mot Manchester City i 2023. <\/p>\n<p class=\"_paragraph_o9xde_4 _paragraph_xtcu6_10 layout-component text-serif-m layout-normal text-serif-m layout-padded\">\u2013 Inter er klart sterkere takket v\u00e6re en tropp som er syv eller \u00e5tte ganger bedre totalt sett enn motstanderne. Og det var mye bedre \u00e5 unng\u00e5 Benfica, som ville v\u00e6rt en underdog, men ogs\u00e5 en vanskeligere motstander, ikke bare av sentimentale \u00e5rsaker. Du vet aldri hva som kommer til \u00e5 skje n\u00e5r du m\u00f8ter Mourinho, mener Vocalelli. <\/p>\n","protected":false},"excerpt":{"rendered":"Trenerlegenden Fabio Capello (79) tror turen til Bod\u00f8\/Glimt blir noe helt nytt for Inter. Foto: FRIEDEMANN VOGEL \/&hellip;\n","protected":false},"author":2,"featured_media":152641,"comment_status":"","ping_status":"","sticky":false,"template":"","format":"standard","meta":{"footnotes":"","_share_on_mastodon":"0"},"categories":[59],"tags":[517,706,10055,30,28,29,1067,83,82],"class_list":["post-152640","post","type-post","status-publish","format-standard","has-post-thumbnail","category-sport","tag-bodo-glimt","tag-champions-league","tag-inter-milan","tag-no","tag-norge","tag-norway","tag-serie-a","tag-sport","tag-sports"],"share_on_mastodon":{"url":"https:\/\/pubeurope.com\/@no\/115994693809709058","error":""},"_links":{"self":[{"href":"https:\/\/www.europesays.com\/no\/wp-json\/wp\/v2\/posts\/152640","targetHints":{"allow":["GET"]}}],"collection":[{"href":"https:\/\/www.europesays.com\/no\/wp-json\/wp\/v2\/posts"}],"about":[{"href":"https:\/\/www.europesays.com\/no\/wp-json\/wp\/v2\/types\/post"}],"author":[{"embeddable":true,"href":"https:\/\/www.europesays.com\/no\/wp-json\/wp\/v2\/users\/2"}],"replies":[{"embeddable":true,"href":"https:\/\/www.europesays.com\/no\/wp-json\/wp\/v2\/comments?post=152640"}],"version-history":[{"count":0,"href":"https:\/\/www.europesays.com\/no\/wp-json\/wp\/v2\/posts\/152640\/revisions"}],"wp:featuredmedia":[{"embeddable":true,"href":"https:\/\/www.europesays.com\/no\/wp-json\/wp\/v2\/media\/152641"}],"wp:attachment":[{"href":"https:\/\/www.europesays.com\/no\/wp-json\/wp\/v2\/media?parent=152640"}],"wp:term":[{"taxonomy":"category","embeddable":true,"href":"https:\/\/www.europesays.com\/no\/wp-json\/wp\/v2\/categories?post=152640"},{"taxonomy":"post_tag","embeddable":true,"href":"https:\/\/www.europesays.com\/no\/wp-json\/wp\/v2\/tags?post=152640"}],"curies":[{"name":"wp","href":"https:\/\/api.w.org\/{rel}","templated":true}]}}