{"id":15271,"date":"2025-08-22T15:35:13","date_gmt":"2025-08-22T15:35:13","guid":{"rendered":"https:\/\/www.europesays.com\/no\/15271\/"},"modified":"2025-08-22T15:35:13","modified_gmt":"2025-08-22T15:35:13","slug":"trafikk-ulykker-trafikkulykke-mellom-bil-og-lastebil","status":"publish","type":"post","link":"https:\/\/www.europesays.com\/no\/15271\/","title":{"rendered":"Trafikk, Ulykker | Trafikkulykke mellom bil og lastebil"},"content":{"rendered":"\n<p>Fredag klokka 11.35 melder n\u00f8detatene om trafikkulykke p\u00e5 E134, i n\u00e6rheten av Heddal stavkirke.<\/p>\n<p>\u2013 N\u00f8detater er p\u00e5 vei til stedet etter melding om trafikkulykke mellom en bil og en lastebil. Lastebilen er en tankbil, men den har ikke last, opplyser operasjonsleder Espen Reite.<\/p>\n<p>If\u00f8lge operasjonsleder framst\u00e5r det som at det kun er materielle skader.<\/p>\n<p>Publikum dirigerer trafikken p\u00e5 stedet for \u00f8yeblikket.<\/p>\n<p>Det er s\u00e5 langt ukjent hvor mange personer som er involvert i ulykken.<\/p>\n<p>\u2013 N\u00f8detater er p\u00e5 stedet. Trafikk g\u00e5r forbi i et felt. De involverte tilsees av ambulansepersonell. Politiet unders\u00f8ker hendelsesforl\u00f8p. Bilberger er p\u00e5 vei til stedet, melder Reite i en oppdatering klokka 11.57.<\/p>\n<p>Klokken 14:02 melder operasjonsleder at det var fire personer i personbilen. De er sjekket ut av ambulanse. F\u00f8rer av personbil mistenkes for \u00e5 for\u00e5rsaket ulykken. Politiet oppretter sak. N\u00f8detater avslutter p\u00e5 stedet.<\/p>\n<p>   <img decoding=\"async\" width=\"1200\" height=\"900\" fetchpriority=\"low\"  loading=\"lazy\"  src=\"https:\/\/www.europesays.com\/no\/wp-content\/uploads\/2025\/08\/2e0a6eb2-e31b-4503-9cb2-d669b1501dab.jfif\" alt=\"\" class=\"brick-c-cFOWSL\" style=\"--brick-image-ratio: 1200 \/ 900;\"\/><\/p>\n<p>    ULYKKE: Det har v\u00e6rt en trafikkulykke p\u00e5 E134 i Heddal. Foto: Frida Ytterb\u00f8<\/p>\n<p>Les mer om: artikkelemnene<\/p>\n","protected":false},"excerpt":{"rendered":"Fredag klokka 11.35 melder n\u00f8detatene om trafikkulykke p\u00e5 E134, i n\u00e6rheten av Heddal stavkirke. \u2013 N\u00f8detater er p\u00e5&hellip;\n","protected":false},"author":2,"featured_media":15272,"comment_status":"","ping_status":"","sticky":false,"template":"","format":"standard","meta":{"footnotes":""},"categories":[10],"tags":[36,20,21,24,25,15,22,23,13,30,28,29,523,14,16,1510,26,27,224,1204],"class_list":{"0":"post-15271","1":"post","2":"type-post","3":"status-publish","4":"format-standard","5":"has-post-thumbnail","7":"category-norge","8":"tag-art","9":"tag-breaking-news","10":"tag-breakingnews","11":"tag-featured-news","12":"tag-featurednews","13":"tag-headlines","14":"tag-latest-news","15":"tag-latestnews","16":"tag-news","17":"tag-no","18":"tag-norge","19":"tag-norway","20":"tag-notodden","21":"tag-nyheter","22":"tag-overskrifter","23":"tag-story","24":"tag-top-stories","25":"tag-topstories","26":"tag-trafikk","27":"tag-ulykker"},"share_on_mastodon":{"url":"","error":""},"_links":{"self":[{"href":"https:\/\/www.europesays.com\/no\/wp-json\/wp\/v2\/posts\/15271","targetHints":{"allow":["GET"]}}],"collection":[{"href":"https:\/\/www.europesays.com\/no\/wp-json\/wp\/v2\/posts"}],"about":[{"href":"https:\/\/www.europesays.com\/no\/wp-json\/wp\/v2\/types\/post"}],"author":[{"embeddable":true,"href":"https:\/\/www.europesays.com\/no\/wp-json\/wp\/v2\/users\/2"}],"replies":[{"embeddable":true,"href":"https:\/\/www.europesays.com\/no\/wp-json\/wp\/v2\/comments?post=15271"}],"version-history":[{"count":0,"href":"https:\/\/www.europesays.com\/no\/wp-json\/wp\/v2\/posts\/15271\/revisions"}],"wp:featuredmedia":[{"embeddable":true,"href":"https:\/\/www.europesays.com\/no\/wp-json\/wp\/v2\/media\/15272"}],"wp:attachment":[{"href":"https:\/\/www.europesays.com\/no\/wp-json\/wp\/v2\/media?parent=15271"}],"wp:term":[{"taxonomy":"category","embeddable":true,"href":"https:\/\/www.europesays.com\/no\/wp-json\/wp\/v2\/categories?post=15271"},{"taxonomy":"post_tag","embeddable":true,"href":"https:\/\/www.europesays.com\/no\/wp-json\/wp\/v2\/tags?post=15271"}],"curies":[{"name":"wp","href":"https:\/\/api.w.org\/{rel}","templated":true}]}}