{"id":15275,"date":"2025-08-22T15:42:13","date_gmt":"2025-08-22T15:42:13","guid":{"rendered":"https:\/\/www.europesays.com\/no\/15275\/"},"modified":"2025-08-22T15:42:13","modified_gmt":"2025-08-22T15:42:13","slug":"lukt-til-helvete-om-du-ikke-omfavner-ki-slik-lyder-tangens-ord","status":"publish","type":"post","link":"https:\/\/www.europesays.com\/no\/15275\/","title":{"rendered":"Lukt til helvete om du ikke omfavner KI \u2013 slik lyder Tangens ord"},"content":{"rendered":"<p class=\"text-md pt-2 pb-8 mb-3 text-base border-b border-brandNeutral-900 dark:border-brandNeutral-100\">Denne kommentaren gir uttrykk for skribentens meninger.<\/p>\n<p>Oljefondet, AS Norges forsikringspolise mot syv magre \u00e5r, har blitt Norges viktigste<a href=\"https:\/\/www.digi.no\/artikler\/sann-jobber-oljefondet-med-ki-folger-dere-ikke-med-na-er-dere-en-lost-case\/561421\" rel=\"nofollow noopener\" target=\"_blank\"> teknologibedrift<\/a>. Og p\u00e5 Arendals torg, i str\u00e5lende solskinn, med gjennomproffe talere og stram regi, skulle Oljefondet dele det glade budskap: NBIMs implementering av kunstig intelligens.<\/p>\n<p>Lovnaden var en sniktitt p\u00e5 A-lagets oppskrift \u00abmed<a href=\"https:\/\/www.arendalsuka.no\/programsoek\/details\/7966\" rel=\"nofollow noopener\" target=\"_blank\"> praktiske eksempler og erfaringer<\/a> som kan brukes i andre virksomheter\u00bb.<\/p>\n<p>Det var stappfullt i publikum og jeg, en skarve akademiker, gledet meg.<\/p>\n<p>La de sm\u00e5 selskaper komme til meg<\/p>\n<p>Med form som virket inspirert av liturgien og vekkelsesm\u00f8ter, var budskapet at hvis du ikke omfavnet KI med b\u00e5de armer og ben s\u00e5 g\u00e5r det lukt til helvete med landet, bedriften og deg som menneske.<\/p>\n<p>Paradiset \u2013 i betydningen revolusjonerende investeringsmuligheter, s\u00f8ml\u00f8s samhandling og 20 prosent effektivisering \u2013 ligger klart for enhver som parkerer tvil og janteloven p\u00e5 gangen.<\/p>\n<p>Vi disipler l\u00e6rte at nordmenn er sidrumpa. At hvis publikum ikke ler nerv\u00f8st n\u00e5r du deler strategien, s\u00e5 er ambisjonene for lave. KI er ikke lenger et verkt\u00f8y, men din nye livspartner. Fart skal v\u00e6re ledestjernen.<\/p>\n<p><a class=\"group clear-both w-full !no-underline my-8 sm:my-12 bg-stone-50 dark:bg-brandStone-700 dark:text-brandNeutral-100 flex items-stretch flex-nowrap\" href=\"https:\/\/www.digi.no\/artikler\/gudfaren-av-ki-hvis-ikke-vi-loser-dette-problemet-er-vi-ferdige\/561480\" rel=\"nofollow noopener\" target=\"_blank\"><img decoding=\"async\" class=\" object-cover h-full w-full transition-transform duration-700 ease-in-out group-hover:scale-[1.05] will-change-transform\" src=\"https:\/\/www.europesays.com\/no\/wp-content\/uploads\/2025\/08\/Geoffrey_E._Hinton%2C_2024_Nobel_Prize_Laureate_in_Physics_(cropped1).jpg\"  alt=\"Geoffrey Hinton\" loading=\"lazy\"\/><\/p>\n<p>Les ogs\u00e5:<\/p>\n<p class=\"group-hover:underline text-brandNeutral-900 dark:text-brandNeutral-100 mt-2 text-base sm:text-xl leading-5 sm:leading-6 font-bold\">\u00abGudfaren av KI\u00bb: Hvis ikke vi l\u00f8ser dette problemet, er vi ferdige<\/p>\n<p><\/a><\/p>\n<p>Motstand bunnet i frykt for det ukjente, og menigheten med stor M (dvs. ansatte og styret) vil alltid se lyset hvis Lederen har troen dypt nok forankret i hjertet.<\/p>\n<p>Slik lyder Tangens ord.<\/p>\n<p>N\u00e5degaver er skjevfordelt<\/p>\n<p>Det er (dessverre?) de f\u00e6rreste forunt \u00e5 ha en naturkraft som toppsjef. Eller \u00e5 ha direktenummeret til Anthropics ledergruppe.<\/p>\n<p>\u00c5 sende alle ansatte p\u00e5 jevnlige hackatons h\u00f8res d\u00f8dskult ut. Og d\u00f8dsdyrt. Daglige analyser og kontinuerlig feedback klinger godt, men da m\u00e5 det v\u00e6re krystallklart hva som m\u00e5les og hva som er m\u00e5let.<\/p>\n<p>Folk flest, for \u00e5 bruke norsk politikks mest forslitte uttrykk, m\u00e5 ta til takke med hyllevare. Ressurser og tid regner ikke som manna fra himmelen. I tillegg skal bedriftens digitale arvesynder ryddes f\u00f8r \u00abalgoritmer og modeller<a href=\"https:\/\/www.digi.no\/artikler\/sann-jobber-oljefondet-med-ki-folger-dere-ikke-med-na-er-dere-en-lost-case\/561421\" rel=\"nofollow noopener\" target=\"_blank\"> skreddersys<\/a> egne behov\u00bb.<\/p>\n<p>Toget til himmelen g\u00e5r<\/p>\n<p>Guder og de d\u00f8delige verken skal eller kan operere under samme omstendigheter. F\u00f8rstnevnte kan tilby inspirasjon og br\u00f8yte vei for oss andre. For n\u00e5r det regner p\u00e5 presten, skal det som kjent dryppe p\u00e5 klokkeren.<\/p>\n<p>\u00abTransformative\u00bb teknologier og \u00abparadigmeskifter\u00bb vil kanskje snu verden p\u00e5 hodet, men i higen etter \u00e5 kaste seg p\u00e5 KI-toget er det fort gjort \u00e5 snuble rakt ned i avgrunnen. Edruelighet har flere funksjoner enn \u00e5 v\u00e6re kj\u00f8rbar.<\/p>\n<p>S\u00e6rlig hvis du ikke har en intern AI-hub, hvis eneste form\u00e5l er \u00e5 lede deg gjennom d\u00f8dens dal. Ny teknologi gir nye muligheter, men ogs\u00e5 nye s\u00e5rbarheter. Og djevelen gjemmer seg som kjent i detaljene.<\/p>\n<p>I s\u00e5 m\u00e5te er ikke en ny<a href=\"https:\/\/www.digi.no\/artikler\/rapport-ki-selskaper-uforberedt-pa-farene-ved-a-utvikle-menneskelige-systemer\/560737\" rel=\"nofollow noopener\" target=\"_blank\"> gransking<\/a> av de syv st\u00f8rste AI-utviklerne hyggelig lesning. Den vurderer blant annet skadepotensial, sikkerhetsplanlegging og governance i en s\u00e5kalt AI Safety Index. Det er trangt i bunnsjiktet og ikke et eneste selskap f\u00e5r totalscore over C+. Da er det langt opp til gudenes haller.<\/p>\n<p>Quo vadis?<\/p>\n<p>Trump 2.0 skaper \u00f8kt frykt for at v\u00e5re digitale dingsebomser skal brukes som geopolitiske pressmidler. EUs fors\u00f8k p\u00e5 regulering utsettes for<a href=\"https:\/\/www.politico.eu\/article\/european-parliament-law-legislation-lobbying-technology-sustainability-amendments\/\" rel=\"nofollow noopener\" target=\"_blank\"> massivt press.<\/a> Pragmatisme og realisme i exit-strategier, datamakt og suveren sky blir n\u00f8kkelord i en mulig fremtid vi ser konturene av.<\/p>\n<p>Bekymringsverdig er ogs\u00e5 tendenser til en slags sammensmelting av det kommersielle og det politiske lederskapet i USA, som g\u00e5r lengre enn det som tidvis beskrives som et milit\u00e6rt-industrielt kompleks. Parlamentarismens slagord var som kjent ikke \u00aball makt i dette styrerom\u00bb.<\/p>\n<p>For \u00e5 sitere Forsvarets teknologidirekt\u00f8r Bj\u00f8rn-Tore Markussen p\u00e5 et annet Arendalsarrangement: \u00abVi snakker for lite om teknologisk avhengighet som strategisk risiko. Hva skjer om plattformene vi bygger samfunnet v\u00e5rt p\u00e5 blir politisk utilgjengelige, juridisk utfordret eller sanksjonert i en st\u00f8rre sikkerhetspolitisk konflikt?\u00bb<\/p>\n<p>Det handler om \u00e5 kunne velge. \u00c5 kunne takke ja til b\u00e5de penga og livet. For selv om det ikke er lommer i likskjorten, s\u00e5 skal den oppvoksende slekt ogs\u00e5 ha noe \u00e5 balansere statsbudsjettet med.<\/p>\n<p>Amen fra s\u00f8rlandsbrygga.\u00a0<\/p>\n<p><a class=\"group clear-both w-full !no-underline my-8 sm:my-12 bg-stone-50 dark:bg-brandStone-700 dark:text-brandNeutral-100 flex items-stretch flex-nowrap\" href=\"https:\/\/www.digi.no\/artikler\/open-ai-mener-personvernet-til-alle-som-bruker-chat-gpt-er-truet\/559317\" rel=\"nofollow noopener\" target=\"_blank\"><img decoding=\"async\" class=\" object-cover h-full w-full transition-transform duration-700 ease-in-out group-hover:scale-[1.05] will-change-transform\" src=\"https:\/\/www.europesays.com\/no\/wp-content\/uploads\/2025\/08\/NTB_bMW-UFQOhCw.jpg\"  alt=\"Open AI er i gang med nok en runde i retten, og n\u00e5 st\u00e5r personvernet til Chat GPT-brukerne p\u00e5 spill, mener selskapet, her representert ved toppsjef Sam Altman.\" loading=\"lazy\"\/><\/p>\n<p>Les ogs\u00e5:<\/p>\n<p class=\"group-hover:underline text-brandNeutral-900 dark:text-brandNeutral-100 mt-2 text-base sm:text-xl leading-5 sm:leading-6 font-bold\">\u00a0\u2013 Open AIs brukere tvinges til \u00e5 gi avkall p\u00e5 personverntiltak<\/p>\n<p><\/a><\/p>\n","protected":false},"excerpt":{"rendered":"Denne kommentaren gir uttrykk for skribentens meninger. Oljefondet, AS Norges forsikringspolise mot syv magre \u00e5r, har blitt Norges&hellip;\n","protected":false},"author":2,"featured_media":15276,"comment_status":"","ping_status":"","sticky":false,"template":"","format":"standard","meta":{"footnotes":""},"categories":[10],"tags":[1882,20,21,24,25,15,2895,266,22,23,13,125,30,28,29,14,761,16,26,27],"class_list":{"0":"post-15275","1":"post","2":"type-post","3":"status-publish","4":"format-standard","5":"has-post-thumbnail","7":"category-norge","8":"tag-ai","9":"tag-breaking-news","10":"tag-breakingnews","11":"tag-featured-news","12":"tag-featurednews","13":"tag-headlines","14":"tag-ki","15":"tag-kommentar","16":"tag-latest-news","17":"tag-latestnews","18":"tag-news","19":"tag-nicolai-tangen","20":"tag-no","21":"tag-norge","22":"tag-norway","23":"tag-nyheter","24":"tag-oljefondet","25":"tag-overskrifter","26":"tag-top-stories","27":"tag-topstories"},"share_on_mastodon":{"url":"","error":""},"_links":{"self":[{"href":"https:\/\/www.europesays.com\/no\/wp-json\/wp\/v2\/posts\/15275","targetHints":{"allow":["GET"]}}],"collection":[{"href":"https:\/\/www.europesays.com\/no\/wp-json\/wp\/v2\/posts"}],"about":[{"href":"https:\/\/www.europesays.com\/no\/wp-json\/wp\/v2\/types\/post"}],"author":[{"embeddable":true,"href":"https:\/\/www.europesays.com\/no\/wp-json\/wp\/v2\/users\/2"}],"replies":[{"embeddable":true,"href":"https:\/\/www.europesays.com\/no\/wp-json\/wp\/v2\/comments?post=15275"}],"version-history":[{"count":0,"href":"https:\/\/www.europesays.com\/no\/wp-json\/wp\/v2\/posts\/15275\/revisions"}],"wp:featuredmedia":[{"embeddable":true,"href":"https:\/\/www.europesays.com\/no\/wp-json\/wp\/v2\/media\/15276"}],"wp:attachment":[{"href":"https:\/\/www.europesays.com\/no\/wp-json\/wp\/v2\/media?parent=15275"}],"wp:term":[{"taxonomy":"category","embeddable":true,"href":"https:\/\/www.europesays.com\/no\/wp-json\/wp\/v2\/categories?post=15275"},{"taxonomy":"post_tag","embeddable":true,"href":"https:\/\/www.europesays.com\/no\/wp-json\/wp\/v2\/tags?post=15275"}],"curies":[{"name":"wp","href":"https:\/\/api.w.org\/{rel}","templated":true}]}}