{"id":15277,"date":"2025-08-22T15:44:09","date_gmt":"2025-08-22T15:44:09","guid":{"rendered":"https:\/\/www.europesays.com\/no\/15277\/"},"modified":"2025-08-22T15:44:09","modified_gmt":"2025-08-22T15:44:09","slug":"kjempetabbe-da-waerenskjold-tok-tilbake-ledertroyen","status":"publish","type":"post","link":"https:\/\/www.europesays.com\/no\/15277\/","title":{"rendered":"Kjempetabbe da W\u00e6renskjold tok tilbake ledertr\u00f8yen"},"content":{"rendered":"\n<p class=\"_lead_1bvmi_2 _lead_xtcu6_50 layout-component text-serif-m layout-normal text-serif-l layout-component layout-wide layout-padded _wide_17hqh_1 layout-padded\">S\u00f8ren W\u00e6renskjold ble nummer tre p\u00e5 den andre etappen av sykkelrittet Tyskland rundt fredag og leder p\u00e5 ny rittet.<\/p>\n<p> <img class=\"_image_qp4xg_65 layout-component layout-wide\" data-fullscreen- data-track-element-type=\"Article image fullscreen\" data-track-name=\"ImageFullscreen\" fetchpriority=\"high\" decoding=\"sync\" loading=\"eager\" height=\"57\" itemprop=\"image\"  src=\"https:\/\/www.europesays.com\/no\/wp-content\/uploads\/2025\/08\/533ba6dd0134dda83e33a658ecf6718c.jpg\"  style=\"object-position:50% 50%;aspect-ratio:1.75;height:auto;object-fit:cover;width:100%\" width=\"102\"\/>  <\/p>\n<ul aria-hidden=\"true\" class=\"_images_1y6fe_106\">\n<li><a class=\"_link_1y6fe_111\" href=\"https:\/\/www.vg.no\/forfatter\/andreas-hopen\" style=\"z-index:2\" title=\"Andreas Hopen\" rel=\"nofollow noopener\" target=\"_blank\"><img alt=\"Bilde av Andreas Hopen\" class=\"_image_1y6fe_88\" fetchpriority=\"low\" loading=\"lazy\" decoding=\"async\" itemprop=\"image\"  src=\"https:\/\/www.europesays.com\/no\/wp-content\/uploads\/2025\/08\/1755877448_561_8d697287-ea03-4d54-ab67-6d65b82629eb\"  width=\"480\"\/><\/a><\/li>\n<li><a class=\"_link_1y6fe_111\" href=\"https:\/\/www.vg.no\/forfatter\/ntb\" style=\"z-index:1\" title=\"NTB\" rel=\"nofollow noopener\" target=\"_blank\"><img alt=\"Bilde av NTB\" class=\"_image_1y6fe_88\" fetchpriority=\"low\" loading=\"lazy\" decoding=\"async\" itemprop=\"image\"  src=\"https:\/\/www.europesays.com\/no\/wp-content\/uploads\/2025\/08\/1755877449_495_c33980b0-5d07-4027-84a1-813f90a7c8d6\"  width=\"480\"\/><\/a><\/li>\n<\/ul>\n<p> Oppdatert fredag 22. august kl. 17:20     <\/p>\n<p class=\"_paragraph_1bvmi_4 _paragraph_xtcu6_10 layout-component text-serif-m layout-normal text-serif-m layout-padded\">W\u00e6renskjold l\u00e5 i et tremannsbrudd i avslutningen p\u00e5 den 190,3 kilometer etappen fra Herford til Arnsberg.<\/p>\n<p class=\"_paragraph_1bvmi_4 _paragraph_xtcu6_10 layout-component text-serif-m layout-normal text-serif-m layout-padded\">P\u00e5 de siste hundre meterne hadde ikke W\u00e6renskjold nok krefter til \u00e5 sl\u00e5 amerikanske Riley Sheehan og ecuadorianske Jhonatan Narv\u00e1ez. Sistnevnte vant etappen.<\/p>\n<p class=\"_paragraph_1bvmi_4 _paragraph_xtcu6_10 layout-component text-serif-m layout-normal text-serif-m layout-padded\">Sheehan trodde han hadde vunnet og jublet noen meter f\u00f8r m\u00e5lstreken. S\u00e5 ble han passert av Narvaez.<\/p>\n<p class=\"_paragraph_1bvmi_4 _paragraph_xtcu6_10 layout-component text-serif-m layout-normal text-serif-m layout-padded\"><strong class=\"_strong_1bvmi_25\">Se tabben \u00f8verst i saken.<\/strong><\/p>\n<p class=\"_paragraph_1bvmi_4 _paragraph_xtcu6_10 layout-component text-serif-m layout-normal text-serif-m layout-padded\">\u2013 Jeg pr\u00f8vde bare \u00e5 holde meg i fronten. Jeg visste at det ville bli full gass etter den siste stigningen. Da er det en stor fordel \u00e5 ligge foran, sa W\u00e6renskjold etter rittet.<\/p>\n<p class=\"_paragraph_1bvmi_4 _paragraph_xtcu6_10 layout-component text-serif-m layout-normal text-serif-m layout-padded\">\u2013 S\u00e5 fikk vi tre en luke, og jobbet vi jobbet ganske bra sammen. Kanskje jobbet jeg litt for mye. Tanken var at jeg kunne tjene ti bonussekunder p\u00e5 \u00e5 vinne, men samtidig tape ti sekunder dersom vi stoppet opp mot slutten. Jeg ville holde farten h\u00f8y, la han til.<\/p>\n<ul class=\"_list_1bvmi_3 _list_xtcu6_9 _unordered_1bvmi_99 layout-component text-serif-m layout-normal text-serif-m layout-padded\">\n<li class=\"_item_1bvmi_30\"><strong class=\"_strong_1bvmi_25\">Alt fra Deutschland Tour ser du p\u00e5 <a href=\"https:\/\/tv.vg.no\/video\/338969\/sykkel-deutschland-tour-20-24-august\" class=\"_link_1bvmi_39\" rel=\"nofollow noopener\" target=\"_blank\">VG<\/a> med VG+ Sport. S\u00f8ndag avsluttes rittet.<\/strong><\/li>\n<\/ul>\n<p>   Girtr\u00f8bbel<\/p>\n<p class=\"_paragraph_1bvmi_4 _paragraph_xtcu6_10 layout-component text-serif-m layout-normal text-serif-m layout-padded\">Deretter r\u00f8pet han av spurten ikke gikk som han ville.<\/p>\n<p class=\"_paragraph_1bvmi_4 _paragraph_xtcu6_10 layout-component text-serif-m layout-normal text-serif-m layout-padded\">\u2013 Jeg fikk et lite opphold da jeg skulle gire. F\u00f8rst trykket jeg \u00e9n gang, og da skjedde det ingenting. Deretter trykket jeg p\u00e5 nytt, og da byttet jeg plutselig to gir. Dermed var jeg p\u00e5 et for tungt gir da spurten gikk, sa mandalitten.<\/p>\n<p class=\"_paragraph_1bvmi_4 _paragraph_xtcu6_10 layout-component text-serif-m layout-normal text-serif-m layout-padded\">M\u00e5let n\u00e5 er \u00e5 vinne rittet og beholde ledertr\u00f8ya gjennom de to siste etappene.<\/p>\n<p class=\"_paragraph_1bvmi_4 _paragraph_xtcu6_10 layout-component text-serif-m layout-normal text-serif-m layout-padded\">\u2013 Ja, det er det definitivt. N\u00e5 m\u00e5 jeg bare restituere s\u00e5 godt jeg kan. Hvis de setter h\u00f8y fart i stigningene i morgen, blir det vanskelig. Jeg f\u00e5r h\u00e5pe jeg har like gode bein da, sa Uno-X-profilen.<\/p>\n<p><img alt=\"S\u00f8ren W\u00e6renskjold imponerte i Tyskland.   Foto: Bo Amstrup, Ritzau Scanpix \/ NTB\" class=\"_image_qp4xg_65 layout-component layout-normal\" data-fullscreen- data-track-element-type=\"Article image fullscreen\" data-track-name=\"ImageFullscreen\" decoding=\"async\" loading=\"lazy\" height=\"5060\" itemprop=\"image\"  src=\"https:\/\/www.europesays.com\/no\/wp-content\/uploads\/2025\/08\/ef464788-22a3-47d4-960e-a4842f50a930\"  style=\"object-position:0% 0%\" width=\"7590\"\/>S\u00f8ren W\u00e6renskjold imponerte i Tyskland.   Foto: Bo Amstrup, Ritzau Scanpix \/ NTBVant prologen<\/p>\n<p class=\"_paragraph_1bvmi_4 _paragraph_xtcu6_10 layout-component text-serif-m layout-normal text-serif-m layout-padded\">W\u00e6renskjold gikk til topps p\u00e5 \u00e5pningsprologen av etapperittet i Tyskland. Den var p\u00e5 kun tre kilometer.<\/p>\n<p class=\"_paragraph_1bvmi_4 _paragraph_xtcu6_10 layout-component text-serif-m layout-normal text-serif-m layout-padded\">Torsdag mistet s\u00e5 nordmannen ledertr\u00f8ya. Den tok han tilbake fredag. Mandalitten leder n\u00e5 med ett sekund til etappevinner Narvaez.<\/p>\n<p class=\"_paragraph_1bvmi_4 _paragraph_xtcu6_10 layout-component text-serif-m layout-normal text-serif-m layout-padded\">Narvaez er ingen hvem som helst. Tidligere i sommer var han en del av UAE-laget som hjalp Tadej Pogacar til en ny sammenlagtseier i Tour de France.<\/p>\n<p class=\"_paragraph_1bvmi_4 _paragraph_xtcu6_10 layout-component text-serif-m layout-normal text-serif-m layout-padded\">For en uke siden vant W\u00e6renskjold en etappe i Danmark rundt. S\u00f8rlendingen m\u00e5tte tidligere i sommer bryte Tour de France etter en velt.<\/p>\n<p class=\"_paragraph_1bvmi_4 _paragraph_xtcu6_10 layout-component text-serif-m layout-normal text-serif-m layout-padded\">Tyskland rundt varer til s\u00f8ndag.<\/p>\n","protected":false},"excerpt":{"rendered":"S\u00f8ren W\u00e6renskjold ble nummer tre p\u00e5 den andre etappen av sykkelrittet Tyskland rundt fredag og leder p\u00e5 ny&hellip;\n","protected":false},"author":2,"featured_media":15278,"comment_status":"","ping_status":"","sticky":false,"template":"","format":"standard","meta":{"footnotes":""},"categories":[59],"tags":[2896,30,28,29,2746,83,82,346,347],"class_list":{"0":"post-15277","1":"post","2":"type-post","3":"status-publish","4":"format-standard","5":"has-post-thumbnail","7":"category-sport","8":"tag-deutschland-tour","9":"tag-no","10":"tag-norge","11":"tag-norway","12":"tag-soren-waerenskjold","13":"tag-sport","14":"tag-sports","15":"tag-sykkel","16":"tag-uno-x-pro-cycling"},"share_on_mastodon":{"url":"","error":""},"_links":{"self":[{"href":"https:\/\/www.europesays.com\/no\/wp-json\/wp\/v2\/posts\/15277","targetHints":{"allow":["GET"]}}],"collection":[{"href":"https:\/\/www.europesays.com\/no\/wp-json\/wp\/v2\/posts"}],"about":[{"href":"https:\/\/www.europesays.com\/no\/wp-json\/wp\/v2\/types\/post"}],"author":[{"embeddable":true,"href":"https:\/\/www.europesays.com\/no\/wp-json\/wp\/v2\/users\/2"}],"replies":[{"embeddable":true,"href":"https:\/\/www.europesays.com\/no\/wp-json\/wp\/v2\/comments?post=15277"}],"version-history":[{"count":0,"href":"https:\/\/www.europesays.com\/no\/wp-json\/wp\/v2\/posts\/15277\/revisions"}],"wp:featuredmedia":[{"embeddable":true,"href":"https:\/\/www.europesays.com\/no\/wp-json\/wp\/v2\/media\/15278"}],"wp:attachment":[{"href":"https:\/\/www.europesays.com\/no\/wp-json\/wp\/v2\/media?parent=15277"}],"wp:term":[{"taxonomy":"category","embeddable":true,"href":"https:\/\/www.europesays.com\/no\/wp-json\/wp\/v2\/categories?post=15277"},{"taxonomy":"post_tag","embeddable":true,"href":"https:\/\/www.europesays.com\/no\/wp-json\/wp\/v2\/tags?post=15277"}],"curies":[{"name":"wp","href":"https:\/\/api.w.org\/{rel}","templated":true}]}}