{"id":15284,"date":"2025-08-22T15:56:10","date_gmt":"2025-08-22T15:56:10","guid":{"rendered":"https:\/\/www.europesays.com\/no\/15284\/"},"modified":"2025-08-22T15:56:10","modified_gmt":"2025-08-22T15:56:10","slug":"skadeomfanget-anses-som-alvorlig","status":"publish","type":"post","link":"https:\/\/www.europesays.com\/no\/15284\/","title":{"rendered":"\u2013 Skadeomfanget anses som alvorlig"},"content":{"rendered":"\n<p class=\"_paragraph_1bvmi_4 _paragraph_xtcu6_10 layout-component text-serif-m layout-normal text-serif-m layout-padded\">N\u00f8detatene har rykket ut etter at to personer har blitt p\u00e5kj\u00f8rt av trikken i <a href=\"https:\/\/www.vg.no\/tag\/bjoervika?utm_source=vg-article&amp;utm_medium=auto-tagger&amp;utm_campaign=RzLyJa\" class=\"_link_1bvmi_39\" rel=\"nofollow noopener\" target=\"_blank\">Bj\u00f8rvika<\/a> i Oslo.<\/p>\n<p class=\"_paragraph_1bvmi_4 _paragraph_xtcu6_10 layout-component text-serif-m layout-normal text-serif-m layout-padded\">\u2013 Skadeomfanget anses som alvorlig per n\u00e5, opplyser operasjonsleder Tor Gulbrandsen.<\/p>\n<p class=\"_paragraph_1bvmi_4 _paragraph_xtcu6_10 layout-component text-serif-m layout-normal text-serif-m layout-padded\">Begge er fraktet til traumemottaket forteller han.<\/p>\n<p class=\"_paragraph_1bvmi_4 _paragraph_xtcu6_10 layout-component text-serif-m layout-normal text-serif-m layout-padded\">If\u00f8lge politiets innsatsleder, Thomas Broberg, blir den ene betegnet som mer alvorlig skadet enn den andre.<\/p>\n<p class=\"_paragraph_1bvmi_4 _paragraph_xtcu6_10 layout-component text-serif-m layout-normal text-serif-m layout-padded\">\u2013 Det dreier seg om en familie som er turister, sier Broberg.<\/p>\n<p><img alt=\"Foto: VG-TIPSER\" class=\"_image_qp4xg_65 layout-component layout-normal\" data-fullscreen- data-track-element-type=\"Article image fullscreen\" data-track-name=\"ImageFullscreen\" decoding=\"async\" loading=\"lazy\" height=\"1529\" itemprop=\"image\"  src=\"https:\/\/www.europesays.com\/no\/wp-content\/uploads\/2025\/08\/76241db0-6ffa-4d8d-993c-48039de56412\"  style=\"object-position:0% 0%\" width=\"2444\"\/>Foto: VG-TIPSER<\/p>\n<p class=\"_paragraph_1bvmi_4 _paragraph_xtcu6_10 layout-component text-serif-m layout-normal text-serif-m layout-padded\">Operasjonsleder Gulbrandsen forteller at de to personene ble truffet av fronten p\u00e5 trikken.<\/p>\n<p class=\"_paragraph_1bvmi_4 _paragraph_xtcu6_10 layout-component text-serif-m layout-normal text-serif-m layout-padded\">\u2013 Trikken kj\u00f8rte ikke spesielt fort, men de blir sl\u00e5tt tilbake p\u00e5 fortauet og f\u00e5r seg en kraftig smell.<\/p>\n<p class=\"_paragraph_1bvmi_4 _paragraph_xtcu6_10 layout-component text-serif-m layout-normal text-serif-m layout-padded\"><strong class=\"_strong_1bvmi_25\">Politiet har sett video av hendelsen, forteller operasjonslederen.<\/strong><\/p>\n<p class=\"_paragraph_1bvmi_4 _paragraph_xtcu6_10 layout-component text-serif-m layout-normal text-serif-m layout-padded\">P\u00e5kj\u00f8rselen skjedde i Dronning Eufemias gate. <\/p>\n<p class=\"_paragraph_1bvmi_4 _paragraph_xtcu6_10 layout-component text-serif-m layout-normal text-serif-m layout-padded\">Trafikken p\u00e5 stedet ble stengt som f\u00f8lge av hendelsen, men klokken 15.38 opplyser Gulbrandsen at veien igjen er \u00e5pnet.<\/p>\n<p class=\"_paragraph_1bvmi_4 _paragraph_xtcu6_10 layout-component text-serif-m layout-normal text-serif-m layout-padded\">Trikken blir st\u00e5ende p\u00e5 stedet til politiet er ferdige med sine unders\u00f8kelser. Trikkef\u00f8reren blir avh\u00f8rt p\u00e5 stedet.<\/p>\n<p><img alt=\"Foto: Emilie Juell M\u00f8mb\" class=\"_image_qp4xg_65 layout-component layout-normal\" data-fullscreen- data-track-element-type=\"Article image fullscreen\" data-track-name=\"ImageFullscreen\" decoding=\"async\" loading=\"lazy\" height=\"4284\" itemprop=\"image\"  src=\"https:\/\/www.europesays.com\/no\/wp-content\/uploads\/2025\/08\/2159fbb7-e6b4-48d8-8a95-0024c2d86f52\"  style=\"object-position:0% 0%\" width=\"5712\"\/>Foto: Emilie Juell M\u00f8mb<\/p>\n<p class=\"_paragraph_1bvmi_4 _paragraph_xtcu6_10 layout-component text-serif-m layout-normal text-serif-m layout-padded\">\u2013 Vi vet at to personer har blitt p\u00e5kj\u00f8rt av trikken. Vi er der bare for \u00e5 bist\u00e5, forteller Glenn Gulbrandsen ved 110-sentralen i Oslo til VG.<\/p>\n<p class=\"_paragraph_1bvmi_4 _paragraph_xtcu6_10 layout-component text-serif-m layout-normal text-serif-m layout-padded\">Trafikken i retning Middelalderparken er stengt.<\/p>\n<p class=\"_paragraph_1bvmi_4 _paragraph_xtcu6_10 layout-component text-serif-m layout-normal text-serif-m layout-padded\">\u2013 Det er trafikale problemer, det vil nok vedvare til pasientene er tatt h\u00e5nd om, sier Gulbrandsen.<\/p>\n<p>Aktiver kart<\/p>\n<p class=\"_paragraph_1bvmi_4 _paragraph_xtcu6_10 layout-component text-serif-m layout-normal text-serif-m layout-padded\">VG har snakket med vitne Jon Magnus Stavik Vold. <\/p>\n<p class=\"_paragraph_1bvmi_4 _paragraph_xtcu6_10 layout-component text-serif-m layout-normal text-serif-m layout-padded\">Han forteller at han var p\u00e5 vei hjem da han h\u00f8rte trikken ringe p\u00e5 det som s\u00e5 ut som to personer i gangfeltet. S\u00e5 skjedde sammenst\u00f8tet.<\/p>\n<p class=\"_paragraph_1bvmi_4 _paragraph_xtcu6_10 layout-component text-serif-m layout-normal text-serif-m layout-padded\">\u2013 Det var helt forferdelig \u00e5 se, sier han til VG.<\/p>\n<p><img alt=\"Foto: Sander R\u00f8bech \u2013 VG tipser\" class=\"_image_qp4xg_65 layout-component layout-normal\" data-fullscreen- data-track-element-type=\"Article image fullscreen\" data-track-name=\"ImageFullscreen\" decoding=\"async\" loading=\"lazy\" height=\"1080\" itemprop=\"image\"  src=\"https:\/\/www.europesays.com\/no\/wp-content\/uploads\/2025\/08\/67cdf62c-eff8-4916-9473-6715a403ff35\"  style=\"object-position:0% 0%\" width=\"1920\"\/>Foto: Sander R\u00f8bech \u2013 VG tipser<\/p>\n<p class=\"_paragraph_1bvmi_4 _paragraph_xtcu6_10 layout-component text-serif-m layout-normal text-serif-m layout-padded\">Sander R\u00f8bech befant seg p\u00e5 trikken da ulykken skjedde. Han forteller at alt skjedde sv\u00e6rt raskt.<\/p>\n<p class=\"_paragraph_1bvmi_4 _paragraph_xtcu6_10 layout-component text-serif-m layout-normal text-serif-m layout-padded\">\u2013 Jeg satt p\u00e5 trikken da den plutselig br\u00e5bremset og d\u00f8rene \u00e5pnet. F\u00f8rst forsto jeg ikke hva som hadde skjedd, men skj\u00f8nte raskt at noen var blitt p\u00e5kj\u00f8rt, sier han til\u00a0VG.<\/p>\n<p class=\"_paragraph_1bvmi_4 _paragraph_xtcu6_10 layout-component text-serif-m layout-normal text-serif-m layout-padded\">Han forteller at b\u00e5de han og flere andre passasjerer fors\u00f8kte \u00e5 ringe n\u00f8detatene.<\/p>\n<p class=\"_paragraph_1bvmi_4 _paragraph_xtcu6_10 layout-component text-serif-m layout-normal text-serif-m layout-padded\">\u2013 Alle m\u00e5tte g\u00e5 av trikken og ble bedt om \u00e5 forlate plattformen. Etter syv \u2013 \u00e5tte minutter kom ambulansen, sier R\u00f8bech.<\/p>\n<p class=\"_paragraph_1bvmi_4 _paragraph_xtcu6_10 layout-component text-serif-m layout-normal text-serif-m layout-padded\">Pressekontakt i Sporveien, Tonje Bergmo sier til VG at deres hovedprioritering n\u00e5 er \u00e5 ivareta alle de involverte. <\/p>\n<p class=\"_paragraph_1bvmi_4 _paragraph_xtcu6_10 layout-component text-serif-m layout-normal text-serif-m layout-padded\">\u2013 En person er lettere skadet og en ble hentet med ambulanse. F\u00f8reren av trikken ivaretas n\u00e5, sier hun til VG.<\/p>\n<p>    <img decoding=\"async\" alt=\"Tips oss illustrasjon\" width=\"62px\" height=\"auto\" src=\"https:\/\/www.europesays.com\/no\/wp-content\/uploads\/2025\/08\/1754784428_95_W9avJzE.png\"\/>    <\/p>\n<p class=\"title-serif-s\">Har du tips til oss?<\/p>\n<p class=\"text-sans-m\">Send oss informasjon, bilder eller video<\/p>\n<p>  <a href=\"https:\/\/www.vg.no\/tips-oss\" rel=\"nofollow noopener\" target=\"_blank\"> Tips oss <\/a>      <\/p>\n","protected":false},"excerpt":{"rendered":"N\u00f8detatene har rykket ut etter at to personer har blitt p\u00e5kj\u00f8rt av trikken i Bj\u00f8rvika i Oslo. \u2013&hellip;\n","protected":false},"author":2,"featured_media":15285,"comment_status":"","ping_status":"","sticky":false,"template":"","format":"standard","meta":{"footnotes":""},"categories":[10],"tags":[2897,31,20,21,24,25,15,22,23,13,30,28,29,14,636,16,26,27],"class_list":{"0":"post-15284","1":"post","2":"type-post","3":"status-publish","4":"format-standard","5":"has-post-thumbnail","7":"category-norge","8":"tag-bjorvika","9":"tag-breaking","10":"tag-breaking-news","11":"tag-breakingnews","12":"tag-featured-news","13":"tag-featurednews","14":"tag-headlines","15":"tag-latest-news","16":"tag-latestnews","17":"tag-news","18":"tag-no","19":"tag-norge","20":"tag-norway","21":"tag-nyheter","22":"tag-oslo","23":"tag-overskrifter","24":"tag-top-stories","25":"tag-topstories"},"share_on_mastodon":{"url":"","error":""},"_links":{"self":[{"href":"https:\/\/www.europesays.com\/no\/wp-json\/wp\/v2\/posts\/15284","targetHints":{"allow":["GET"]}}],"collection":[{"href":"https:\/\/www.europesays.com\/no\/wp-json\/wp\/v2\/posts"}],"about":[{"href":"https:\/\/www.europesays.com\/no\/wp-json\/wp\/v2\/types\/post"}],"author":[{"embeddable":true,"href":"https:\/\/www.europesays.com\/no\/wp-json\/wp\/v2\/users\/2"}],"replies":[{"embeddable":true,"href":"https:\/\/www.europesays.com\/no\/wp-json\/wp\/v2\/comments?post=15284"}],"version-history":[{"count":0,"href":"https:\/\/www.europesays.com\/no\/wp-json\/wp\/v2\/posts\/15284\/revisions"}],"wp:featuredmedia":[{"embeddable":true,"href":"https:\/\/www.europesays.com\/no\/wp-json\/wp\/v2\/media\/15285"}],"wp:attachment":[{"href":"https:\/\/www.europesays.com\/no\/wp-json\/wp\/v2\/media?parent=15284"}],"wp:term":[{"taxonomy":"category","embeddable":true,"href":"https:\/\/www.europesays.com\/no\/wp-json\/wp\/v2\/categories?post=15284"},{"taxonomy":"post_tag","embeddable":true,"href":"https:\/\/www.europesays.com\/no\/wp-json\/wp\/v2\/tags?post=15284"}],"curies":[{"name":"wp","href":"https:\/\/api.w.org\/{rel}","templated":true}]}}