{"id":152897,"date":"2026-02-01T15:50:13","date_gmt":"2026-02-01T15:50:13","guid":{"rendered":"https:\/\/www.europesays.com\/no\/152897\/"},"modified":"2026-02-01T15:50:13","modified_gmt":"2026-02-01T15:50:13","slug":"ministeren-sprakk-pa-dagsnytt-18","status":"publish","type":"post","link":"https:\/\/www.europesays.com\/no\/152897\/","title":{"rendered":"\u2013 Ministeren sprakk p\u00e5 Dagsnytt 18"},"content":{"rendered":"<p>5. februar skal Stortinget avgj\u00f8re hva som skal skje med regjeringas vedtak om \u00e5 elektrifisere Melk\u00f8ya. Et flertall best\u00e5ende av KRF, FRP, SV, SP, V og R\u00f8dt har n\u00e5 samlet seg om f\u00f8lgende forslag: Stortinget ber regjeringen legge til rette for at Statnett kan frigi kraften som er tildelt elektrifiseringsprosjektet p\u00e5 Melk\u00f8ya, og legge til rette for at n\u00e6ringsakt\u00f8rer kan s\u00f8ke om nettilgang og tildeling av denne kraften.<\/p>\n<p>FrP, som har blitt beskyldt for \u00e5 vingle om Melk\u00f8ya, fikk noe mer oppmerksomhet og flere sp\u00f8rsm\u00e5l i sakens anledning.<\/p>\n<p>\u2013 Vi foresl\u00e5r at det ferdige Melk\u00f8ya-prosjektet ikke f\u00e5r knytte seg til det ordin\u00e6re str\u00f8mnettet i Nord-Norge (NO4), men benytter gasskraft eller annen alternativ kraft i fremtiden, og vi vil derfor at den tildelte kraften til Melk\u00f8ya frigis. Dette vil gi n\u00e6ringslivet tilgang p\u00e5 kraft til \u00e5 utvikle industri og n\u00e6ringer og sk\u00e5ne lokalbefolkningen for h\u00f8ye str\u00f8mpriser, sa Kristoffer Sivertsen (FrP) if\u00f8lge NRK.<\/p>\n<p>P\u00e5 Dagsnytt 18 samme kveld var det nettopp Sivertsen som forvarte forslaget mot en usedvanlig oppskj\u00f8rtet energiminister Terje Aasland, som i harde ordelag beskyldte FrP og Sivertsen for l\u00f8gn.<\/p>\n<p>\u00abDet vi n\u00e5 h\u00f8rer fra FrP er sv\u00e6rt alvorlig. For det f\u00f8rste baseres ikke det han n\u00e5 sier, p\u00e5 sannheter. Han har l\u00f8gn i det han sier og han unnviker fakta\u00bb, hevdet Aasland.<\/p>\n<p>Videre ba energiministeren Sivertsen om \u00e5 forholde deg til virkeligheten og hevdet at man er godt i gang med \u00e5 gjennomf\u00f8re kraftl\u00f8ftet. Sivertsen svarte som sant er at det er en bl\u00f8ff.<\/p>\n<p>Aasland forsvarte seg med at det bygges ledninger i Finnmark og at hele ledningstraseen frem til Varangerbotn i \u00d8st-Finnmark n\u00e5 konsesjonsbehandles. Men s\u00e6rlig det siste med konsesjonsbehandling er langt ifra \u00e5 v\u00e6re godt i gang.<\/p>\n<p>Skaidi-Lebesby er heftet av forbehold s\u00e5 det holder. 420 kV-linjen Adamselv-Varangerbotn stanger hodet i veggen siden NVE i oktober 2025 stanset prosessen midlertidig og krever bedre svar fra Statnett, knyttet til konsekvensutredninger og reindrift. Dette strekket er derfor, og i praksis, utsatt mange \u00e5r frem i tid, hvis det i det hele tatt blir noe av. S\u00e5 godt i gang er det absolutt ikke.<\/p>\n<p>S\u00e5 smurte Aasland godt p\u00e5 n\u00e5r han kom til kostnadene ved gasskraftverk, og viste til beregninger p\u00e5 over 40 milliarder kroner. Teknologidirekt\u00f8r P\u00e5l Kloster i Techouse (Ocean Powers samarbeidspartner) stusset over denne summen i et innlegg i Energiwatch 16. april 2025:<\/p>\n<p>Vi kjenner oss ikke igjen i investeringskostnaden for et gasskraftverk med CO2 fangst og lagring p\u00e5 40-45 milliarder, ref blant annet E24 artikkel fra 6. februar 2025. Vi mener at beste l\u00f8sning for fangstl\u00f8sning ikke har blitt vurdert. Basert p\u00e5 seri\u00f8se studier mener vi kostnadene ligger i et intervall under 20 milliarder, 12-14 milliarder for kraftanlegget med CCS og 5-6 milliarder for r\u00f8rledning og injeksjonsbr\u00f8nn, (ref Northern Lights-tall for br\u00f8nnkostnader)<\/p>\n<p>Dette er sv\u00e6rt interessant. N\u00e5r Aasland s\u00e5 hevdet at alle vedtak og grunnlaget for Sn\u00f8hvit Future er fattet p\u00e5 lovlig grunnlag, blir det enda mer interessant. Investeringer i petroleumsprosjekter over 15 milliarder kroner krever godkjenning av Stortinget, og under det gj\u00f8r regjeringen som den vil.<\/p>\n<p>Regjeringen vred seg unna Stortinget ved \u00e5 basere sin beslutning om \u00e5 elektrifisere Melk\u00f8ya p\u00e5 et kostnadsestimat akkurat i underkant av 15 milliarder kroner. Deretter steg prisen til over 20 milliarder ved utgangen av 2025. Hvem er l\u00f8gneren her?<\/p>\n<p>Tore-Jan Gjerpeleder Motvind Finnmark<\/p>\n<p>Send inn ditt debattinnlegg til redaksjonen@altaposten.no, og merk innlegget med Debatt<\/p>\n","protected":false},"excerpt":{"rendered":"5. februar skal Stortinget avgj\u00f8re hva som skal skje med regjeringas vedtak om \u00e5 elektrifisere Melk\u00f8ya. Et flertall&hellip;\n","protected":false},"author":2,"featured_media":152898,"comment_status":"","ping_status":"","sticky":false,"template":"","format":"standard","meta":{"footnotes":"","_share_on_mastodon":"0"},"categories":[10],"tags":[20,21,24,25,15,22,23,1486,12311,13,30,28,29,14,16,3481,26,27],"class_list":["post-152897","post","type-post","status-publish","format-standard","has-post-thumbnail","category-norge","tag-breaking-news","tag-breakingnews","tag-featured-news","tag-featurednews","tag-headlines","tag-latest-news","tag-latestnews","tag-melkoya","tag-motvind","tag-news","tag-no","tag-norge","tag-norway","tag-nyheter","tag-overskrifter","tag-statnett","tag-top-stories","tag-topstories"],"share_on_mastodon":{"url":"https:\/\/pubeurope.com\/@no\/115996172138356172","error":""},"_links":{"self":[{"href":"https:\/\/www.europesays.com\/no\/wp-json\/wp\/v2\/posts\/152897","targetHints":{"allow":["GET"]}}],"collection":[{"href":"https:\/\/www.europesays.com\/no\/wp-json\/wp\/v2\/posts"}],"about":[{"href":"https:\/\/www.europesays.com\/no\/wp-json\/wp\/v2\/types\/post"}],"author":[{"embeddable":true,"href":"https:\/\/www.europesays.com\/no\/wp-json\/wp\/v2\/users\/2"}],"replies":[{"embeddable":true,"href":"https:\/\/www.europesays.com\/no\/wp-json\/wp\/v2\/comments?post=152897"}],"version-history":[{"count":0,"href":"https:\/\/www.europesays.com\/no\/wp-json\/wp\/v2\/posts\/152897\/revisions"}],"wp:featuredmedia":[{"embeddable":true,"href":"https:\/\/www.europesays.com\/no\/wp-json\/wp\/v2\/media\/152898"}],"wp:attachment":[{"href":"https:\/\/www.europesays.com\/no\/wp-json\/wp\/v2\/media?parent=152897"}],"wp:term":[{"taxonomy":"category","embeddable":true,"href":"https:\/\/www.europesays.com\/no\/wp-json\/wp\/v2\/categories?post=152897"},{"taxonomy":"post_tag","embeddable":true,"href":"https:\/\/www.europesays.com\/no\/wp-json\/wp\/v2\/tags?post=152897"}],"curies":[{"name":"wp","href":"https:\/\/api.w.org\/{rel}","templated":true}]}}