{"id":15298,"date":"2025-08-22T16:13:48","date_gmt":"2025-08-22T16:13:48","guid":{"rendered":"https:\/\/www.europesays.com\/no\/15298\/"},"modified":"2025-08-22T16:13:48","modified_gmt":"2025-08-22T16:13:48","slug":"media-og-nettroll-ma-ikke-skape-en-ny-tonne-sak","status":"publish","type":"post","link":"https:\/\/www.europesays.com\/no\/15298\/","title":{"rendered":"Media og nettroll m\u00e5 ikke skape en ny T\u00f8nne-sak"},"content":{"rendered":"<p>Han er enn\u00e5 ikke d\u00f8mt. Han er et menneske med virkelig store problemer, men han er ogs\u00e5 en s\u00f8nn, en bror, et barnebarn.<\/p>\n<p>Likevel ser vi hvordan b\u00e5de medier og nettroll fr\u00e5tser i historien. Forsider og overskrifter ruller ut som om dommen allerede var felt. For ikke \u00e5 snakke om de selverkl\u00e6rte kongehusekspertenes dommer fra b\u00e5de inn og utland.<\/p>\n<p>Jeg bare undrer over om vi aldri har opplevd at noen i v\u00e5r egen familie, slekt eller vennekrets har rotet seg bort i dumme ting? Og i s\u00e5 fall, ble de da brettet ut med bilde og navn p\u00e5 f\u00f8rstesidene av landets st\u00f8rste aviser og ukeblader, med tv-kameraer p\u00e5 slep? Eller var de \u00abheldige\u00bb og ble \u00abbare\u00bb d\u00f8mt av den lokale Kr\u00f8sa-Maja i bygda?<\/p>\n<p>Ja, Marius har gjort gale ting. Muligens sv\u00e6rt gale. Han m\u00e5 selvf\u00f8lgelig st\u00e5 til ansvar for det. Jeg f\u00f8ler dypt med de som har blitt utsatt for hans vrede og grove overtramp, og jeg st\u00f8tter fullt og helt ofrene i denne saken. Deres opplevelser m\u00e5 tas p\u00e5 alvor, og de fortjener b\u00e5de rettferdighet og respekt.<\/p>\n<p><img decoding=\"async\" src=\"data:image\/gif;base64,R0lGODlhEAAJAIAAAP\/\/\/wAAACH5BAEAAAAALAAAAAAQAAkAAAIKhI+py+0Po5yUFQA7\" alt=\"\"\/> <\/p>\n<p>  <strong>Foto:<\/strong> Privat Bent Sandvand <\/p>\n<p>Men vi m\u00e5 ikke glemme at det alltid er mange ringer i vannet rundt hver og en av oss. De b\u00f8lgene rammer ofrene hardt, men ogs\u00e5 den siktede og hele hans familie. N\u00e5r mediene bl\u00e5ser opp hver minste detalj og nettrollene kaster bensin p\u00e5 b\u00e5let, risikerer vi \u00e5 skape en ny T\u00f8nne-sak. Vi vet hvordan det endte. Vil vi virkelig ha det ansvaret p\u00e5 v\u00e5re skuldre \u00e9n gang til?<\/p>\n<p>Derfor b\u00f8r vi alle puste roligere. La rettssystemet gj\u00f8re jobben sin. S\u00f8rg for at ofrene blir h\u00f8rt og ivaretatt, men ikke la mediehysteriet og folkedomstolen \u00f8delegge flere liv enn de som allerede er rammet.<\/p>\n<p><a href=\"https:\/\/www.fvn.no\/norgeogverden\/i\/Pp1bv7\/marius-borg-hoeiby-tiltalt-for-blant-annet-voldtekter-og-mishandling-i-naere-relasjoner\" rel=\"nofollow noopener\" target=\"_blank\"> <img decoding=\"async\" src=\"data:image\/gif;base64,R0lGODlhEAAJAIAAAP\/\/\/wAAACH5BAEAAAAALAAAAAAQAAkAAAIKhI+py+0Po5yUFQA7\" alt=\"\"\/>   Marius Borg H\u00f8iby tiltalt for blant annet voldtekter og mishand\u00adling i n\u00e6re rela\u00adsjoner  <\/a> <\/p>\n<p>\u00c5pen <\/p>\n<p><a href=\"https:\/\/www.fvn.no\/mening\/kommentar\/i\/632OwO\/dette-er-vondt-det-blir-verre\" rel=\"nofollow noopener\" target=\"_blank\"> <img decoding=\"async\" src=\"data:image\/gif;base64,R0lGODlhEAAJAIAAAP\/\/\/wAAACH5BAEAAAAALAAAAAAQAAkAAAIKhI+py+0Po5yUFQA7\" alt=\"\"\/>   Dette er vondt. Det blir verre.  <\/a> <a href=\"https:\/\/www.fvn.no\/mening\/debattinnlegg\/i\/Xjyxwx\/kulturredaktoeren-og-kongefamilien\" rel=\"nofollow noopener\" target=\"_blank\"> <img decoding=\"async\" src=\"data:image\/gif;base64,R0lGODlhEAAJAIAAAP\/\/\/wAAACH5BAEAAAAALAAAAAAQAAkAAAIKhI+py+0Po5yUFQA7\" alt=\"\"\/>   Kulturredakt\u00f8ren og kongefamilien  <\/a> <\/p>\n<p>\u00c5pen <\/p>\n","protected":false},"excerpt":{"rendered":"Han er enn\u00e5 ikke d\u00f8mt. Han er et menneske med virkelig store problemer, men han er ogs\u00e5 en&hellip;\n","protected":false},"author":2,"featured_media":15299,"comment_status":"","ping_status":"","sticky":false,"template":"","format":"standard","meta":{"footnotes":""},"categories":[10],"tags":[20,21,525,24,25,15,1222,22,23,400,2898,13,30,28,29,14,16,26,27],"class_list":{"0":"post-15298","1":"post","2":"type-post","3":"status-publish","4":"format-standard","5":"has-post-thumbnail","7":"category-norge","8":"tag-breaking-news","9":"tag-breakingnews","10":"tag-familie","11":"tag-featured-news","12":"tag-featurednews","13":"tag-headlines","14":"tag-kongefamilien","15":"tag-latest-news","16":"tag-latestnews","17":"tag-marius-borg-hoiby","18":"tag-media","19":"tag-news","20":"tag-no","21":"tag-norge","22":"tag-norway","23":"tag-nyheter","24":"tag-overskrifter","25":"tag-top-stories","26":"tag-topstories"},"share_on_mastodon":{"url":"","error":""},"_links":{"self":[{"href":"https:\/\/www.europesays.com\/no\/wp-json\/wp\/v2\/posts\/15298","targetHints":{"allow":["GET"]}}],"collection":[{"href":"https:\/\/www.europesays.com\/no\/wp-json\/wp\/v2\/posts"}],"about":[{"href":"https:\/\/www.europesays.com\/no\/wp-json\/wp\/v2\/types\/post"}],"author":[{"embeddable":true,"href":"https:\/\/www.europesays.com\/no\/wp-json\/wp\/v2\/users\/2"}],"replies":[{"embeddable":true,"href":"https:\/\/www.europesays.com\/no\/wp-json\/wp\/v2\/comments?post=15298"}],"version-history":[{"count":0,"href":"https:\/\/www.europesays.com\/no\/wp-json\/wp\/v2\/posts\/15298\/revisions"}],"wp:featuredmedia":[{"embeddable":true,"href":"https:\/\/www.europesays.com\/no\/wp-json\/wp\/v2\/media\/15299"}],"wp:attachment":[{"href":"https:\/\/www.europesays.com\/no\/wp-json\/wp\/v2\/media?parent=15298"}],"wp:term":[{"taxonomy":"category","embeddable":true,"href":"https:\/\/www.europesays.com\/no\/wp-json\/wp\/v2\/categories?post=15298"},{"taxonomy":"post_tag","embeddable":true,"href":"https:\/\/www.europesays.com\/no\/wp-json\/wp\/v2\/tags?post=15298"}],"curies":[{"name":"wp","href":"https:\/\/api.w.org\/{rel}","templated":true}]}}