{"id":153022,"date":"2026-02-01T18:32:17","date_gmt":"2026-02-01T18:32:17","guid":{"rendered":"https:\/\/www.europesays.com\/no\/153022\/"},"modified":"2026-02-01T18:32:17","modified_gmt":"2026-02-01T18:32:17","slug":"eirin-maria-kvandal-vant-igjen-i-siste-ol-test-sinnssykt-lettet","status":"publish","type":"post","link":"https:\/\/www.europesays.com\/no\/153022\/","title":{"rendered":"Eirin Maria Kvandal vant igjen i siste OL-test: \u2013 Sinnssykt lettet"},"content":{"rendered":"\n<p class=\"_lead_o9xde_2 _lead_xtcu6_50 layout-component text-serif-m layout-normal text-serif-l layout-component layout-wide layout-padded _wide_17hqh_1 layout-padded\">Eirin Maria Kvandal tok sin andre storbakkeseier i Willingen p\u00e5 like mange dager. Et fiaskohopp kostet Anna Odine Str\u00f8m dyrt.<\/p>\n<p> <img class=\"_image_qp4xg_65 layout-component layout-wide\" data-fullscreen- data-track-element-type=\"Article image fullscreen\" data-track-name=\"ImageFullscreen\" fetchpriority=\"high\" decoding=\"sync\" loading=\"eager\" height=\"102\" itemprop=\"image\"  src=\"https:\/\/www.europesays.com\/no\/wp-content\/uploads\/2026\/02\/762eebd6639c9c11d94c1d05ca3c3c8d.jpg\"  style=\"object-position:50% 50%;aspect-ratio:1.75;height:auto;object-fit:cover;width:100%\" width=\"102\"\/>  <\/p>\n<ul aria-hidden=\"true\" class=\"_images_ntbth_112\">\n<li><a class=\"_link_ntbth_117\" href=\"https:\/\/www.vg.no\/forfatter\/ntb\" style=\"z-index:1\" title=\"NTB\" rel=\"nofollow noopener\" target=\"_blank\"><img alt=\"Bilde av NTB\" class=\"_image_ntbth_93\" fetchpriority=\"low\" loading=\"lazy\" decoding=\"async\" itemprop=\"image\"  src=\"https:\/\/www.europesays.com\/no\/wp-content\/uploads\/2026\/02\/1769970736_876_c33980b0-5d07-4027-84a1-813f90a7c8d6.png\"  width=\"480\"\/><\/a><\/li>\n<\/ul>\n<p> Oppdatert s\u00f8ndag 1. februar kl. 16:29     <\/p>\n<p class=\"_paragraph_o9xde_4 _paragraph_xtcu6_10 layout-component text-serif-m layout-normal text-serif-m layout-padded\">Med svev p\u00e5 136 og 138,5 meter tok Kvandal sin \u00e5ttende verdenscupseier i karrieren. L\u00f8rdag klinket hun til med sin f\u00f8rste triumf p\u00e5 ett \u00e5r, og dagen etter fulgte hun opp.<\/p>\n<p class=\"_paragraph_o9xde_4 _paragraph_xtcu6_10 layout-component text-serif-m layout-normal text-serif-m layout-padded\">Nordlendingen slo japanske Nozomi Maruyama med 7,9 poeng. Halvveis l\u00e5 hun p\u00e5 4.-plass og var over ti poeng bak teten.<\/p>\n<p class=\"_paragraph_o9xde_4 _paragraph_xtcu6_10 layout-component text-serif-m layout-normal text-serif-m layout-padded\">\u2013 M\u00e5let mitt i dag var \u00e5 fly helt ned, og det fikk jeg til bra. S\u00e5 da jeg landet der, var jeg sinnssykt lettet, sa Kvandal til Viaplay.<\/p>\n<p><img alt=\"Eirin Maria Kvandal tok to av to mulige seiere i Willingen i helgen.   Foto: Swen Pf\u00f6rtner \/ DPA \/ AP \/ NTB\" class=\"_image_qp4xg_65 layout-component layout-normal\" data-fullscreen- data-track-element-type=\"Article image fullscreen\" data-track-name=\"ImageFullscreen\" decoding=\"async\" loading=\"lazy\" height=\"2857\" itemprop=\"image\"  src=\"https:\/\/www.europesays.com\/no\/wp-content\/uploads\/2026\/02\/27bc8a32-a639-433f-819e-944a6439a6be.png\"  style=\"object-position:0% 0%\" width=\"4286\"\/>Eirin Maria Kvandal tok to av to mulige seiere i Willingen i helgen.   Foto: Swen Pf\u00f6rtner \/ DPA \/ AP \/ NTBFormstigning<\/p>\n<p class=\"_paragraph_o9xde_4 _paragraph_xtcu6_10 layout-component text-serif-m layout-normal text-serif-m layout-padded\">Juryen satte ned avsatsen flere hakk f\u00f8r 24-\u00e5ringens andre hopp. Det taklet hun uten problemer.<\/p>\n<p class=\"_paragraph_o9xde_4 _paragraph_xtcu6_10 layout-component text-serif-m layout-normal text-serif-m layout-padded\">\u2013 Jeg har v\u00e6rt ustabil, men n\u00e5 vet jeg at niv\u00e5et er der. S\u00e5 n\u00e5 gjelder det \u00e5 levere, sa Kvandal og viste til at OL st\u00e5r for tur.<\/p>\n<p class=\"_paragraph_o9xde_4 _paragraph_xtcu6_10 layout-component text-serif-m layout-normal text-serif-m layout-padded\">Seieren var hennes tredje strake i Willingen. Den f\u00f8rste kom i s\u00f8ndagsrennet 1. februar i fjor.<\/p>\n<p class=\"_paragraph_o9xde_4 _paragraph_xtcu6_10 layout-component text-serif-m layout-normal text-serif-m layout-padded\">Str\u00f8m ledet med to poeng f\u00f8r finaleomgangen, men mislyktes helt da rennet skulle avgj\u00f8res. Da klarte hun bare 120 meter og endte som nummer sju.<\/p>\n<p>Full brems<\/p>\n<p class=\"_paragraph_o9xde_4 _paragraph_xtcu6_10 layout-component text-serif-m layout-normal text-serif-m layout-padded\">Det var et uvanlig syn. Str\u00f8m har i vinter v\u00e6rt Norges mest stabile hopper og tatt seg inn p\u00e5 pallen i seks renn.<\/p>\n<p class=\"_paragraph_o9xde_4 _paragraph_xtcu6_10 layout-component text-serif-m layout-normal text-serif-m layout-padded\">\u2013 En skrell. Hun synker litt sammen i satsen og f\u00e5r full brems, sa Viaplays hoppekspert Anders Jakobsen.<\/p>\n<p class=\"_paragraph_o9xde_4 _paragraph_xtcu6_10 layout-component text-serif-m layout-normal text-serif-m layout-padded\">Ingvild Midtskogen ble tredje best p\u00e5 12.-plass, mens Silje Opseth havnet to hakk lenger ned. Et godt finalehopp sendte Gyda Westvold Hansen opp til 19.-plassen.<\/p>\n<p class=\"_paragraph_o9xde_4 _paragraph_xtcu6_10 layout-component text-serif-m layout-normal text-serif-m layout-padded\">Helgens renn i Tyskland var de siste f\u00f8r OL. Norge sender Kvandal, Opseth, Str\u00f8m og Heidi Dyhre Traaserud til lekene i Nord-Italia.<\/p>\n","protected":false},"excerpt":{"rendered":"Eirin Maria Kvandal tok sin andre storbakkeseier i Willingen p\u00e5 like mange dager. Et fiaskohopp kostet Anna Odine&hellip;\n","protected":false},"author":2,"featured_media":153023,"comment_status":"","ping_status":"","sticky":false,"template":"","format":"standard","meta":{"footnotes":"","_share_on_mastodon":"0"},"categories":[59],"tags":[8673,12101,770,30,28,29,10469,83,82],"class_list":["post-153022","post","type-post","status-publish","format-standard","has-post-thumbnail","category-sport","tag-anna-odine-strom","tag-eirin-maria-kvandal","tag-hopp","tag-no","tag-norge","tag-norway","tag-ol-2026","tag-sport","tag-sports"],"share_on_mastodon":{"url":"https:\/\/pubeurope.com\/@no\/115996809178751233","error":""},"_links":{"self":[{"href":"https:\/\/www.europesays.com\/no\/wp-json\/wp\/v2\/posts\/153022","targetHints":{"allow":["GET"]}}],"collection":[{"href":"https:\/\/www.europesays.com\/no\/wp-json\/wp\/v2\/posts"}],"about":[{"href":"https:\/\/www.europesays.com\/no\/wp-json\/wp\/v2\/types\/post"}],"author":[{"embeddable":true,"href":"https:\/\/www.europesays.com\/no\/wp-json\/wp\/v2\/users\/2"}],"replies":[{"embeddable":true,"href":"https:\/\/www.europesays.com\/no\/wp-json\/wp\/v2\/comments?post=153022"}],"version-history":[{"count":0,"href":"https:\/\/www.europesays.com\/no\/wp-json\/wp\/v2\/posts\/153022\/revisions"}],"wp:featuredmedia":[{"embeddable":true,"href":"https:\/\/www.europesays.com\/no\/wp-json\/wp\/v2\/media\/153023"}],"wp:attachment":[{"href":"https:\/\/www.europesays.com\/no\/wp-json\/wp\/v2\/media?parent=153022"}],"wp:term":[{"taxonomy":"category","embeddable":true,"href":"https:\/\/www.europesays.com\/no\/wp-json\/wp\/v2\/categories?post=153022"},{"taxonomy":"post_tag","embeddable":true,"href":"https:\/\/www.europesays.com\/no\/wp-json\/wp\/v2\/tags?post=153022"}],"curies":[{"name":"wp","href":"https:\/\/api.w.org\/{rel}","templated":true}]}}