{"id":15346,"date":"2025-08-22T16:59:08","date_gmt":"2025-08-22T16:59:08","guid":{"rendered":"https:\/\/www.europesays.com\/no\/15346\/"},"modified":"2025-08-22T16:59:08","modified_gmt":"2025-08-22T16:59:08","slug":"ebba-andersson-avslorer-kneskade","status":"publish","type":"post","link":"https:\/\/www.europesays.com\/no\/15346\/","title":{"rendered":"Ebba Andersson avsl\u00f8rer kneskade"},"content":{"rendered":"\n<p class=\"_lead_1bvmi_2 _lead_xtcu6_50 layout-component text-serif-m layout-normal text-serif-l layout-component layout-wide layout-padded _wide_17hqh_1 layout-padded\">Den svenske langrennsstjernen Ebba Andersson p\u00e5dro seg en hittil ukjent kneskade tidligere i sommer. Hun hevder bestemt at den ikke skaper uro.<\/p>\n<p><img alt=\"Ebba Andersson p\u00e5dro seg en kneskade.  Foto: Lise \u00c5serud \/ NTB\" class=\"_image_qp4xg_65 layout-component layout-wide\" data-fullscreen- data-track-element-type=\"Article image fullscreen\" data-track-name=\"ImageFullscreen\" fetchpriority=\"high\" decoding=\"sync\" loading=\"eager\" height=\"2149\" itemprop=\"image\"  src=\"https:\/\/www.europesays.com\/no\/wp-content\/uploads\/2025\/08\/52c3cd2b-2f71-4b03-91c4-42256a51fb56\"  style=\"object-position:0% 0%\" width=\"3214\"\/>Ebba Andersson p\u00e5dro seg en kneskade.  Foto: Lise \u00c5serud \/ NTB<\/p>\n<ul aria-hidden=\"true\" class=\"_images_1y6fe_106\">\n<li><a class=\"_link_1y6fe_111\" href=\"https:\/\/www.vg.no\/forfatter\/ntb\" style=\"z-index:1\" title=\"NTB\" rel=\"nofollow noopener\" target=\"_blank\"><img alt=\"Bilde av NTB\" class=\"_image_1y6fe_88\" fetchpriority=\"low\" loading=\"lazy\" decoding=\"async\" itemprop=\"image\"  src=\"https:\/\/www.europesays.com\/no\/wp-content\/uploads\/2025\/08\/1755881948_599_c33980b0-5d07-4027-84a1-813f90a7c8d6\"  width=\"480\"\/><\/a><\/li>\n<\/ul>\n<p> Oppdatert fredag 22. august kl. 18:09    <\/p>\n<ul class=\"_list_1bvmi_3 _list_1flq1_85 _unordered_1bvmi_99 text-sans-m\">\n<li class=\"_item_1bvmi_30\">Langrennsstjernen Ebba Andersson har p\u00e5dratt seg en meniskskade i kneet.<\/li>\n<li class=\"_item_1bvmi_30\">Skaden trenger ikke operasjon, men krever restitusjon og justert belastning.<\/li>\n<li class=\"_item_1bvmi_30\">Andersson tror ikke skaden vil p\u00e5virke den kommende OL-sesongen.<\/li>\n<\/ul>\n<p>Vis mer <\/p>\n<p class=\"_paragraph_1bvmi_4 _paragraph_xtcu6_10 layout-component text-serif-m layout-normal text-serif-m layout-padded\"> Det er <a href=\"https:\/\/www.dn.se\/sport\/ebba-andersson-knaskadad-men-inte-orolig\/\" class=\"_link_1bvmi_39\" rel=\"nofollow noopener\" target=\"_blank\">i et intervju med Dagens Nyheter <\/a> at OL-gullh\u00e5pet avsl\u00f8rer at ikke alt har g\u00e5tt som det skulle den siste tiden.<\/p>\n<p class=\"_paragraph_1bvmi_4 _paragraph_xtcu6_10 layout-component text-serif-m layout-normal text-serif-m layout-padded\">Under en l\u00f8petur i juli skled 28-\u00e5ringen. Etterp\u00e5 var ikke alt helt bra.<\/p>\n<p class=\"_paragraph_1bvmi_4 _paragraph_xtcu6_10 layout-component text-serif-m layout-normal text-serif-m layout-padded\">\u2013 Jeg f\u00f8lte at noe ikke var hundre prosent som det skulle, sier Andersson, som umiddelbart fikk hjelp av en fysioterapeut.<\/p>\n<p class=\"_paragraph_1bvmi_4 _paragraph_xtcu6_10 layout-component text-serif-m layout-normal text-serif-m layout-padded\">Etter et par uker gjorde hun grundigere unders\u00f8kelser av skaden.<\/p>\n<p class=\"_paragraph_1bvmi_4 _paragraph_xtcu6_10 layout-component text-serif-m layout-normal text-serif-m layout-padded\">\u2013 S\u00e5 fikk jeg beskjed om at det er en liten meniskskade. Ikke noe som trenger operasjon, men den m\u00e5 bare ha tid til restitusjon. Det m\u00e5 bygge seg opp litt rundt kneet, og derfor har jeg m\u00e5ttet korrigere belastningen, sier Andersson.<\/p>\n<p class=\"_paragraph_1bvmi_4 _paragraph_xtcu6_10 layout-component text-serif-m layout-normal text-serif-m layout-padded\">Andersson tok tre gull under VM i Trondheim sist vinter og ble mesterskapets store l\u00f8per p\u00e5 kvinnesiden. <\/p>\n<p class=\"_paragraph_1bvmi_4 _paragraph_xtcu6_10 layout-component text-serif-m layout-normal text-serif-m layout-padded\">Under femmila gikk det derimot skeis:<\/p>\n<p class=\"_paragraph_1bvmi_4 _paragraph_xtcu6_10 layout-component text-serif-m layout-normal text-serif-m layout-padded\">Hun er samtidig fast bestemt p\u00e5 at skaden ikke skaper bekymringer foran den kommende OL-sesongen.<\/p>\n<p class=\"_paragraph_1bvmi_4 _paragraph_xtcu6_10 layout-component text-serif-m layout-normal text-serif-m layout-padded\">\u2013 Jeg har ikke klart \u00e5 gj\u00f8re alt til punkt og prikke slik jeg hadde planlagt. Men jeg har fortsatt hatt like god kvalitet p\u00e5 treningen, sier 28-\u00e5ringen.<\/p>\n","protected":false},"excerpt":{"rendered":"Den svenske langrennsstjernen Ebba Andersson p\u00e5dro seg en hittil ukjent kneskade tidligere i sommer. Hun hevder bestemt at&hellip;\n","protected":false},"author":2,"featured_media":15347,"comment_status":"","ping_status":"","sticky":false,"template":"","format":"standard","meta":{"footnotes":""},"categories":[59],"tags":[2907,398,30,28,29,83,82],"class_list":{"0":"post-15346","1":"post","2":"type-post","3":"status-publish","4":"format-standard","5":"has-post-thumbnail","7":"category-sport","8":"tag-ebba-andersson","9":"tag-langrenn","10":"tag-no","11":"tag-norge","12":"tag-norway","13":"tag-sport","14":"tag-sports"},"share_on_mastodon":{"url":"","error":""},"_links":{"self":[{"href":"https:\/\/www.europesays.com\/no\/wp-json\/wp\/v2\/posts\/15346","targetHints":{"allow":["GET"]}}],"collection":[{"href":"https:\/\/www.europesays.com\/no\/wp-json\/wp\/v2\/posts"}],"about":[{"href":"https:\/\/www.europesays.com\/no\/wp-json\/wp\/v2\/types\/post"}],"author":[{"embeddable":true,"href":"https:\/\/www.europesays.com\/no\/wp-json\/wp\/v2\/users\/2"}],"replies":[{"embeddable":true,"href":"https:\/\/www.europesays.com\/no\/wp-json\/wp\/v2\/comments?post=15346"}],"version-history":[{"count":0,"href":"https:\/\/www.europesays.com\/no\/wp-json\/wp\/v2\/posts\/15346\/revisions"}],"wp:featuredmedia":[{"embeddable":true,"href":"https:\/\/www.europesays.com\/no\/wp-json\/wp\/v2\/media\/15347"}],"wp:attachment":[{"href":"https:\/\/www.europesays.com\/no\/wp-json\/wp\/v2\/media?parent=15346"}],"wp:term":[{"taxonomy":"category","embeddable":true,"href":"https:\/\/www.europesays.com\/no\/wp-json\/wp\/v2\/categories?post=15346"},{"taxonomy":"post_tag","embeddable":true,"href":"https:\/\/www.europesays.com\/no\/wp-json\/wp\/v2\/tags?post=15346"}],"curies":[{"name":"wp","href":"https:\/\/api.w.org\/{rel}","templated":true}]}}