{"id":153539,"date":"2026-02-02T15:06:16","date_gmt":"2026-02-02T15:06:16","guid":{"rendered":"https:\/\/www.europesays.com\/no\/153539\/"},"modified":"2026-02-02T15:06:16","modified_gmt":"2026-02-02T15:06:16","slug":"sport-fotball-klar-tale-en-klokkeklar-signering","status":"publish","type":"post","link":"https:\/\/www.europesays.com\/no\/153539\/","title":{"rendered":"Sport, Fotball | Klar tale: \u2013 En klokkeklar signering"},"content":{"rendered":"\n<p><b>PODKAST: <\/b>Djerv 1919-spilleren har v\u00e6rt p\u00e5 pr\u00f8vespill i FKH de siste ukene. N\u00e5 skal det avgj\u00f8res om han f\u00e5r kontrakt eller ikke.<\/p>\n<p>I mandagens episode av Haugesunds Avis sin fotballpodkast Frelst diskuteres det om FKH b\u00f8r signere Viland Andersen eller ikke.<\/p>\n<p>Johannes Dale Huseb\u00f8 er ikke i tvil.<\/p>\n<p><b>\u2013 Jeg h\u00e5per veldig at Viland Andersen f\u00e5r kontrakt. Han har motivasjonen som skal til for \u00e5 bli en FKH-spiller. Det m\u00e5 nesten skje. Alt ligger til rette for at det er en klokkeklar signering, sier FKH-eksperten i Frelst.<\/b><\/p>\n<p>  <a href=\"https:\/\/www.h-avis.no\/5-62-1983791\" class=\"related-teaser has-image default-story-teaser article--c-eRUmMG article--c-eRUmMG-jKCPdD-design-default\" rel=\"nofollow noopener\" target=\"_blank\"><\/p>\n<p>    <img decoding=\"async\" loading=\"lazy\"  src=\"https:\/\/www.europesays.com\/no\/wp-content\/uploads\/2026\/02\/IMG_8189.jpg\" alt=\"\" class=\"brick-c-cFOWSL\" style=\"\"\/><\/p>\n<p>\n            Les ogs\u00e5<\/p>\n<p>              Snart f\u00e5r Eirik (23) vite om dr\u00f8mmen blir oppfylt\n        <\/p>\n<p>  <\/a><\/p>\n<p>Journalist i Haugesunds Avis, Odd K\u00e5re Gr\u00f8ttland er enig.<\/p>\n<p><b>\u2013 Det lukter m\u00e5lpoeng av Viland. Han har ikke v\u00e6rt str\u00e5lende i treningskampene, men jeg tror han har vist nok til \u00e5 f\u00e5 kontrakt, sier Gr\u00f8ttland i ukens Frelst.<\/b><\/p>\n<p>Hva de to mener om den finske pr\u00f8vespilleren Saku Heiskanen, kan du h\u00f8re i Frelst.<\/p>\n<p>Der f\u00e5r du ogs\u00e5 mer av dette:<\/p>\n<ul>\n<li><b>FKH ble utspilt av et 2. divisjonslag \u2013 grunn til bekymring?<\/b><\/li>\n<li><b>Var det i det hele tatt noen lyspunkter?<\/b><\/li>\n<li><b>Var Mikkel Fischer et greit salg?<\/b><\/li>\n<li><b>Hva trenger FKH \u00e5 f\u00e5 inn n\u00e5?<\/b><\/li>\n<li><b>Huseb\u00f8s dr\u00f8mmesigneringer<\/b><\/li>\n<li><b>Svandal-skade \u2013 slapp vi med skrekken?<\/b><\/li>\n<li><b>Damelaget surfer videre<\/b><\/li>\n<li><b>Dr\u00f8mmen om Horneland<\/b><\/li>\n<\/ul>\n<p>Du kan h\u00f8re hele episoden i spilleren nederst i saken eller der du h\u00f8rer podkast.<\/p>\n","protected":false},"excerpt":{"rendered":"PODKAST: Djerv 1919-spilleren har v\u00e6rt p\u00e5 pr\u00f8vespill i FKH de siste ukene. N\u00e5 skal det avgj\u00f8res om han&hellip;\n","protected":false},"author":2,"featured_media":153540,"comment_status":"","ping_status":"","sticky":false,"template":"","format":"standard","meta":{"footnotes":"","_share_on_mastodon":"0"},"categories":[59],"tags":[36,617,92,1378,30,28,29,1270,83,82,1510],"class_list":["post-153539","post","type-post","status-publish","format-standard","has-post-thumbnail","category-sport","tag-art","tag-fkh","tag-fotball","tag-frelst","tag-no","tag-norge","tag-norway","tag-podkast","tag-sport","tag-sports","tag-story"],"share_on_mastodon":{"url":"https:\/\/pubeurope.com\/@no\/116001661454037194","error":""},"_links":{"self":[{"href":"https:\/\/www.europesays.com\/no\/wp-json\/wp\/v2\/posts\/153539","targetHints":{"allow":["GET"]}}],"collection":[{"href":"https:\/\/www.europesays.com\/no\/wp-json\/wp\/v2\/posts"}],"about":[{"href":"https:\/\/www.europesays.com\/no\/wp-json\/wp\/v2\/types\/post"}],"author":[{"embeddable":true,"href":"https:\/\/www.europesays.com\/no\/wp-json\/wp\/v2\/users\/2"}],"replies":[{"embeddable":true,"href":"https:\/\/www.europesays.com\/no\/wp-json\/wp\/v2\/comments?post=153539"}],"version-history":[{"count":0,"href":"https:\/\/www.europesays.com\/no\/wp-json\/wp\/v2\/posts\/153539\/revisions"}],"wp:featuredmedia":[{"embeddable":true,"href":"https:\/\/www.europesays.com\/no\/wp-json\/wp\/v2\/media\/153540"}],"wp:attachment":[{"href":"https:\/\/www.europesays.com\/no\/wp-json\/wp\/v2\/media?parent=153539"}],"wp:term":[{"taxonomy":"category","embeddable":true,"href":"https:\/\/www.europesays.com\/no\/wp-json\/wp\/v2\/categories?post=153539"},{"taxonomy":"post_tag","embeddable":true,"href":"https:\/\/www.europesays.com\/no\/wp-json\/wp\/v2\/tags?post=153539"}],"curies":[{"name":"wp","href":"https:\/\/api.w.org\/{rel}","templated":true}]}}