{"id":15356,"date":"2025-08-22T17:07:09","date_gmt":"2025-08-22T17:07:09","guid":{"rendered":"https:\/\/www.europesays.com\/no\/15356\/"},"modified":"2025-08-22T17:07:09","modified_gmt":"2025-08-22T17:07:09","slug":"bergen-grieghallen-musikalen-grease-har-premiere-i-grieghallen-i-bergen-her-moter-du-blant-annet-atle-pettersen-charlotte-braenna-mia-gundersen-og-regina-tucker","status":"publish","type":"post","link":"https:\/\/www.europesays.com\/no\/15356\/","title":{"rendered":"Bergen, Grieghallen | Musikalen Grease har premiere i Grieghallen i Bergen. Her m\u00f8ter du blant annet Atle Pettersen, Charlotte Br\u00e6nna, Mia Gundersen og Regina Tucker."},"content":{"rendered":"\n<p>I musikalen m\u00f8ter vi Atle Pettersen og Charlotte Br\u00e6nna i hovedrollene som Danny Zuko og Sandy Dumbrowski.<\/p>\n<p>\u2013 Jeg gleder meg masse, og jeg f\u00f8ler faktisk ingen nerver enn\u00e5, sier Pettersen til BA.<\/p>\n<p>   <img decoding=\"async\" width=\"6150\" height=\"4100\" fetchpriority=\"low\"  loading=\"lazy\"  src=\"https:\/\/www.europesays.com\/no\/wp-content\/uploads\/2025\/08\/6G8A9420-1.jpg\" alt=\"\" class=\"brick-c-cFOWSL\" style=\"--brick-image-ratio: 6150 \/ 4100;\"\/><\/p>\n<p>    Atle Pettersen og Charlotte Br\u00e6nna spiller hovedrollene, Danny og Sandy.<br \/>\n    Foto: SONDRE HORVEI\n  <\/p>\n<p>Forestillingen hadde nylig generalpr\u00f8ve i Lillestr\u00f8m, noe skuespillerne var storforn\u00f8yd med.<\/p>\n<p>\u2013 Det var utrolig god respons p\u00e5 generalpr\u00f8ven, sier Br\u00e6nna.<\/p>\n<p>\u2013 En helt elektrisk stemning! legger Pettersen til.<\/p>\n<p>N\u00e5 ser de frem til \u00e5 gi bergenserne et show.<\/p>\n<p>\u2013 Jeg merker at jeg ikke er 20 \u00e5r lengre<\/p>\n<p>Skuespillerne legger ikke skjul p\u00e5 at det er lange og intense dager, og at det blir godt tempo i helgen.<\/p>\n<p>\u2013 Det er full tr\u00f8kk, s\u00e5 n\u00e5r jeg f\u00f8rst har fritid pr\u00f8ver jeg egentlig bare \u00e5 slappe av og gj\u00f8re minst mulig, sier Pettersen og ler.<\/p>\n<p>Mia Gundersen er ogs\u00e5 med i musikalen, hun spiller l\u00e6reren Miss Lynch.<\/p>\n<p>\u2013 Det er en utrolig morsom rolle, og det er kjekt \u00e5 v\u00e6re en motpol til alle disse ungdommene, sier hun.<\/p>\n<p>   <img decoding=\"async\" width=\"6169\" height=\"4113\" fetchpriority=\"low\"  loading=\"lazy\"  src=\"https:\/\/www.europesays.com\/no\/wp-content\/uploads\/2025\/08\/6G8A9433-3.jpg\" alt=\"\" class=\"brick-c-cFOWSL\" style=\"--brick-image-ratio: 6169 \/ 4113;\"\/><\/p>\n<p>    Mia Gundersen sier hun er sv\u00e6rt takknemlig for \u00e5 v\u00e6re en del av forestillingen.<br \/>\n    Foto: SONDRE HORVEI\n  <\/p>\n<p>Pettersen forteller at rollen som Danny krever mye sang, dans og aktivitet.<\/p>\n<p>\u2013 Det g\u00e5r stort sett fint, men jeg kan trygt si at jeg merker at jeg ikke er 20 \u00e5r lengre, sier han og ler.<\/p>\n<p>\u2013 Jeg er bare glad jeg slipper \u00e5 danse, legger Gundersen til.<\/p>\n<p>Gundersen trives godt p\u00e5 scenen, og hun er sv\u00e6rt stolt over musikalen.<\/p>\n<p>\u2013 Dette er en utrolig dyktig gjeng, og jeg er skr\u00e5sikker p\u00e5 at disse sangene lenge vil sitte i hodet deres, sier hun.<\/p>\n<p>\u2013 Jeg er skamnerv\u00f8s<\/p>\n<p>Bergenseren og artisten, Regina Tucker, ogs\u00e5 kjent som Myra er med i forestillingene her i Bergen. Hun spiller Jenny Casino, som er en vri fra den opprinnelige rollen, Johnny Casino.<\/p>\n<p>\u2013 Jeg er skamnerv\u00f8s, men jeg vet at dette blir g\u00f8y, sier artisten.<\/p>\n<p>   <img decoding=\"async\" width=\"5642\" height=\"3761\" fetchpriority=\"low\"  loading=\"lazy\"  src=\"https:\/\/www.europesays.com\/no\/wp-content\/uploads\/2025\/08\/6G8A9507-15.jpg\" alt=\"\" class=\"brick-c-cFOWSL\" style=\"--brick-image-ratio: 5642 \/ 3761;\"\/><\/p>\n<p>    Regina Tucker, ogs\u00e5 kjent som Myra er kun med i forestillingene som holdes i Bergen.<br \/>\n    Foto: SONDRE HORVEI\n  <\/p>\n<p>Vanligvis bruker Tucker dagene sine i studio og lager hiphop-musikk, men n\u00e5 gj\u00f8r hun sin f\u00f8rste teaterdebut.<\/p>\n<p>\u2013 Jeg har digget Grease siden jeg var en liten jente, derfor vekker dette mitt indre barn, sier bergenseren.<\/p>\n<p>   <img decoding=\"async\" width=\"5690\" height=\"3793\" fetchpriority=\"low\"  loading=\"lazy\"  src=\"https:\/\/www.europesays.com\/no\/wp-content\/uploads\/2025\/08\/6G8A9464-8.jpg\" alt=\"\" class=\"brick-c-cFOWSL\" style=\"--brick-image-ratio: 5690 \/ 3793;\"\/><\/p>\n<p>    Regina Tucker \/ Myra, Charlotte Br\u00e6nna, Atle Pettersen og Mia Gundersen ser frem til premieren.<br \/>\n    Foto: SONDRE HORVEI\n  <\/p>\n<p>  Ekstrashow<\/p>\n<p>If\u00f8lge produsenten, Gusty Utterdahl, arrangeres det syv forestillinger i Bergen, hvorav to av disse er ekstrashow.<\/p>\n<p>\u2013 Vi har solgt over 8000 billetter hittil i Bergen, men med ekstra showene har vi omtrent 1500 billetter ledige n\u00e5, sier produsenten.<\/p>\n<p>Han er storforn\u00f8yd med musikalen, og h\u00e5per bergenserne tar det godt imot.<\/p>\n<p>\u2013 Bergen er absolutt blant byene med mest kulturliv, og best respons p\u00e5 slike forestillinger, p\u00e5peker han.<\/p>\n","protected":false},"excerpt":{"rendered":"I musikalen m\u00f8ter vi Atle Pettersen og Charlotte Br\u00e6nna i hovedrollene som Danny Zuko og Sandy Dumbrowski. \u2013&hellip;\n","protected":false},"author":2,"featured_media":15357,"comment_status":"","ping_status":"","sticky":false,"template":"","format":"standard","meta":{"footnotes":""},"categories":[58],"tags":[36,2912,444,71,2910,2908,410,2911,30,28,29,447,1510,2909,72],"class_list":{"0":"post-15356","1":"post","2":"type-post","3":"status-publish","4":"format-standard","5":"has-post-thumbnail","7":"category-underholdning","8":"tag-art","9":"tag-atle-pettersen","10":"tag-bergen","11":"tag-entertainment","12":"tag-grease","13":"tag-grieghallen","14":"tag-kultur","15":"tag-mia-gundersen","16":"tag-no","17":"tag-norge","18":"tag-norway","19":"tag-nyhet","20":"tag-story","21":"tag-teater","22":"tag-underholdning"},"share_on_mastodon":{"url":"","error":""},"_links":{"self":[{"href":"https:\/\/www.europesays.com\/no\/wp-json\/wp\/v2\/posts\/15356","targetHints":{"allow":["GET"]}}],"collection":[{"href":"https:\/\/www.europesays.com\/no\/wp-json\/wp\/v2\/posts"}],"about":[{"href":"https:\/\/www.europesays.com\/no\/wp-json\/wp\/v2\/types\/post"}],"author":[{"embeddable":true,"href":"https:\/\/www.europesays.com\/no\/wp-json\/wp\/v2\/users\/2"}],"replies":[{"embeddable":true,"href":"https:\/\/www.europesays.com\/no\/wp-json\/wp\/v2\/comments?post=15356"}],"version-history":[{"count":0,"href":"https:\/\/www.europesays.com\/no\/wp-json\/wp\/v2\/posts\/15356\/revisions"}],"wp:featuredmedia":[{"embeddable":true,"href":"https:\/\/www.europesays.com\/no\/wp-json\/wp\/v2\/media\/15357"}],"wp:attachment":[{"href":"https:\/\/www.europesays.com\/no\/wp-json\/wp\/v2\/media?parent=15356"}],"wp:term":[{"taxonomy":"category","embeddable":true,"href":"https:\/\/www.europesays.com\/no\/wp-json\/wp\/v2\/categories?post=15356"},{"taxonomy":"post_tag","embeddable":true,"href":"https:\/\/www.europesays.com\/no\/wp-json\/wp\/v2\/tags?post=15356"}],"curies":[{"name":"wp","href":"https:\/\/api.w.org\/{rel}","templated":true}]}}