{"id":15370,"date":"2025-08-22T17:18:08","date_gmt":"2025-08-22T17:18:08","guid":{"rendered":"https:\/\/www.europesays.com\/no\/15370\/"},"modified":"2025-08-22T17:18:08","modified_gmt":"2025-08-22T17:18:08","slug":"politiet-har-henlagt-straffesaken-mot-drapsmannen-melder-aftenbladet","status":"publish","type":"post","link":"https:\/\/www.europesays.com\/no\/15370\/","title":{"rendered":"Politiet har henlagt straffesaken mot drapsmannen, melder Aftenbladet"},"content":{"rendered":"\n<p class=\"_lead_1bvmi_2 _lead_xtcu6_50 layout-component text-serif-m layout-normal text-serif-l layout-component layout-wide layout-padded _wide_17hqh_1 layout-padded\">Det har v\u00e6rt ventet at saken skulle bli henlagt fordi drapsmannen er d\u00f8d.<\/p>\n<p><img alt=\" Foto: Carina Johansen \/ NTB\" class=\"_image_qp4xg_65 layout-component layout-wide\" data-fullscreen- data-track-element-type=\"Article image fullscreen\" data-track-name=\"ImageFullscreen\" fetchpriority=\"high\" decoding=\"sync\" loading=\"eager\" height=\"5504\" itemprop=\"image\"  src=\"https:\/\/www.europesays.com\/no\/wp-content\/uploads\/2025\/08\/993ebfd2-1495-4232-a76a-6a8dc7059ffa\"  style=\"object-position:0% 0%\" width=\"8256\"\/> Foto: Carina Johansen \/ NTB<\/p>\n<ul aria-hidden=\"true\" class=\"_images_1y6fe_106\">\n<li><a class=\"_link_1y6fe_111\" href=\"https:\/\/www.vg.no\/forfatter\/oscar-stroem-korsnes\" style=\"z-index:1\" title=\"Oscar Str\u00f8m Korsnes\" rel=\"nofollow noopener\" target=\"_blank\"><img alt=\"Bilde av Oscar Str\u00f8m Korsnes\" class=\"_image_1y6fe_88\" fetchpriority=\"low\" loading=\"lazy\" decoding=\"async\" itemprop=\"image\"  src=\"https:\/\/www.europesays.com\/no\/wp-content\/uploads\/2025\/08\/1755883088_768_42bf26cf-ad4c-4de0-a71e-34ecdab4bb12\"  width=\"480\"\/><\/a><\/li>\n<\/ul>\n<p> Oppdatert fredag 22. august kl. 18:22     <\/p>\n<p class=\"_paragraph_1bvmi_4 _paragraph_xtcu6_10 layout-component text-serif-m layout-normal text-serif-m layout-padded\">Forrige onsdag var det klart at <a href=\"https:\/\/www.vg.no\/tag\/klepp?utm_source=vg-article&amp;utm_medium=auto-tagger&amp;utm_campaign=Oovrnb\" class=\"_link_1bvmi_39\" rel=\"nofollow noopener\" target=\"_blank\">Klepp<\/a>-skytingen <a href=\"https:\/\/www.vg.no\/nyheter\/i\/kwkXg6\/politiskytingen-paa-klepp-minst-52-skudd\" data-track-element-type=\"Link\" data-track-id=\"link:kwkXg6\" class=\"_link_1bvmi_39\" rel=\"nofollow noopener\" target=\"_blank\">var ferdig etterforsket <\/a>hos Spesialenheten for politisaker\u00a0<\/p>\n<p class=\"_paragraph_1bvmi_4 _paragraph_xtcu6_10 layout-component text-serif-m layout-normal text-serif-m layout-padded\">Deres avgj\u00f8relse er ventet i l\u00f8pet av h\u00f8sten.<\/p>\n<p class=\"_paragraph_1bvmi_4 _paragraph_xtcu6_10 layout-component text-serif-m layout-normal text-serif-m layout-padded\">Fredag f\u00e5r Stavanger Aftenblad bekreftet at straffesaken mot Geir Roald Hodne er henlagt. Det er Hodnes forsvarer, Hans Marius Thorsn\u00e6s, som bekrefter dette.<\/p>\n<p class=\"_paragraph_1bvmi_4 _paragraph_xtcu6_10 layout-component text-serif-m layout-normal text-serif-m layout-padded\">\u2013 Det sentrale for meg har v\u00e6rt \u00e5 p\u00e5se at min klients interesser har blitt ivaretatt, og \u00e5 bidra til en objektiv og grundig etterforskning. Jeg vurderer at politiets etterforskning har v\u00e6rt nettopp det \u2013 grundig og objektiv, sier Thorsn\u00e6s til Aftenbladet.<\/p>\n<p class=\"_paragraph_1bvmi_4 _paragraph_xtcu6_10 layout-component text-serif-m layout-normal text-serif-m layout-padded\">If\u00f8lge Aftenbladet har politiet flere ganger tidligere sagt at saken kom til \u00e5 bli henlagt fordi Hodne selv er d\u00f8d.<\/p>\n<p class=\"_paragraph_1bvmi_4 _paragraph_xtcu6_10 layout-component text-serif-m layout-normal text-serif-m layout-padded\">Hodne avfyrte minst 21 skudd mot politiet.<\/p>\n<p class=\"_paragraph_1bvmi_4 _paragraph_xtcu6_10 layout-component text-serif-m layout-normal text-serif-m layout-padded\">\u2013 Antallet skudd er basert p\u00e5 tomhylser som er funnet p\u00e5 \u00e5stedet. Det kan ikke utelukkes at b\u00e5de politiet og Hodne avfyrte ytterligere noen skudd der tomhylsene ikke er funnet, skrev Spesialenheten for politisaker forrige uke.<\/p>\n<p>Skuddene p\u00e5 Klepp<\/p>\n<p class=\"_paragraph_1bvmi_4 _paragraph_xtcu6_10 _paragraph_16v91_10 layout-component text-serif-m layout-normal text-sans-m layout-padded\">Det var\u00a0<a href=\"https:\/\/www.vg.no\/tag\/skuddene-paa-klepp?utm_source=sdrn%3Avg%3Aarticle%3AnybnQL&amp;utm_medium=Tags&amp;utm_content=tag%3Askuddene-paa-klepp\" class=\"_link_1bvmi_39\" rel=\"nofollow noopener\" target=\"_blank\">natt til l\u00f8rdag 28. desember 2024<\/a>\u00a0at det oppsto en fatal skuddveksling p\u00e5 Klepp.<\/p>\n<ul class=\"_list_1bvmi_3 _list_xtcu6_9 _list_16v91_9 _unordered_1bvmi_99 layout-component text-serif-m layout-normal text-sans-m layout-padded\">\n<li class=\"_item_1bvmi_30\">Klokken 01.08 fikk politiet melding om en mulig trusselsituasjon p\u00e5 J\u00e6ren.<\/li>\n<li class=\"_item_1bvmi_30\">I trusselmeldingen kom det frem at den siktede og avd\u00f8de Hodne hadde et v\u00e5pen, og truet med \u00e5 tenne p\u00e5 huset sitt.<\/li>\n<li class=\"_item_1bvmi_30\">En knapp halvtime senere stoppet politiet en bil p\u00e5 Klepp. S\u00e5 begynte skytingen.<\/li>\n<li class=\"_item_1bvmi_30\">Politiet har sagt at det oppsto skuddveksling etter at politiet ble skutt mot fra den anholdte bilen.<\/li>\n<li class=\"_item_1bvmi_30\">Det var en mann i 50-\u00e5rene som kj\u00f8rte bilen. Geir Roald Hodne satt i passasjersetet.<\/li>\n<li class=\"_item_1bvmi_30\">Bildene fra \u00e5stedet viser flere kulehull i frontruten.<\/li>\n<li class=\"_item_1bvmi_30\">Kollegaen som delte bil med Botnen, ble ogs\u00e5 skutt. Vedkommende ble truffet i foten og overlevde.<\/li>\n<li class=\"_item_1bvmi_30\">I tillegg til drapet p\u00e5 Botnen, er den avd\u00f8de 41-\u00e5ringen siktet for to drapsfors\u00f8k og grove trusler.<\/li>\n<li class=\"_item_1bvmi_30\">Hodne var passasjer i en bil som politiet stoppet denne romjulsnatten.\u00a0<a href=\"https:\/\/www.vg.no\/nyheter\/i\/AvQ4GA\/forsvarer-om-klepp-skytingen-mistenkte-i-40-aarene-moette-opp-paa-doeren-med-pistol?utm_source=sdrn%3Avg%3Aarticle%3A7349xw&amp;utm_medium=Link&amp;utm_content=link%3AAvQ4GA\" data-track-element-type=\"Link\" data-track-id=\"link:AvQ4GA\" class=\"_link_1bvmi_39\" rel=\"nofollow noopener\" target=\"_blank\">Sj\u00e5f\u00f8ren f\u00f8lte seg truet<\/a>, har advokaten hans sagt.<\/li>\n<\/ul>\n<p>Vis mer<\/p>\n<p class=\"_paragraph_1bvmi_4 _paragraph_xtcu6_10 layout-component text-serif-m layout-normal text-serif-m layout-padded\">Den kriminaltekniske rapporten fra Kripos ble tidligere i sommer oversendt til Spesialenheten.<\/p>\n<p class=\"_paragraph_1bvmi_4 _paragraph_xtcu6_10 layout-component text-serif-m layout-normal text-serif-m layout-padded\">Der kommer det frem at politiet avfyrte minst 31 skudd, fordelt p\u00e5 de tre politibetjentene som har status som mistenkt i saken. Avd\u00f8de politibetjent Markus Botnen er blant de tre.<\/p>\n","protected":false},"excerpt":{"rendered":"Det har v\u00e6rt ventet at saken skulle bli henlagt fordi drapsmannen er d\u00f8d. Foto: Carina Johansen \/ NTB&hellip;\n","protected":false},"author":2,"featured_media":15371,"comment_status":"","ping_status":"","sticky":false,"template":"","format":"standard","meta":{"footnotes":""},"categories":[10],"tags":[20,21,24,25,15,1470,22,23,13,30,28,29,14,16,26,27],"class_list":{"0":"post-15370","1":"post","2":"type-post","3":"status-publish","4":"format-standard","5":"has-post-thumbnail","7":"category-norge","8":"tag-breaking-news","9":"tag-breakingnews","10":"tag-featured-news","11":"tag-featurednews","12":"tag-headlines","13":"tag-klepp","14":"tag-latest-news","15":"tag-latestnews","16":"tag-news","17":"tag-no","18":"tag-norge","19":"tag-norway","20":"tag-nyheter","21":"tag-overskrifter","22":"tag-top-stories","23":"tag-topstories"},"share_on_mastodon":{"url":"","error":""},"_links":{"self":[{"href":"https:\/\/www.europesays.com\/no\/wp-json\/wp\/v2\/posts\/15370","targetHints":{"allow":["GET"]}}],"collection":[{"href":"https:\/\/www.europesays.com\/no\/wp-json\/wp\/v2\/posts"}],"about":[{"href":"https:\/\/www.europesays.com\/no\/wp-json\/wp\/v2\/types\/post"}],"author":[{"embeddable":true,"href":"https:\/\/www.europesays.com\/no\/wp-json\/wp\/v2\/users\/2"}],"replies":[{"embeddable":true,"href":"https:\/\/www.europesays.com\/no\/wp-json\/wp\/v2\/comments?post=15370"}],"version-history":[{"count":0,"href":"https:\/\/www.europesays.com\/no\/wp-json\/wp\/v2\/posts\/15370\/revisions"}],"wp:featuredmedia":[{"embeddable":true,"href":"https:\/\/www.europesays.com\/no\/wp-json\/wp\/v2\/media\/15371"}],"wp:attachment":[{"href":"https:\/\/www.europesays.com\/no\/wp-json\/wp\/v2\/media?parent=15370"}],"wp:term":[{"taxonomy":"category","embeddable":true,"href":"https:\/\/www.europesays.com\/no\/wp-json\/wp\/v2\/categories?post=15370"},{"taxonomy":"post_tag","embeddable":true,"href":"https:\/\/www.europesays.com\/no\/wp-json\/wp\/v2\/tags?post=15370"}],"curies":[{"name":"wp","href":"https:\/\/api.w.org\/{rel}","templated":true}]}}