{"id":15389,"date":"2025-08-22T17:40:13","date_gmt":"2025-08-22T17:40:13","guid":{"rendered":"https:\/\/www.europesays.com\/no\/15389\/"},"modified":"2025-08-22T17:40:13","modified_gmt":"2025-08-22T17:40:13","slug":"helgelandssykehuset-mosjoen-slik-forbereder-ambulansetjenesten-seg-til-1-oktober-det-har-vaert-et-eksepsjonelt-godt-engasjement","status":"publish","type":"post","link":"https:\/\/www.europesays.com\/no\/15389\/","title":{"rendered":"Helgelandssykehuset, Mosj\u00f8en | Slik forbereder ambulansetjenesten seg til 1. oktober: \u2013 Det har v\u00e6rt et eksepsjonelt godt engasjement"},"content":{"rendered":"\n<p>Fra 1. oktober flyttes alle d\u00f8gn- og akuttfunksjoner ved Helgelandssykehuset Mosj\u00f8en til Mo i Rana og Sandnessj\u00f8en. For \u00e5 sikre pasientsikkerheten og beredskapen i Vefsn, Hattfjelldal og Grane, har Prehospital klinikk gjennomf\u00f8rt omfattende forberedelser for \u00e5 h\u00e5ndtere den \u00f8kte aktiviteten, melder Helgelandssykehuset i en pressemelding fredag.<\/p>\n<p>Bestillingen fra Helse Nord og helseminister Jan Christian Vestre har v\u00e6rt at den prehospitale tjenesten skal v\u00e6re opptrappet i god tid f\u00f8r 1. oktober.<\/p>\n<p>\u2013 Vi skal v\u00e6re klare i midten av september, sier klinikksjef J\u00f8rgen Nilsen i Prehospital klinikk i pressemeldinga.<\/p>\n<p><b>I samme tidsrom skal inntak av \u00f8yeblikkelig hjelp-pasienter trappes ned ved sykehuset i Mosj\u00f8en.<\/b><\/p>\n<p>Nye ansatte i ambulansetjenesten<\/p>\n<p>Etter s\u00f8knadsprosessen f\u00f8r sommeren, er det ansatt 12 nye medarbeidere i ambulansetjenesten i Vefsn, for \u00e5 bemanne de to ekstra ambulansene som skal settes i drift.<\/p>\n<p>\u00d8kning i antall ambulanser og ambulansepersonell krever tilpasning av lokaler. Det tilrettelegges for ny ambulansestasjon med soverom, kontorer, m\u00f8terom, oppholdsrom og kj\u00f8kken inne p\u00e5 sykehuset. Det er planlagt og s\u00f8kt om bygging av en ny ambulansegarasje i tilknytning til sykehuset.<\/p>\n<p>\u00abAmbulansestasjonen og nye ambulansegarasjer er viktig for \u00e5 sikre gode, trygge og framtidsrettede arbeidsforhold. Gode fysiske rammer og arbeidsforhold er viktige elementer for uthvilte og klare ansatte\u00bb, heter det i pressemeldingen.<\/p>\n<p>For \u00e5 ivareta oppl\u00e6ringsbehovene knyttet til ny organisering, er det ansatt en ekstra fagutvikler i ambulansesone 3, som omfatter Vefsn, Hattfjelldal og Grane. Ny fagutvikler vil i samarbeid med fagstaben i klinikken sikre at b\u00e5de nyansatte og eksisterende ansatte er godt rustet til en endret hverdag.<\/p>\n<p>Slagalarm<\/p>\n<p>Fra 1. oktober vil det v\u00e6re d\u00f8gnbasert slagalarm i Mosj\u00f8en, etter modell fra Br\u00f8nn\u00f8ysund. I f\u00f8rste fase vil CT-maskinen betjenes av radiograf i Mosj\u00f8en. Prosjektgruppa har arbeidet siden p\u00e5ske for \u00e5 sikre kvalitet, pasientsikkerhet og en helhetlig gjennomf\u00f8ring av etableringen.<\/p>\n<p>I og med at det er kj\u00f8pt ny CT i Mosj\u00f8en, og denne ankommer i disse dager, startet prosjektgruppa oppl\u00e6ring av ambulansepersonell i Br\u00f8nn\u00f8ysund f\u00f8r sommeren. I uke 38 skal det gjennomf\u00f8res fullskala \u00f8velser i Mosj\u00f8en med alt involvert personell.<\/p>\n<p>      Tett dialog<\/p>\n<p>Gjennom mange m\u00e5neder har klinikksjef J\u00f8rgen Nilsen hatt ukentlige m\u00f8ter med sine ansatte, tillitsvalgte og vernetjeneste.<\/p>\n<p>\u2013 Det har v\u00e6rt et eksepsjonelt godt engasjement og l\u00f8sningsfokus. Uten alles innsats hadde dette ikke v\u00e6rt mulig, roser han i pressemeldingen.<\/p>\n<p>I tillegg har klinikken hatt ukentlige m\u00f8ter i OU prehospital med deltakere fra kommunene og Helgelandssykehuset, for \u00e5 forberede seg for endringen som skal skje. OU prehospital best\u00e5r av delprosjektene slagalarm Mosj\u00f8en, ROS akuttmedisinsk beredskap, styrking av ambulansetjenesten, Trygg akuttmedisin og utredning av akuttbil ambulansesone 3.<\/p>\n<p>\u2013 Vi har f\u00e5tt verdifulle innspill fra kommuner, kommuneleger og brukerutvalget. Det er gjennom samarbeid og samhandling med kommunene at vi i fellesskap klarer \u00e5 levere de beste tjenestene til innbyggerne, sier klinikksjef Nilsen.<\/p>\n<p>  <a href=\"https:\/\/www.helg.no\/5-24-1068985\" class=\"related-teaser has-image default-story-teaser article--c-eRUmMG article--c-eRUmMG-jKCPdD-design-default\" rel=\"nofollow noopener\" target=\"_blank\"><\/p>\n<p>    <img decoding=\"async\" loading=\"lazy\"  src=\"https:\/\/www.europesays.com\/no\/wp-content\/uploads\/2025\/08\/DSC_7282.jpg\" alt=\"\" class=\"brick-c-cFOWSL\" style=\"\"\/><\/p>\n<p>\n            Les ogs\u00e5<\/p>\n<p>              Nyansettelser skaper splid: \u2013 At kollegaer undergraver v\u00e5r yrkestittel er s\u00e5rende for mange\n        <\/p>\n<p>  <\/a><\/p>\n<p>  <a href=\"https:\/\/www.helg.no\/5-24-1068387\" class=\"related-teaser has-image default-story-teaser article--c-eRUmMG article--c-eRUmMG-jKCPdD-design-default\" rel=\"nofollow noopener\" target=\"_blank\"><\/p>\n<p>    <img decoding=\"async\" loading=\"lazy\"  src=\"https:\/\/www.europesays.com\/no\/wp-content\/uploads\/2025\/08\/5_24_947013+JCN_3421+2.jpg\" alt=\"\" class=\"brick-c-cFOWSL\" style=\"\"\/><\/p>\n<p>\n            Les ogs\u00e5<\/p>\n<p>              Rekordstor interesse for ambulansestillingene \u2013 disse fikk jobben\n        <\/p>\n<p>  <\/a><\/p>\n","protected":false},"excerpt":{"rendered":"Fra 1. oktober flyttes alle d\u00f8gn- og akuttfunksjoner ved Helgelandssykehuset Mosj\u00f8en til Mo i Rana og Sandnessj\u00f8en. For&hellip;\n","protected":false},"author":2,"featured_media":15390,"comment_status":"","ping_status":"","sticky":false,"template":"","format":"standard","meta":{"footnotes":""},"categories":[5],"tags":[465,36,20,21,24,25,15,40,39,19,22,23,17,18,1068,13,30,28,29,14,16,1510,26,27],"class_list":{"0":"post-15389","1":"post","2":"type-post","3":"status-publish","4":"format-standard","5":"has-post-thumbnail","7":"category-overskrifter","8":"tag-arbeidsliv","9":"tag-art","10":"tag-breaking-news","11":"tag-breakingnews","12":"tag-featured-news","13":"tag-featurednews","14":"tag-headlines","15":"tag-helgelandssykehuset","16":"tag-helse-og-omsorg","17":"tag-hovedoppslag","18":"tag-latest-news","19":"tag-latestnews","20":"tag-main-news","21":"tag-mainnews","22":"tag-mosjoen","23":"tag-news","24":"tag-no","25":"tag-norge","26":"tag-norway","27":"tag-nyheter","28":"tag-overskrifter","29":"tag-story","30":"tag-top-stories","31":"tag-topstories"},"share_on_mastodon":{"url":"","error":""},"_links":{"self":[{"href":"https:\/\/www.europesays.com\/no\/wp-json\/wp\/v2\/posts\/15389","targetHints":{"allow":["GET"]}}],"collection":[{"href":"https:\/\/www.europesays.com\/no\/wp-json\/wp\/v2\/posts"}],"about":[{"href":"https:\/\/www.europesays.com\/no\/wp-json\/wp\/v2\/types\/post"}],"author":[{"embeddable":true,"href":"https:\/\/www.europesays.com\/no\/wp-json\/wp\/v2\/users\/2"}],"replies":[{"embeddable":true,"href":"https:\/\/www.europesays.com\/no\/wp-json\/wp\/v2\/comments?post=15389"}],"version-history":[{"count":0,"href":"https:\/\/www.europesays.com\/no\/wp-json\/wp\/v2\/posts\/15389\/revisions"}],"wp:featuredmedia":[{"embeddable":true,"href":"https:\/\/www.europesays.com\/no\/wp-json\/wp\/v2\/media\/15390"}],"wp:attachment":[{"href":"https:\/\/www.europesays.com\/no\/wp-json\/wp\/v2\/media?parent=15389"}],"wp:term":[{"taxonomy":"category","embeddable":true,"href":"https:\/\/www.europesays.com\/no\/wp-json\/wp\/v2\/categories?post=15389"},{"taxonomy":"post_tag","embeddable":true,"href":"https:\/\/www.europesays.com\/no\/wp-json\/wp\/v2\/tags?post=15389"}],"curies":[{"name":"wp","href":"https:\/\/api.w.org\/{rel}","templated":true}]}}