{"id":154395,"date":"2026-02-03T18:18:11","date_gmt":"2026-02-03T18:18:11","guid":{"rendered":"https:\/\/www.europesays.com\/no\/154395\/"},"modified":"2026-02-03T18:18:11","modified_gmt":"2026-02-03T18:18:11","slug":"tilbake-for-norge","status":"publish","type":"post","link":"https:\/\/www.europesays.com\/no\/154395\/","title":{"rendered":"Tilbake for Norge"},"content":{"rendered":"<p class=\"kicker \" style=\"\">Marius Borg H\u00f8iby<\/p>\n<p>    Det vil bli foretatt en medisinsk vurdering av om H\u00f8iby skal v\u00e6re p\u00e5 sykehus eller i fengsel, bekrefter forsvarer.\u00a0<\/p>\n<p>\n    SKAL UNDERS\u00d8KES: Marius Borg H\u00f8iby var preget i retten tirsdag, og skal n\u00e5 unders\u00f8kes om hvorvidt han er frisk nok til \u00e5 v\u00e6re i fengsel. Foto: Heiko Junge \/ NTB\n  <\/p>\n<p>Kort tid f\u00f8r Marius Borg H\u00f8iby (29) m\u00f8tte i retten tirsdag morgen, kom det opplysninger om at han hadde v\u00e6rt innlagt p\u00e5 sykehus. Rettssakens f\u00f8rste dag ble gjennomf\u00f8rt som vanlig &#8211; til tross for at 29-\u00e5ringen var preget p\u00e5 tiltalebenken.\u00a0<\/p>\n<p>S\u00f8ndag kveld ble han <a href=\"https:\/\/www.dagbladet.no\/nyheter\/fengslet-siktet-for-knivtrusler\/84176729\" rel=\"nofollow noopener\" target=\"_blank\">p\u00e5grepet og siktet for nye lovbrudd<\/a> &#8211; en kroppskrenkelse, knivtrusler og brudd p\u00e5 bes\u00f8ksforbud mot ekskj\u00e6resten, den s\u00e5kalte \u00abFrogner-kvinnen\u00bb.\u00a0<\/p>\n<p>H\u00f8iby har ikke tatt stilling til straffskyld om dette. Mandag ettermiddag ble han besluttet varetektsfengslet i fire uker.\u00a0<\/p>\n<p>N\u00e5r retten er hevet tirsdag klokka 16, fraktes kronprinsessens eldste s\u00f8nn tilbake til varetekt. Det skal imidlertid vurderes om han er frisk nok til \u00e5 v\u00e6re der eller om han skal flyttes til sykehus, if\u00f8lge hans forsvarer.\u00a0<\/p>\n<p>&#8211; Det vil bli foretatt en medisinsk vurdering av om han kan v\u00e6re der. Det er fengselets helseavdeling som tar seg av det, sier forsvarer Petar Sekulic.\u00a0<\/p>\n<p>        <img loading=\"lazy\" decoding=\"async\" src=\"https:\/\/www.europesays.com\/no\/wp-content\/uploads\/2026\/02\/1770142690_790_84183403.webp.webp\" width=\"686\" height=\"460\" title=\"EKSTRAORDIN\u00c6R SITUASJON: Petar Sekulic, som sammen med Ellen Holager Anden\u00e6s forsvarer H\u00f8iby, sier at det har har v\u00e6rt en belastende dag for H\u00f8iby. Foto: J\u00f8rn H. Moen \/ Dagbladet\" alt=\"\" class=\"\" style=\"--aspect-ratio-image: 1.49; \"\/><\/p>\n<p>\n        EKSTRAORDIN\u00c6R SITUASJON: Petar Sekulic, som sammen med Ellen Holager Anden\u00e6s forsvarer H\u00f8iby, sier at det har har v\u00e6rt en belastende dag for H\u00f8iby. Foto: J\u00f8rn H. Moen \/ Dagbladet\n    <\/p>\n<p class=\"italic m-italic\" data-lab-italic=\"italic\">&#8211; Hvordan har det v\u00e6rt for ham \u00e5 m\u00f8te i retten i dag?<\/p>\n<p>&#8211; Det har ikke v\u00e6rt greit. Det har v\u00e6rt tungt &#8211; som forventet, egentlig. Men n\u00e5r han da i tillegg sitter varetektsfengslet, er jo det en tilleggsbelastning i denne helt spesielle situasjonen. Det er mange som sitter i varetekt under hovedforhandling, og det g\u00e5r helt greit, men dette her er en helt ekstraordin\u00e6r situasjon for ham personlig og familien hans. Derfor blir det en tilleggsbelastning som er bekymringsfull, vil jeg si. <\/p>\n<p>Forsvareren \u00f8nsker ikke \u00e5 kommentere sykehusoppholdet eller H\u00f8ibys helsetilstand noe n\u00e6rmere.\u00a0<\/p>\n<p>    <a itemprop=\"url\" href=\"https:\/\/www.dagbladet.no\/nyheter\/tok-til-tarene-jeg-skjelver\/84181933\" rel=\"nofollow noopener\" target=\"_blank\"><\/p>\n<p>        <img loading=\"lazy\" decoding=\"async\" src=\"https:\/\/www.europesays.com\/no\/wp-content\/uploads\/2026\/02\/1770142690_181_84182624.webp.webp\" width=\"980\" height=\"441\" title=\"Tok til t\u00e5rene: - Jeg skjelver\" alt=\"\" class=\"lazyload\" style=\"--aspect-ratio-image: 2.22; \"\/><\/p>\n<p>        Tok til t\u00e5rene: &#8211; Jeg skjelver<\/p>\n<p>    <\/a><\/p>\n<p>Hardt ut mot pressen<\/p>\n<p>Forsvarer Ellen Holager Anden\u00e6s brukte mye tid i sitt innledningsforedrag p\u00e5 \u00e5 g\u00e5 <a href=\"https:\/\/www.dagbladet.no\/nyheter\/tordner-ingen-tar-ansvar\/84182095\" rel=\"nofollow noopener\" target=\"_blank\">hardt ut mot mediedekningen av saken<\/a> og lekkasjene som har v\u00e6rt.<\/p>\n<p>&#8211; Det var for \u00e5 illustrere hva han har v\u00e6rt gjennom, og hans s\u00e6rlige frykt for forh\u00e5ndsd\u00f8mming, sier forsvareren.<\/p>\n<p>Han utdyper:\u00a0<\/p>\n<p>&#8211; Det har v\u00e6rt en voldsom p\u00e5kjenning som har g\u00e5tt utover konsentrasjonen og forberedelsene. Som dere vet, har han ogs\u00e5 blitt fotografert p\u00e5 vei inn til v\u00e5re lokaler &#8211; noe som gj\u00f8r at han blir ekstra engstelig. Da har vi m\u00e5ttet finne nye lokaler.<\/p>\n<p class=\"italic m-italic\" data-lab-italic=\"italic\">&#8211; Hva gj\u00f8r dere n\u00e5 for \u00e5 f\u00e5 ham gjennom disse sju ukene i retten? Gj\u00f8r dere noe spesielt for \u00e5 ta vare p\u00e5 ham?<\/p>\n<p>&#8211; Ja, vi gj\u00f8r det, men n\u00f8yaktig hvilke grep vi tar, \u00f8nsker jeg ikke \u00e5 g\u00e5 inn p\u00e5 ettersom det ber\u00f8rer helserelaterte forhold.<\/p>\n<p>        <img loading=\"lazy\" decoding=\"async\" src=\"https:\/\/www.europesays.com\/no\/wp-content\/uploads\/2026\/02\/1770142691_424_84183416.webp.webp\" width=\"686\" height=\"460\" title=\"VITNET: Tirsdag ettermiddag inntok den f\u00f8rste forn\u00e6rmede kvinnen vitneboksen i straffesaken mot kronprinsessens s\u00f8nn. Kvinnens bistandsadvokat, John Christian Elden, sier at det har v\u00e6rt en stor belastning for henne. Foto: J\u00f8rn H. Moen \/ Dagbladet\" alt=\"\" class=\"\" style=\"--aspect-ratio-image: 1.49; \"\/><\/p>\n<p>\n        VITNET: Tirsdag ettermiddag inntok den f\u00f8rste forn\u00e6rmede kvinnen vitneboksen i straffesaken mot kronprinsessens s\u00f8nn. Kvinnens bistandsadvokat, John Christian Elden, sier at det har v\u00e6rt en stor belastning for henne. Foto: J\u00f8rn H. Moen \/ Dagbladet\n    <\/p>\n<p>Skal g\u00e5 som planlagt  <\/p>\n<p>Sekulic \u00f8nsker ikke \u00e5 kommentere hva som vil komme fram i H\u00f8ibys forklaring til retten &#8211; som etter planen skal starte onsdag.\u00a0<\/p>\n<p> &#8211; S\u00e5 lenge helsa holder, skal det g\u00e5 som planlagt. S\u00e5 f\u00e5r vi se hvordan det blir med det, sier Sekulic.<\/p>\n<p>P\u00e5 et tidspunkt under rettssaken tirsdag flyttet 29-\u00e5ringen seg fra plassen mellom sine forsvarere til benken bak. Forsvareren \u00f8nsker ikke \u00e5 si noe konkret om hvorfor det skjedde.\u00a0<\/p>\n<p>&#8211; Dere kunne sikkert se at han var preget, og vi pr\u00f8ver \u00e5 legge forholdene til rette for ham p\u00e5 best mulig m\u00e5te, slik at belastningen blir s\u00e5 liten som mulig. <\/p>\n<p>Vil holde ham fengslet  <\/p>\n<p>P\u00e5 sp\u00f8rsm\u00e5l om p\u00e5talemyndigheten \u00f8nsker \u00e5 holde H\u00f8iby varetektsfengslet gjennom hele hovedforhandlingen &#8211; som varer fram til 20. mars &#8211; svarer statsadvokat Sturla Henriksb\u00f8:<\/p>\n<p>&#8211; Loven er s\u00e5nn at hvis man er fengslet og hovedforhandlingen fortsatt p\u00e5g\u00e5r, s\u00e5 blir fengslingsperioden automatisk forlenget ut hele hovedforhandlingen &#8211; og dermed ogs\u00e5 ytterligere fire uker etter det. S\u00e5 planen v\u00e5r er at han forblir i varetekt, sier han.<\/p>\n<p>        <img loading=\"lazy\" decoding=\"async\" src=\"https:\/\/www.europesays.com\/no\/wp-content\/uploads\/2026\/02\/1770142691_734_84183423.webp.webp\" width=\"686\" height=\"460\" title=\"VARETEKT: Statsadvokat Sturla Henriksb\u00f8 sier at deres plan er at H\u00f8iby forblir i varetekt gjennom hele hovedforhandlingen. Foto: J\u00f8rn H. Moen \/ Dagbladet\" alt=\"\" class=\"\" style=\"--aspect-ratio-image: 1.49; \"\/><\/p>\n<p>\n        VARETEKT: Statsadvokat Sturla Henriksb\u00f8 sier at deres plan er at H\u00f8iby forblir i varetekt gjennom hele hovedforhandlingen. Foto: J\u00f8rn H. Moen \/ Dagbladet\n    <\/p>\n<p class=\"italic m-italic\" data-lab-italic=\"italic\">&#8211; Hvor alvorlig ser dere p\u00e5 at han beg\u00e5r nye lovbrudd n\u00e5, s\u00e5 tett opp mot rettssaken?\u00a0<\/p>\n<p>&#8211; Alvorligheten er synliggjort ved at retten har besluttet \u00e5 varetektsfengsle ham, som inneb\u00e6rer at man mener at samfunnet trenger at han er i varetekt. <\/p>\n<p>Tirsdag vitnet en av de forn\u00e6rmede kvinnene hvor H\u00f8iby er tiltalt for en sovevoldtekt. Onsdag skal han f\u00e5 gi sin versjon av hva som skjedde den aktuelle dagen.\u00a0<\/p>\n","protected":false},"excerpt":{"rendered":"Marius Borg H\u00f8iby Det vil bli foretatt en medisinsk vurdering av om H\u00f8iby skal v\u00e6re p\u00e5 sykehus eller&hellip;\n","protected":false},"author":2,"featured_media":154396,"comment_status":"","ping_status":"","sticky":false,"template":"","format":"standard","meta":{"footnotes":"","_share_on_mastodon":"0"},"categories":[59],"tags":[92,4762,4428,30,28,29,83,82],"class_list":["post-154395","post","type-post","status-publish","format-standard","has-post-thumbnail","category-sport","tag-fotball","tag-fredrik-aursnes","tag-landslaget","tag-no","tag-norge","tag-norway","tag-sport","tag-sports"],"share_on_mastodon":{"url":"https:\/\/pubeurope.com\/@no\/116008078763154137","error":""},"_links":{"self":[{"href":"https:\/\/www.europesays.com\/no\/wp-json\/wp\/v2\/posts\/154395","targetHints":{"allow":["GET"]}}],"collection":[{"href":"https:\/\/www.europesays.com\/no\/wp-json\/wp\/v2\/posts"}],"about":[{"href":"https:\/\/www.europesays.com\/no\/wp-json\/wp\/v2\/types\/post"}],"author":[{"embeddable":true,"href":"https:\/\/www.europesays.com\/no\/wp-json\/wp\/v2\/users\/2"}],"replies":[{"embeddable":true,"href":"https:\/\/www.europesays.com\/no\/wp-json\/wp\/v2\/comments?post=154395"}],"version-history":[{"count":0,"href":"https:\/\/www.europesays.com\/no\/wp-json\/wp\/v2\/posts\/154395\/revisions"}],"wp:featuredmedia":[{"embeddable":true,"href":"https:\/\/www.europesays.com\/no\/wp-json\/wp\/v2\/media\/154396"}],"wp:attachment":[{"href":"https:\/\/www.europesays.com\/no\/wp-json\/wp\/v2\/media?parent=154395"}],"wp:term":[{"taxonomy":"category","embeddable":true,"href":"https:\/\/www.europesays.com\/no\/wp-json\/wp\/v2\/categories?post=154395"},{"taxonomy":"post_tag","embeddable":true,"href":"https:\/\/www.europesays.com\/no\/wp-json\/wp\/v2\/tags?post=154395"}],"curies":[{"name":"wp","href":"https:\/\/api.w.org\/{rel}","templated":true}]}}