{"id":154436,"date":"2026-02-03T19:24:10","date_gmt":"2026-02-03T19:24:10","guid":{"rendered":"https:\/\/www.europesays.com\/no\/154436\/"},"modified":"2026-02-03T19:24:10","modified_gmt":"2026-02-03T19:24:10","slug":"sport-stromsgodset-sif-stjerne-blir-sportssjef-hos-erkerivalen","status":"publish","type":"post","link":"https:\/\/www.europesays.com\/no\/154436\/","title":{"rendered":"Sport, Str\u00f8msgodset | SIF-stjerne blir sportssjef hos erkerivalen"},"content":{"rendered":"\n<p><b>MJ\u00d8NDALEN: Den tidligere Str\u00f8msgodset-spilleren Eirik Ulland Andersen (33) blir sportssjef i MIF.<\/b><\/p>\n<p>Det bekrefter kilder i Mj\u00f8ndalen toppfotball overfor Drammens Tidende.<\/p>\n<p>Andersen la opp som proffspiller i Godset fjor, og har siden v\u00e6rt p\u00e5 jobbjakt. Tirsdag kveld bekrefter ogs\u00e5 klubben signeringen p\u00e5 egne <a rel=\"Follow nofollow noopener\" href=\"https:\/\/www.miffotball.no\/nyheter\/ny-sportssjef-pa-plass\" target=\"_blank\">nettsider<\/a>.<\/p>\n<p><b>LES OGS\u00c5: <\/b><a class=\"simple-relation related-teaser article--c-eRUmMG article--c-eRUmMG-jKCPdD-design-default article--c-eRUmMG-iBPVJb-cv\" href=\"https:\/\/www.dt.no\/mif-sjefen-om-investorene-dette-er-ordentlige-folk-fra-ghana-som-ikke-kommer-hit-for-a-lure-noen\/s\/5-57-2773141\" rel=\"nofollow noopener\" target=\"_blank\">MIF-sjefen om investorene: \u2013 Dette er ordentlige folk fra Ghana som ikke kommer hit for \u00e5 lure noen<\/a><\/p>\n<p>\u2013 Fine samtaler<\/p>\n<p><b>\u2013 Vi har hatt noen veldig fine samtaler og jeg synes at dette er et utrolig spennende prosjekt i en klubb som jeg har stor respekt for. Toppfotballen i Mj\u00f8ndalen representerer noen verdier som matcher veldig bra med meg selv, forteller Eirik Ulland Andersen til klubben.<\/b><\/p>\n<p>Det p\u00e5pekes at dette er Andersens f\u00f8rste jobb etter at fotballkarrieren var slutt, og han har ikke v\u00e6rt sportssjef tidligere. Men Ronny Johnsen, daglig leder i Mj\u00f8ndalen Toppfotball, er klar p\u00e5 at de har funnet rett person til jobben.<\/p>\n<p>\u2013 Vi legger ut p\u00e5 en reise n\u00e5 de neste \u00e5rene der b\u00e5de kontinuitet og sulten p\u00e5 \u00e5 lykkes sammen m\u00e5 v\u00e6re til stede. Han har klare ideer om hva som skal til for at Mj\u00f8ndalen Toppfotball skal oppn\u00e5 sine m\u00e5lsettinger og nyheten er allerede sv\u00e6rt godt mottatt p\u00e5 huset, sier han til miffotball.no, og legger til at de har hatt en grundig prosess over lengre tid.<\/p>\n<p>   <img decoding=\"async\" width=\"1600\" height=\"900\" fetchpriority=\"low\"  loading=\"lazy\"  src=\"https:\/\/www.europesays.com\/no\/wp-content\/uploads\/2026\/02\/HEADER+1.jpg\" alt=\"\" class=\"brick-c-cFOWSL\" style=\"--brick-image-ratio: 1600 \/ 900;\"\/><\/p>\n<p>      I MIF-JOBB: Eirik Ulland Andersen ble tirsdag presentert som ny sportssjef i Mj\u00f8ndalen Toppfotball.<br \/>\n      Foto: Mj\u00f8ndalen Toppfotball\n    <\/p>\n<p><b>MIF-trener Kevin Nicol sier dette er klubbens nettside om ansettelsen av Ulland Andersen:<\/b><\/p>\n<p>\u2013 Eirik kommer inn med verdifull erfaring fra \u00f8verste niv\u00e5 og har en forst\u00e5else av hva som kreves for \u00e5 lykkes innen fotballen. For oss i trenerteamet betyr det ogs\u00e5 at vi kan fokusere mer p\u00e5 \u00e5 utvikle laget, noe som har stor betydning. Han styrker ogs\u00e5 teamet som jobber med spillerlogistikk i klubben.<\/p>\n<p><b>LES OGS\u00c5: <\/b><a class=\"simple-relation related-teaser article--c-eRUmMG article--c-eRUmMG-jKCPdD-design-default article--c-eRUmMG-iBPVJb-cv\" href=\"https:\/\/www.dt.no\/livet-smiler-til-alexander-32-etter-skrekkskade-na-har-jeg-to-drommejobber\/s\/5-57-2782332\" rel=\"nofollow noopener\" target=\"_blank\">Livet smiler til Alexander (32) etter skrekkskade: \u2013 N\u00e5 har jeg to dr\u00f8mmejobber<\/a><\/p>\n<p>La opp etter skade<\/p>\n<p>Eirik Ulland Andersen fra Haugesund spilte eliteseriefotball i Str\u00f8msgodset i to perioder. F\u00f8rst fra 2016 til 2018, deretter fra 2023 til 2025. I mellomtiden var angrepsspilleren i Molde. 33-\u00e5ringen endte opp med 113 A-kamper og 30 m\u00e5l for SIF.<\/p>\n<p><b>Andersen spilte ingen matcher i 2025 grunnet skade, og i oktober i fjor kom meldingen om at han skulle legge opp. N\u00e5 er \u00abUlland\u00bb alts\u00e5 ny sportssjef hos erkerivalen MIF.<\/b><\/p>\n<p>MIF rykket ned til fotballens 2. divisjon i fjor h\u00f8st, og for andre sesongen p\u00e5 rad m\u00e5 MIF-trener Kevin Nicol bygge opp et helt nytt lag.<\/p>\n<p><b>LES OGS\u00c5: <\/b><\/p>\n<p>  <a href=\"https:\/\/www.dt.no\/5-57-2783565\" class=\"related-teaser has-image default-story-teaser article--c-eRUmMG article--c-eRUmMG-jKCPdD-design-default\" rel=\"nofollow noopener\" target=\"_blank\"><\/p>\n<p>    <img decoding=\"async\" loading=\"lazy\"  src=\"https:\/\/www.europesays.com\/no\/wp-content\/uploads\/2026\/02\/0d79c180-903b-42b7-a31e-c3d6f7fb3a46.jpg\" alt=\"\" class=\"brick-c-cFOWSL\" style=\"\"\/><\/p>\n<p>\n            Les ogs\u00e5<\/p>\n<p>              MIF-investor Ateeq (34): \u2013 Vi vil v\u00e6re med p\u00e5 et eventyr\n        <\/p>\n<p>  <\/a><br \/>\n  Avgj\u00f8rende investor-avtale<\/p>\n<p>Mj\u00f8ndalen Toppfotball meldte f\u00f8r nytt\u00e5r at klubbens nye investorer er Steadfast med r\u00f8tter fra Ghana. Der driver de ogs\u00e5 fotballakademier. Det er selskapene \u00abSteadfast Football Holdings\u00bb og \u00abSteadfast Football Club Limited\u00bb som har undertegnet avtale med MIF.<\/p>\n<p><b>Avtalen som strekker seg over ti \u00e5r, blir sett p\u00e5 som helt avgj\u00f8rende for at MIF kan drive videre satsing p\u00e5 toppniv\u00e5 \u2013 etter fjor\u00e5rets nedrykk til 2. divisjon.<\/b><\/p>\n<p><b>Ateeq Mahmoud, talsperson for Steadfast, er for tiden p\u00e5 bes\u00f8k i Mj\u00f8ndalen. Han sa blant annet dette i et intervju med Drammens Tidende under l\u00f8rdagens treningskamp mot Asker (2-1-seier):<\/b><\/p>\n<p>\u2013 Vi \u00f8nsket \u00e5 investere i Mj\u00f8ndalen fordi det er en liten tradisjonsrik klubb med en lang historie og sterk fotballkultur. Vi ser et potensial her, og med den rette st\u00f8tten og strukturen tror vi at vi kan bidra med \u00e5 ta MIF tilbake til Eliteserien.<\/p>\n<p><b>LES OGS\u00c5: <\/b><a class=\"simple-relation related-teaser article--c-eRUmMG article--c-eRUmMG-jKCPdD-design-default article--c-eRUmMG-iBPVJb-cv\" href=\"https:\/\/www.dt.no\/siste-ol-hapet-lever-for-marte-26-til-tross-for-skrekkfall\/s\/5-57-2784446\" rel=\"nofollow noopener\" target=\"_blank\">Siste: OL-h\u00e5pet lever for Marte (26) \u2013 til tross for skrekkfall<\/a><\/p>\n","protected":false},"excerpt":{"rendered":"MJ\u00d8NDALEN: Den tidligere Str\u00f8msgodset-spilleren Eirik Ulland Andersen (33) blir sportssjef i MIF. Det bekrefter kilder i Mj\u00f8ndalen toppfotball&hellip;\n","protected":false},"author":2,"featured_media":154437,"comment_status":"","ping_status":"","sticky":false,"template":"","format":"standard","meta":{"footnotes":"","_share_on_mastodon":"0"},"categories":[59],"tags":[36,454,3391,2946,30,28,29,83,82,1510,3325],"class_list":["post-154436","post","type-post","status-publish","format-standard","has-post-thumbnail","category-sport","tag-art","tag-eiker","tag-mif","tag-mjondalen","tag-no","tag-norge","tag-norway","tag-sport","tag-sports","tag-story","tag-stromsgodset"],"share_on_mastodon":{"url":"https:\/\/pubeurope.com\/@no\/116008338238387662","error":""},"_links":{"self":[{"href":"https:\/\/www.europesays.com\/no\/wp-json\/wp\/v2\/posts\/154436","targetHints":{"allow":["GET"]}}],"collection":[{"href":"https:\/\/www.europesays.com\/no\/wp-json\/wp\/v2\/posts"}],"about":[{"href":"https:\/\/www.europesays.com\/no\/wp-json\/wp\/v2\/types\/post"}],"author":[{"embeddable":true,"href":"https:\/\/www.europesays.com\/no\/wp-json\/wp\/v2\/users\/2"}],"replies":[{"embeddable":true,"href":"https:\/\/www.europesays.com\/no\/wp-json\/wp\/v2\/comments?post=154436"}],"version-history":[{"count":0,"href":"https:\/\/www.europesays.com\/no\/wp-json\/wp\/v2\/posts\/154436\/revisions"}],"wp:featuredmedia":[{"embeddable":true,"href":"https:\/\/www.europesays.com\/no\/wp-json\/wp\/v2\/media\/154437"}],"wp:attachment":[{"href":"https:\/\/www.europesays.com\/no\/wp-json\/wp\/v2\/media?parent=154436"}],"wp:term":[{"taxonomy":"category","embeddable":true,"href":"https:\/\/www.europesays.com\/no\/wp-json\/wp\/v2\/categories?post=154436"},{"taxonomy":"post_tag","embeddable":true,"href":"https:\/\/www.europesays.com\/no\/wp-json\/wp\/v2\/tags?post=154436"}],"curies":[{"name":"wp","href":"https:\/\/api.w.org\/{rel}","templated":true}]}}