{"id":154512,"date":"2026-02-03T21:34:20","date_gmt":"2026-02-03T21:34:20","guid":{"rendered":"https:\/\/www.europesays.com\/no\/154512\/"},"modified":"2026-02-03T21:34:20","modified_gmt":"2026-02-03T21:34:20","slug":"fredrik-aursnes-gjor-comeback-for-norge-2","status":"publish","type":"post","link":"https:\/\/www.europesays.com\/no\/154512\/","title":{"rendered":"Fredrik Aursnes gj\u00f8r comeback for Norge"},"content":{"rendered":"\n<p class=\"_paragraph_o9xde_4 _paragraph_xtcu6_10 layout-component text-serif-m layout-normal text-serif-m layout-padded\">\u2013 Det er bra for alle parter dette. Vi har holdt en fin dialog siden han stoppet. Det blir en fin tilvekst, sier St\u00e5le Solbakken til VG. Han fikk nyheten fra Aursnes mandag.<\/p>\n<p class=\"_paragraph_o9xde_4 _paragraph_xtcu6_10 layout-component text-serif-m layout-normal text-serif-m layout-padded\">Benfica-profilen sa nei til Norge i mars 2024. Han spilte sin siste landskamp da Norge avsluttet EM-kvaliken mot Skottland 19. november 2023. Aursnes st\u00e5r med 20 landskamper og en scoring.<\/p>\n<p class=\"_paragraph_o9xde_4 _paragraph_xtcu6_10 layout-component text-serif-m layout-normal text-serif-m layout-padded\"><a href=\"https:\/\/www.tv2.no\/sport\/bekrefter-til-tv-2-aursnes-gjor-comeback-for-norge\/18440593\/?utm_source=sdrn%3Avg%3Aarticle%3Ak\" class=\"_link_o9xde_39\" rel=\"nofollow noopener\" target=\"_blank\">TV 2<\/a> kom med nyheten om Aursnes sitt comeback. <\/p>\n<p class=\"_paragraph_o9xde_4 _paragraph_xtcu6_10 layout-component text-serif-m layout-normal text-serif-m layout-padded\">\u2013 Jeg er veldig glad for at Fredrik n\u00e5 har stilt seg til disposisjon for landslaget igjen. Jeg vet at alle rundt laget er glade for denne nyheten, sier landslagssjef St\u00e5le Solbakken til TV 2.<\/p>\n<p class=\"_paragraph_o9xde_4 _paragraph_xtcu6_10 layout-component text-serif-m layout-normal text-serif-m layout-padded\">Herrelandslaget \u00f8nsker 30-\u00e5ringen velkommen tilbake p\u00e5 Instagram:<\/p>\n<p class=\"_paragraph_o9xde_4 _paragraph_xtcu6_10 layout-component text-serif-m layout-normal text-serif-m layout-padded\">\u2013 Det er fantastiske nyheter. Han er av Norges beste fotballspillere og har mye erfaring fra Champions League og g\u00e5r inn og forsterker en landslagsellever. Det er veldig gledelig, og han har, med sitt fotballhode, og sine ferdigheter mye \u00e5 bidra med. En anvendelig spiller som kan spille indrel\u00f8per, defensiv midtbane, back og kant, mener Jesper Mathisen, ekspert p\u00e5 landslaget i TV 2.<\/p>\n<p class=\"_paragraph_o9xde_4 _paragraph_xtcu6_10 layout-component text-serif-m layout-normal text-serif-m layout-padded\">\u2013 Fredrik trengte et pusterom, og det tror jeg var helt avgj\u00f8rende for at han skulle prestere som fotballspiller, mener Solbakken.<\/p>\n<p><img decoding=\"async\" alt=\"Bilde av  Jesper Mathisen\" class=\"_image_148z4_25\" height=\"27\" itemprop=\"image\" loading=\"lazy\"  src=\"https:\/\/www.europesays.com\/no\/wp-content\/uploads\/2026\/02\/023d017c-f02d-450e-bcba-f893d15f1a35.jpeg\"  width=\"40\"\/><strong class=\"_name_148z4_34 title-serif-xs\"> Jesper Mathisen<\/strong><\/p>\n<p class=\"_paragraph_o9xde_4 text-sans-m _description_148z4_39\">Ekspert, TV2<\/p>\n<p class=\"_paragraph_o9xde_4 _paragraph_xtcu6_10 layout-component text-serif-m layout-normal text-serif-m layout-padded\">Jesper Mathisen mener Sander Berge og Martin \u00d8degaard er sikre i startoppstillingen s\u00e5 lenge de er friske.<\/p>\n<p class=\"_paragraph_o9xde_4 _paragraph_xtcu6_10 layout-component text-serif-m layout-normal text-serif-m layout-padded\">\u2013 Jeg blir overrasket over om ikke Aursnes ogs\u00e5 er inne p\u00e5 den midtbanen, s\u00e5 er det flere som har gjort det godt i hans frav\u00e6r. Men n\u00e5r han er tilbake topp motivert, s\u00e5 skal de v\u00e6re gode de som setter ham p\u00e5 benken. Man m\u00f8ter ulik motstand, og trenger ulike ferdigheter. Det er kanskje andre indrel\u00f8pere som har mer \u00e5 bidra med hvis man jager scoring. Men at Solbakken har flere strenger \u00e5 spille p\u00e5 er en stor styrke, mener Jesper Mathisen.<\/p>\n<p class=\"_paragraph_o9xde_4 _paragraph_xtcu6_10 layout-component text-serif-m layout-normal text-serif-m layout-padded\"><strong class=\"_strong_o9xde_25\">\u2013 Noen vil hevde at han ikke skal v\u00e6re med siden han ikke var med p\u00e5 kvaliken, men den belastningen det er \u00e5 spille alle kampene p\u00e5 dette niv\u00e5et, der tok han et valg der han kjente det var for mye, legger han til.<\/strong><\/p>\n<p class=\"_paragraph_o9xde_4 _paragraph_xtcu6_10 layout-component text-serif-m layout-normal text-serif-m layout-padded\">\u2013 Det er fantastiske nyheter for det norske landslaget. S\u00e5 enkel og kynisk er jeg. Det er den manglende puslespillbrikken som falt p\u00e5 plass. Det er den eneste plassen som har v\u00e6rt diskutert n\u00e5r alle er friske. Det er venstre indrel\u00f8per, mener NRK-ekspert Kristoffer L\u00f8kberg.<\/p>\n<p><img decoding=\"async\" alt=\"Bilde av Kristoffer L\u00f8kberg\" class=\"_image_148z4_25\" height=\"31\" itemprop=\"image\" loading=\"lazy\"  src=\"https:\/\/www.europesays.com\/no\/wp-content\/uploads\/2026\/02\/54e2daf5-904b-473b-8ad5-6ff5113de4ba.jpeg\"  width=\"40\"\/><strong class=\"_name_148z4_34 title-serif-xs\">Kristoffer L\u00f8kberg<\/strong><\/p>\n<p class=\"_paragraph_o9xde_4 text-sans-m _description_148z4_39\">Fotballekspert NRK<\/p>\n<p class=\"_paragraph_o9xde_4 _paragraph_xtcu6_10 layout-component text-serif-m layout-normal text-serif-m layout-padded\">\u2013 Det var en ledig midtstopperplass ledig tildigere. N\u00e5 er det Heggem og Ajer. S\u00e5 har det v\u00e6rt vekslet p\u00e5 hvem som har spilt p\u00e5 venstre indrel\u00f8per. <a href=\"https:\/\/www.vg.no\/tag\/fredrik-aursnes?utm_source=vg-article&amp;utm_medium=auto-tagger&amp;utm_campaign=k03r9Q\" class=\"_link_o9xde_39\" rel=\"nofollow noopener\" target=\"_blank\">Fredrik Aursnes<\/a> er alle de spillerne i \u00e9n spiller. Han har de defensive kvalitetene til \u00e5 balansere laget n\u00e5r andre g\u00e5r. Han kan ligge tett med Sander Berge, men han kan ogs\u00e5 v\u00e6re en midtbanespiller som kan v\u00e6re farlig rundt boksboksMotstanderens 16-meterfelt., mener han.<\/p>\n<p class=\"_paragraph_o9xde_4 _paragraph_xtcu6_10 layout-component text-serif-m layout-normal text-serif-m layout-padded\"><strong class=\"_strong_o9xde_25\">L\u00f8kberg mener Norges VM-sjanser stiger noen prosent.<\/strong><\/p>\n<p class=\"_paragraph_o9xde_4 _paragraph_xtcu6_10 layout-component text-serif-m layout-normal text-serif-m layout-padded\">\u2013 Sjansen til Norge \u00f8ker med de beste spillerne. Og Fredrik Aursnes er blant dem, sier han.<\/p>\n<p class=\"_paragraph_o9xde_4 _paragraph_xtcu6_10 layout-component text-serif-m layout-normal text-serif-m layout-padded\">Dette sa Solbakken da Aursnes ga seg i 2024:<\/p>\n<p class=\"_paragraph_o9xde_4 _paragraph_xtcu6_10 layout-component text-serif-m layout-normal text-serif-m layout-padded\">Solbakken overtalte Aursnes til \u00e5 st\u00e5 i det gjennom EM-kvaliken for tre \u00e5r siden. Han startet samtidig omtrent alle kamper for Benfica.<\/p>\n<p class=\"_paragraph_o9xde_4 _paragraph_xtcu6_10 layout-component text-serif-m layout-normal text-serif-m layout-padded\">\u2013 Fredrik har i ganske lang tid sagt til meg at han har behov for \u00e5 puste ut mellom slagene i Benfica, s\u00e5 vi har hatt en dialog om hvordan dette skal g\u00e5 opp. Jeg har klart \u00e5 overtale ham til ikke \u00e5 trekke seg i lang tid, forklarte Solbakken, som har hatt jevn kontakt med Aursnes, men ikke pr\u00f8vd \u00e5 overtale sunnm\u00f8ringen gjennom fjor\u00e5rets VM-kvalik.<\/p>\n<p class=\"_paragraph_o9xde_4 _paragraph_xtcu6_10 layout-component text-serif-m layout-normal text-serif-m layout-padded\">Det er ingen. tvil om at Fredrik Aursnes har samme status i Benfinca etter at Jos\u00e9 Mourhino har tatt over klubben.<\/p>\n<p class=\"_paragraph_o9xde_4 _paragraph_xtcu6_10 layout-component text-serif-m layout-normal text-serif-m layout-padded\">Han spilte hele kampen da Real Madrid ble sl\u00e5tt 4\u20132 i Champions League nylig. Aursnes har unng\u00e5tt skader  og har spilt jevnt og trutt denne sesongen.<\/p>\n<p class=\"_paragraph_o9xde_4 _paragraph_xtcu6_10 layout-component text-serif-m layout-normal text-serif-m layout-padded\"><strong class=\"_strong_o9xde_25\">F\u00f8rste comeback-mulighet for Fredrik Aursnes kommer om halvannen m\u00e5ned. Norge m\u00f8ter Nederland i Amsterdam 27. mars og Sveits p\u00e5 Ullevaal 31. mars.<\/strong><\/p>\n<p>       <img decoding=\"async\" alt=\"Tips oss illustrasjon\" src=\"https:\/\/www.europesays.com\/no\/wp-content\/uploads\/2025\/10\/pssst-small.webp.webp\"\/>    <\/p>\n<p class=\"title-serif-s\">Har du tips?<\/p>\n<p class=\"text-sans-m\">Send oss informasjon, bilder eller video.<\/p>\n<p>  <a href=\"https:\/\/www.vg.no\/tips-oss\" rel=\"nofollow noopener\" target=\"_blank\"> Tips oss <\/a>      <\/p>\n","protected":false},"excerpt":{"rendered":"\u2013 Det er bra for alle parter dette. Vi har holdt en fin dialog siden han stoppet. Det&hellip;\n","protected":false},"author":2,"featured_media":154513,"comment_status":"","ping_status":"","sticky":false,"template":"","format":"standard","meta":{"footnotes":"","_share_on_mastodon":"0"},"categories":[59],"tags":[31,92,4762,3163,30,28,29,83,82,1387],"class_list":["post-154512","post","type-post","status-publish","format-standard","has-post-thumbnail","category-sport","tag-breaking","tag-fotball","tag-fredrik-aursnes","tag-herrelandslaget-fotball","tag-no","tag-norge","tag-norway","tag-sport","tag-sports","tag-stale-solbakken"],"share_on_mastodon":{"url":"https:\/\/pubeurope.com\/@no\/116008849462058099","error":""},"_links":{"self":[{"href":"https:\/\/www.europesays.com\/no\/wp-json\/wp\/v2\/posts\/154512","targetHints":{"allow":["GET"]}}],"collection":[{"href":"https:\/\/www.europesays.com\/no\/wp-json\/wp\/v2\/posts"}],"about":[{"href":"https:\/\/www.europesays.com\/no\/wp-json\/wp\/v2\/types\/post"}],"author":[{"embeddable":true,"href":"https:\/\/www.europesays.com\/no\/wp-json\/wp\/v2\/users\/2"}],"replies":[{"embeddable":true,"href":"https:\/\/www.europesays.com\/no\/wp-json\/wp\/v2\/comments?post=154512"}],"version-history":[{"count":0,"href":"https:\/\/www.europesays.com\/no\/wp-json\/wp\/v2\/posts\/154512\/revisions"}],"wp:featuredmedia":[{"embeddable":true,"href":"https:\/\/www.europesays.com\/no\/wp-json\/wp\/v2\/media\/154513"}],"wp:attachment":[{"href":"https:\/\/www.europesays.com\/no\/wp-json\/wp\/v2\/media?parent=154512"}],"wp:term":[{"taxonomy":"category","embeddable":true,"href":"https:\/\/www.europesays.com\/no\/wp-json\/wp\/v2\/categories?post=154512"},{"taxonomy":"post_tag","embeddable":true,"href":"https:\/\/www.europesays.com\/no\/wp-json\/wp\/v2\/tags?post=154512"}],"curies":[{"name":"wp","href":"https:\/\/api.w.org\/{rel}","templated":true}]}}