{"id":15455,"date":"2025-08-22T19:41:08","date_gmt":"2025-08-22T19:41:08","guid":{"rendered":"https:\/\/www.europesays.com\/no\/15455\/"},"modified":"2025-08-22T19:41:08","modified_gmt":"2025-08-22T19:41:08","slug":"flere-dode-og-skadet-i-bussulykke-i-delstaten-new-york","status":"publish","type":"post","link":"https:\/\/www.europesays.com\/no\/15455\/","title":{"rendered":"Flere d\u00f8de og skadet i bussulykke i delstaten New York"},"content":{"rendered":"\n<p class=\"_lead_1bvmi_2 _lead_xtcu6_50 layout-component text-serif-m layout-normal text-serif-l layout-component layout-wide layout-padded _wide_17hqh_1 layout-padded\">Flere passasjerer er d\u00f8de og skadet etter en ulykke med en turistbuss ved byen Pembroke vest i delstaten New York i USA.<\/p>\n<ul aria-hidden=\"true\" class=\"_images_1y6fe_106\">\n<li><a class=\"_link_1y6fe_111\" href=\"https:\/\/www.vg.no\/forfatter\/ntb\" style=\"z-index:1\" title=\"NTB\" rel=\"nofollow noopener\" target=\"_blank\"><img alt=\"Bilde av NTB\" class=\"_image_1y6fe_88\" fetchpriority=\"low\" loading=\"lazy\" decoding=\"async\" itemprop=\"image\"  src=\"https:\/\/www.europesays.com\/no\/wp-content\/uploads\/2025\/08\/1755891668_445_c33980b0-5d07-4027-84a1-813f90a7c8d6\"  width=\"480\"\/><\/a><\/li>\n<\/ul>\n<p> Oppdatert fredag 22. august kl. 21:15     <\/p>\n<p class=\"_paragraph_1bvmi_4 _paragraph_xtcu6_10 layout-component text-serif-m layout-normal text-serif-m layout-padded\">Delstatspolitiet i <a href=\"https:\/\/www.vg.no\/tag\/new-york?utm_source=vg-article&amp;utm_medium=auto-tagger&amp;utm_campaign=mPkre4\" class=\"_link_1bvmi_39\" rel=\"nofollow noopener\" target=\"_blank\">New York<\/a> opplyser at flere mennesker er d\u00f8de og over 50 er skadet i ulykken. Minst ett barn skal v\u00e6re blant de d\u00f8de, skriver mediene <a href=\"https:\/\/www.wivb.com\/news\/local-news\/western-new-york\/genesee-county\/all-lanes-closed-after-bus-crash-on-i-90-in-pembroke\/\" class=\"_link_1bvmi_39\" rel=\"nofollow noopener\" target=\"_blank\">WIVB4<\/a> og <a href=\"https:\/\/www.cbsnews.com\/news\/tour-bus-crash-upstate-new-york-thruway-highway\/\" class=\"_link_1bvmi_39\" rel=\"nofollow noopener\" target=\"_blank\">CBS News<\/a>.<\/p>\n<p class=\"_paragraph_1bvmi_4 _paragraph_xtcu6_10 layout-component text-serif-m layout-normal text-serif-m layout-padded\">Mediene skriver at turistbussen var p\u00e5 vei fra Niagarafallene til New York City, og at passasjerene blant annet er fra India, Kina og Filippinene.<\/p>\n<p class=\"_paragraph_1bvmi_4 _paragraph_xtcu6_10 layout-component text-serif-m layout-normal text-serif-m layout-padded\">If\u00f8lge delstatspolitiet skjedde ulykken rundt klokken 12.40, lokal tid. Sj\u00e5f\u00f8ren skal ha mistet kontroll over bussen og kj\u00f8rt inn i midtrabatten f\u00f8r den veltet i gr\u00f8ften p\u00e5 den andre siden av veien.<\/p>\n","protected":false},"excerpt":{"rendered":"Flere passasjerer er d\u00f8de og skadet etter en ulykke med en turistbuss ved byen Pembroke vest i delstaten&hellip;\n","protected":false},"author":2,"featured_media":15456,"comment_status":"","ping_status":"","sticky":false,"template":"","format":"standard","meta":{"footnotes":""},"categories":[12],"tags":[20,21,24,25,15,22,23,97,13,30,28,29,14,16,26,27,42,43,44,45],"class_list":{"0":"post-15455","1":"post","2":"type-post","3":"status-publish","4":"format-standard","5":"has-post-thumbnail","7":"category-verden","8":"tag-breaking-news","9":"tag-breakingnews","10":"tag-featured-news","11":"tag-featurednews","12":"tag-headlines","13":"tag-latest-news","14":"tag-latestnews","15":"tag-new-york","16":"tag-news","17":"tag-no","18":"tag-norge","19":"tag-norway","20":"tag-nyheter","21":"tag-overskrifter","22":"tag-top-stories","23":"tag-topstories","24":"tag-verden","25":"tag-world","26":"tag-world-news","27":"tag-worldnews"},"share_on_mastodon":{"url":"","error":""},"_links":{"self":[{"href":"https:\/\/www.europesays.com\/no\/wp-json\/wp\/v2\/posts\/15455","targetHints":{"allow":["GET"]}}],"collection":[{"href":"https:\/\/www.europesays.com\/no\/wp-json\/wp\/v2\/posts"}],"about":[{"href":"https:\/\/www.europesays.com\/no\/wp-json\/wp\/v2\/types\/post"}],"author":[{"embeddable":true,"href":"https:\/\/www.europesays.com\/no\/wp-json\/wp\/v2\/users\/2"}],"replies":[{"embeddable":true,"href":"https:\/\/www.europesays.com\/no\/wp-json\/wp\/v2\/comments?post=15455"}],"version-history":[{"count":0,"href":"https:\/\/www.europesays.com\/no\/wp-json\/wp\/v2\/posts\/15455\/revisions"}],"wp:featuredmedia":[{"embeddable":true,"href":"https:\/\/www.europesays.com\/no\/wp-json\/wp\/v2\/media\/15456"}],"wp:attachment":[{"href":"https:\/\/www.europesays.com\/no\/wp-json\/wp\/v2\/media?parent=15455"}],"wp:term":[{"taxonomy":"category","embeddable":true,"href":"https:\/\/www.europesays.com\/no\/wp-json\/wp\/v2\/categories?post=15455"},{"taxonomy":"post_tag","embeddable":true,"href":"https:\/\/www.europesays.com\/no\/wp-json\/wp\/v2\/tags?post=15455"}],"curies":[{"name":"wp","href":"https:\/\/api.w.org\/{rel}","templated":true}]}}