{"id":154615,"date":"2026-02-04T01:40:08","date_gmt":"2026-02-04T01:40:08","guid":{"rendered":"https:\/\/www.europesays.com\/no\/154615\/"},"modified":"2026-02-04T01:40:08","modified_gmt":"2026-02-04T01:40:08","slug":"guardiola-raser-mot-kriger-i-sudan-ukraina-og-palestina","status":"publish","type":"post","link":"https:\/\/www.europesays.com\/no\/154615\/","title":{"rendered":"Guardiola raser mot kriger i Sudan, Ukraina og Palestina"},"content":{"rendered":"\n<p class=\"_lead_o9xde_2 _lead_xtcu6_50 layout-component text-serif-m layout-normal text-serif-l layout-component layout-wide layout-padded _wide_17hqh_1 layout-padded\">Manchester City-manageren krever handling for \u00e5 redde menneskeliv.<\/p>\n<p><img alt=\" Foto: Nick Potts \/ Pa Photos \/ NTB\" class=\"_image_qp4xg_65 layout-component layout-wide\" data-fullscreen- data-track-element-type=\"Article image fullscreen\" data-track-name=\"ImageFullscreen\" fetchpriority=\"high\" decoding=\"sync\" loading=\"eager\" height=\"3909\" itemprop=\"image\"  src=\"https:\/\/www.europesays.com\/no\/wp-content\/uploads\/2026\/02\/c79ddd9a-22ff-4b86-9824-13fd94405e4e.jpeg\"  style=\"object-position:0% 0%\" width=\"6000\"\/> Foto: Nick Potts \/ Pa Photos \/ NTB<\/p>\n<ul aria-hidden=\"true\" class=\"_images_ntbth_112\">\n<li><a class=\"_link_ntbth_117\" href=\"https:\/\/www.vg.no\/forfatter\/kari-aarstad-aase\" style=\"z-index:1\" title=\"Kari Aarstad Aase\" rel=\"nofollow noopener\" target=\"_blank\"><img alt=\"Bilde av Kari Aarstad Aase\" class=\"_image_ntbth_93\" fetchpriority=\"low\" loading=\"lazy\" decoding=\"async\" itemprop=\"image\"  src=\"https:\/\/www.europesays.com\/no\/wp-content\/uploads\/2026\/02\/1770169208_311_0dbde33e-6d8e-4680-8e4f-e2a64281e2b8.jpeg\"  width=\"480\"\/><\/a><\/li>\n<\/ul>\n<p> Oppdatert onsdag 4. februar kl. 01:46     <\/p>\n<p class=\"_paragraph_o9xde_4 _paragraph_xtcu6_10 layout-component text-serif-m layout-normal text-serif-m layout-padded\"><a href=\"https:\/\/www.vg.no\/tag\/josep-guardiola?utm_source=vg-article&amp;utm_medium=auto-tagger&amp;utm_campaign=Ar3yVA\" class=\"_link_o9xde_39\" rel=\"nofollow noopener\" target=\"_blank\">Pep Guardiola<\/a> har tatt til orde mot drap og kriger over hele verden, inkludert i Sudan. Der er en paramilit\u00e6r gruppe st\u00f8ttet av De forente arabiske emirater, som har eierskap i Manchester City, involvert i en borgerkrig som har kostet titusenvis av liv.<\/p>\n<p class=\"_paragraph_o9xde_4 _paragraph_xtcu6_10 layout-component text-serif-m layout-normal text-serif-m layout-padded\">\u2013 Aldri i menneskehetens historie har vi hatt informasjonen s\u00e5 tydelig foran \u00f8ynene v\u00e5re som n\u00e5, sa Guardiola if\u00f8lge <a href=\"https:\/\/www.theguardian.com\/football\/2026\/feb\/03\/people-are-dying-you-have-to-help-guardiola-decries-wars-in-sudan-ukraine-and-palestine\" class=\"_link_o9xde_39\" rel=\"nofollow noopener\" target=\"_blank\">The Guardian<\/a>.<\/p>\n<p class=\"_paragraph_o9xde_4 _paragraph_xtcu6_10 layout-component text-serif-m layout-normal text-serif-m layout-padded\">\u2013 Folkemordet i Palestina, det som skjer i Ukraina, det som skjer over hele verden \u2013 i Sudan, overalt. Det som skjer foran oss? Vil du se det? Det er v\u00e5rt problem som mennesker, fortsatte han.<\/p>\n<p><img alt=\"Foto: OLI SCARFF \/ AFP \/ NTB\" class=\"_image_qp4xg_65 layout-component layout-normal\" data-fullscreen- data-track-element-type=\"Article image fullscreen\" data-track-name=\"ImageFullscreen\" decoding=\"async\" loading=\"lazy\" height=\"3333\" itemprop=\"image\"  src=\"https:\/\/www.europesays.com\/no\/wp-content\/uploads\/2026\/02\/60f74ed7-3623-48d8-a44f-542ac73d2424.jpeg\"  style=\"object-position:0% 0%\" width=\"5000\"\/>Foto: OLI SCARFF \/ AFP \/ NTB<\/p>\n<p class=\"_paragraph_o9xde_4 _paragraph_xtcu6_10 layout-component text-serif-m layout-normal text-serif-m layout-padded\">Rapid Support Forces i Sudan har if\u00f8lge FN f\u00e5tt st\u00f8tte fra UAE, selv om golfstaten benekter dette.<\/p>\n<p class=\"_paragraph_o9xde_4 _paragraph_xtcu6_10 layout-component text-serif-m layout-normal text-serif-m layout-padded\">Sheikh Mansour bin Zayed al-Nahyan, visepresident i UAE, eier City hvor Guardiola er manager. Han kj\u00f8pte klubben i september 2008. <\/p>\n<p><img alt=\"De forente arabiske emiraters president, Sheikh Mohamed bin Zayed al-Nahyan (t.v.), samtaler med Manchester Citys emiratiske eier, Sheikh Mansour bin Zayed al-Nahyan, under finalen i Mesterligaen mellom Inter Milan og Manchester City p\u00e5 Atat\u00fcrk Olympiastadion i Istanbul 10. juni 2023.  Foto: OZAN KOSE \/ AFP \/ NTB\" class=\"_image_qp4xg_65 layout-component layout-normal\" data-fullscreen- data-track-element-type=\"Article image fullscreen\" data-track-name=\"ImageFullscreen\" decoding=\"async\" loading=\"lazy\" height=\"2001\" itemprop=\"image\"  src=\"https:\/\/www.europesays.com\/no\/wp-content\/uploads\/2026\/02\/2c740e99-8967-4b2d-b4a6-9a1fc18456f7.jpeg\"  style=\"object-position:0% 0%\" width=\"3000\"\/>De forente arabiske emiraters president, Sheikh Mohamed bin Zayed al-Nahyan (t.v.), samtaler med Manchester Citys emiratiske eier, Sheikh Mansour bin Zayed al-Nahyan, under finalen i Mesterligaen mellom Inter Milan og Manchester City p\u00e5 Atat\u00fcrk Olympiastadion i Istanbul 10. juni 2023.  Foto: OZAN KOSE \/ AFP \/ NTB<\/p>\n<p class=\"_paragraph_o9xde_4 _paragraph_xtcu6_10 layout-component text-serif-m layout-normal text-serif-m layout-padded\">Guardiola snakket p\u00e5 et veldedighetsarrangement i Barcelona forrige uke om behovet for \u00e5 beskytte barn i Palestina.<\/p>\n<p class=\"_paragraph_o9xde_4 _paragraph_xtcu6_10 layout-component text-serif-m layout-normal text-serif-m layout-padded\">\u2013 Det handler om et bedre sted for menneskeheten, sa han.<\/p>\n<p class=\"_paragraph_o9xde_4 _paragraph_xtcu6_10 layout-component text-serif-m layout-normal text-serif-m layout-padded\">\u2013 Folk som d\u00f8r, du m\u00e5 hjelpe dem. \u00c5 beskytte mennesket er det eneste vi har. Akkurat n\u00e5 dreper vi hverandre, for hva?<\/p>\n<p class=\"_paragraph_o9xde_4 _paragraph_xtcu6_10 layout-component text-serif-m layout-normal layout-padded\"><strong class=\"_strong_o9xde_25\">Les ogs\u00e5:<\/strong> <a href=\"https:\/\/www.vg.no\/i\/rPzA0l\" data-track-element-type=\"Link\" data-track-id=\"link:rPzA0l\" class=\"_link_o9xde_39\" rel=\"nofollow noopener\" target=\"_blank\">Guardiola til VG: \u2013 Norge er vakkert<\/a><\/p>\n","protected":false},"excerpt":{"rendered":"Manchester City-manageren krever handling for \u00e5 redde menneskeliv. Foto: Nick Potts \/ Pa Photos \/ NTB Oppdatert onsdag&hellip;\n","protected":false},"author":2,"featured_media":154616,"comment_status":"","ping_status":"","sticky":false,"template":"","format":"standard","meta":{"footnotes":"","_share_on_mastodon":"0"},"categories":[59],"tags":[11137,671,30,28,29,261,2124,83,82,3918,46],"class_list":["post-154615","post","type-post","status-publish","format-standard","has-post-thumbnail","category-sport","tag-de-forente-arabiske-emirater","tag-manchester-city","tag-no","tag-norge","tag-norway","tag-palestina","tag-pep-guardiola","tag-sport","tag-sports","tag-sudan","tag-vgai"],"share_on_mastodon":{"url":"https:\/\/pubeurope.com\/@no\/116009816746858773","error":""},"_links":{"self":[{"href":"https:\/\/www.europesays.com\/no\/wp-json\/wp\/v2\/posts\/154615","targetHints":{"allow":["GET"]}}],"collection":[{"href":"https:\/\/www.europesays.com\/no\/wp-json\/wp\/v2\/posts"}],"about":[{"href":"https:\/\/www.europesays.com\/no\/wp-json\/wp\/v2\/types\/post"}],"author":[{"embeddable":true,"href":"https:\/\/www.europesays.com\/no\/wp-json\/wp\/v2\/users\/2"}],"replies":[{"embeddable":true,"href":"https:\/\/www.europesays.com\/no\/wp-json\/wp\/v2\/comments?post=154615"}],"version-history":[{"count":0,"href":"https:\/\/www.europesays.com\/no\/wp-json\/wp\/v2\/posts\/154615\/revisions"}],"wp:featuredmedia":[{"embeddable":true,"href":"https:\/\/www.europesays.com\/no\/wp-json\/wp\/v2\/media\/154616"}],"wp:attachment":[{"href":"https:\/\/www.europesays.com\/no\/wp-json\/wp\/v2\/media?parent=154615"}],"wp:term":[{"taxonomy":"category","embeddable":true,"href":"https:\/\/www.europesays.com\/no\/wp-json\/wp\/v2\/categories?post=154615"},{"taxonomy":"post_tag","embeddable":true,"href":"https:\/\/www.europesays.com\/no\/wp-json\/wp\/v2\/tags?post=154615"}],"curies":[{"name":"wp","href":"https:\/\/api.w.org\/{rel}","templated":true}]}}