{"id":15473,"date":"2025-08-22T20:05:10","date_gmt":"2025-08-22T20:05:10","guid":{"rendered":"https:\/\/www.europesays.com\/no\/15473\/"},"modified":"2025-08-22T20:05:10","modified_gmt":"2025-08-22T20:05:10","slug":"drommescoringer-da-hamkam-reddet-viktig-poeng-mot-kfum","status":"publish","type":"post","link":"https:\/\/www.europesays.com\/no\/15473\/","title":{"rendered":"Dr\u00f8mmescoringer da HamKam reddet viktig poeng mot KFUM"},"content":{"rendered":"<p>     Spill Profeten   <img decoding=\"async\" class=\"_confettiImage_b81ng_95\" src=\"https:\/\/www.europesays.com\/no\/wp-content\/uploads\/2025\/08\/SzwcSxt.png\" alt=\"\" fetchpriority=\"high\" loading=\"eager\"\/>   <img decoding=\"async\" class=\"_playerImage_b81ng_83\" src=\"https:\/\/www.europesays.com\/no\/wp-content\/uploads\/2025\/08\/U9NvSiG.png\" alt=\"profeten-promo-player\" fetchpriority=\"high\" loading=\"eager\"\/>     <\/p>\n<p class=\"_lead_1bvmi_2 _lead_xtcu6_50 layout-component text-serif-m layout-normal text-serif-l layout-component layout-wide layout-padded _wide_17hqh_1 layout-padded\">KFUM snudde 0-1 til 2-1-ledelse, men Gard Simenstads kjempetreff p\u00e5 tampen s\u00f8rget for at fredagens eliteseriekamp mot HamKan endte 2-2.<\/p>\n<p><img alt=\"Gard Simenstad feirer sin 2-2 scoring under eliteseriekampen i fotball mellom KFUM og HamKam p\u00e5 KFUM Arena.  Foto: Terje Bendiksby \/ NTB\" class=\"_image_qp4xg_65 layout-component layout-wide\" data-fullscreen- data-track-element-type=\"Article image fullscreen\" data-track-name=\"ImageFullscreen\" fetchpriority=\"high\" decoding=\"sync\" loading=\"eager\" height=\"3295\" itemprop=\"image\"  src=\"https:\/\/www.europesays.com\/no\/wp-content\/uploads\/2025\/08\/89ca6982-7e01-4d1a-b4d2-91565bd38c01\"  style=\"object-position:0% 0%\" width=\"4942\"\/>Gard Simenstad feirer sin 2-2 scoring under eliteseriekampen i fotball mellom KFUM og HamKam p\u00e5 KFUM Arena.  Foto: Terje Bendiksby \/ NTB<\/p>\n<ul aria-hidden=\"true\" class=\"_images_1y6fe_106\">\n<li><a class=\"_link_1y6fe_111\" href=\"https:\/\/www.vg.no\/forfatter\/ntb\" style=\"z-index:1\" title=\"NTB\" rel=\"nofollow noopener\" target=\"_blank\"><img alt=\"Bilde av NTB\" class=\"_image_1y6fe_88\" fetchpriority=\"low\" loading=\"lazy\" decoding=\"async\" itemprop=\"image\"  src=\"https:\/\/www.europesays.com\/no\/wp-content\/uploads\/2025\/08\/1755893110_464_c33980b0-5d07-4027-84a1-813f90a7c8d6\"  width=\"480\"\/><\/a><\/li>\n<\/ul>\n<p> Oppdatert fredag 22. august kl. 21:04     <\/p>\n<p class=\"_paragraph_1bvmi_4 _paragraph_xtcu6_10 layout-component text-serif-m layout-normal text-serif-m layout-padded\">HamKam var p\u00e5 vei mot tap da Simenstad fikk sjansen p\u00e5 frispark fra distanse etter 88 minutter. 26-\u00e5ringen ladet skudd foten og hamret ballen inn via tverrligger.<\/p>\n<p class=\"_paragraph_1bvmi_4 _paragraph_xtcu6_10 layout-component text-serif-m layout-normal text-serif-m layout-padded\">\u2013 Det er en av Norges villeste f\u00f8tter utbasunerte TV 2s kommentator Peder M\u00f8rtvedt i det ballen smalt inn bak Emil \u00d8degaard.<\/p>\n<p class=\"_paragraph_1bvmi_4 _paragraph_xtcu6_10 layout-component text-serif-m layout-normal text-serif-m layout-padded\">\u2013 Det smakte godt \u00e5 se den g\u00e5 inn. Det var litt \u00e5 lukke \u00f8ynene, skyte knallhardt i hj\u00f8rnet og h\u00e5pe p\u00e5 det beste. Jeg hadde et elendig innhopp, s\u00e5 det smakte godt, sa Simenstad til TV 2.<\/p>\n<p class=\"_paragraph_1bvmi_4 _paragraph_xtcu6_10 layout-component text-serif-m layout-normal text-serif-m layout-padded\">Han ville ikke l\u00f8fte fram eget frispark.<\/p>\n<p class=\"_paragraph_1bvmi_4 _paragraph_xtcu6_10 layout-component text-serif-m layout-normal text-serif-m layout-padded\">\u2013 Keeperen hadde vel ikke sin beste dag p\u00e5 jobben p\u00e5 den, sa Simenstad beskjedent.<\/p>\n<p class=\"_paragraph_1bvmi_4 _paragraph_xtcu6_10 layout-component text-serif-m layout-normal text-serif-m layout-padded\">De tilreisende fra Hamar kunne uansett juble for ett viktig poeng i nedrykksstriden i <a href=\"https:\/\/www.vg.no\/tag\/eliteserien?utm_source=vg-article&amp;utm_medium=auto-tagger&amp;utm_campaign=RzLr42\" class=\"_link_1bvmi_39\" rel=\"nofollow noopener\" target=\"_blank\">Eliteserien<\/a>. Det skiller to poeng ned til Bryne p\u00e5 kvalifiseringsplassen.<\/p>\n<p class=\"_paragraph_1bvmi_4 _paragraph_xtcu6_10 layout-component text-serif-m layout-normal text-serif-m layout-padded\">KFUM fant p\u00e5 sin side veien til nettmaskene igjen etter to m\u00e5ll\u00f8se kamper. Simen Hestnes og H\u00e5kon Hoseth sto bak fulltrefferne som lenge s\u00e5 ut til \u00e5 gi tre solide poeng.<\/p>\n<p class=\"_paragraph_1bvmi_4 _paragraph_xtcu6_10 layout-component text-serif-m layout-normal text-serif-m layout-padded\">\u2013 Det er vanskelig \u00e5 gardere seg mot slike scoringer &#8211; og s\u00e5 to i samme kamp. Det f\u00f8les som to tapte poeng, sa Simen Hestnes til TV 2 etter kampslutt.<\/p>\n<p class=\"_paragraph_1bvmi_4 _paragraph_xtcu6_10 layout-component text-serif-m layout-normal text-serif-m layout-padded\">KFUM har ikke tapt en eliteseriekamp siden 0-1-nederlaget mot byrival V\u00e5lerenga 26. mai. Det er elleve kamper siden.<\/p>\n<p class=\"_paragraph_1bvmi_4 _paragraph_xtcu6_10 layout-component text-serif-m layout-normal text-serif-m layout-padded\">Fredag var det HamKam som scoret f\u00f8rst p\u00e5 Ekeberg. Kvarteret var spilt da Alwande Roalds\u00f8y fikk kjempetreff med venstrefoten fra distanse. Ballen f\u00f8k i m\u00e5l bak KFUM-keeper Emil \u00d8degaard.<\/p>\n<p class=\"_paragraph_1bvmi_4 _paragraph_xtcu6_10 layout-component text-serif-m layout-normal text-serif-m layout-padded\">Ledelsen sto seg til pause, men i annen omgang l\u00f8ftet hjemmelaget seg. Kun tre minutter var spilt da Simen Hestnes prikket inn 1-1-m\u00e5let i lengste hj\u00f8rne etter \u00e5 ha f\u00e5tt st\u00e5 alene foran m\u00e5l.<\/p>\n<p class=\"_paragraph_1bvmi_4 _paragraph_xtcu6_10 layout-component text-serif-m layout-normal text-serif-m layout-padded\">Deretter satte H\u00e5kon Hoseth inn 2-1 via et HamKam-bein. Da s\u00e5 kampen ut til \u00e5 v\u00e6re snudd og avgjort.<\/p>\n<p class=\"_paragraph_1bvmi_4 _paragraph_xtcu6_10 layout-component text-serif-m layout-normal text-serif-m layout-padded\">HamKam ville det imidlertid annerledes. Simenstads utligning blir garantert en kandidat til \u00e5rets m\u00e5l i Eliteserien.<\/p>\n","protected":false},"excerpt":{"rendered":"Spill Profeten KFUM snudde 0-1 til 2-1-ledelse, men Gard Simenstads kjempetreff p\u00e5 tampen s\u00f8rget for at fredagens eliteseriekamp&hellip;\n","protected":false},"author":2,"featured_media":15474,"comment_status":"","ping_status":"","sticky":false,"template":"","format":"standard","meta":{"footnotes":""},"categories":[59],"tags":[134,92,870,2928,30,28,29,83,82],"class_list":{"0":"post-15473","1":"post","2":"type-post","3":"status-publish","4":"format-standard","5":"has-post-thumbnail","7":"category-sport","8":"tag-eliteserien","9":"tag-fotball","10":"tag-hamkam","11":"tag-kfum-oslo","12":"tag-no","13":"tag-norge","14":"tag-norway","15":"tag-sport","16":"tag-sports"},"share_on_mastodon":{"url":"","error":""},"_links":{"self":[{"href":"https:\/\/www.europesays.com\/no\/wp-json\/wp\/v2\/posts\/15473","targetHints":{"allow":["GET"]}}],"collection":[{"href":"https:\/\/www.europesays.com\/no\/wp-json\/wp\/v2\/posts"}],"about":[{"href":"https:\/\/www.europesays.com\/no\/wp-json\/wp\/v2\/types\/post"}],"author":[{"embeddable":true,"href":"https:\/\/www.europesays.com\/no\/wp-json\/wp\/v2\/users\/2"}],"replies":[{"embeddable":true,"href":"https:\/\/www.europesays.com\/no\/wp-json\/wp\/v2\/comments?post=15473"}],"version-history":[{"count":0,"href":"https:\/\/www.europesays.com\/no\/wp-json\/wp\/v2\/posts\/15473\/revisions"}],"wp:featuredmedia":[{"embeddable":true,"href":"https:\/\/www.europesays.com\/no\/wp-json\/wp\/v2\/media\/15474"}],"wp:attachment":[{"href":"https:\/\/www.europesays.com\/no\/wp-json\/wp\/v2\/media?parent=15473"}],"wp:term":[{"taxonomy":"category","embeddable":true,"href":"https:\/\/www.europesays.com\/no\/wp-json\/wp\/v2\/categories?post=15473"},{"taxonomy":"post_tag","embeddable":true,"href":"https:\/\/www.europesays.com\/no\/wp-json\/wp\/v2\/tags?post=15473"}],"curies":[{"name":"wp","href":"https:\/\/api.w.org\/{rel}","templated":true}]}}