{"id":15483,"date":"2025-08-22T20:19:08","date_gmt":"2025-08-22T20:19:08","guid":{"rendered":"https:\/\/www.europesays.com\/no\/15483\/"},"modified":"2025-08-22T20:19:08","modified_gmt":"2025-08-22T20:19:08","slug":"niels-laros-stormet-inn-til-seier-pa-1500-meter","status":"publish","type":"post","link":"https:\/\/www.europesays.com\/no\/15483\/","title":{"rendered":"Niels Laros stormet inn til seier p\u00e5 1500 meter"},"content":{"rendered":"\n<p class=\"_lead_1bvmi_2 _lead_xtcu6_50 layout-component text-serif-m layout-normal text-serif-l layout-component layout-wide layout-padded _wide_17hqh_1 layout-padded\">20-\u00e5ringen Niels Laros stormet inn til seier p\u00e5 1500-meteren under Diamond League-stevnet i Brussel fredag. Samtidig sendte han en advarsel til rivalene f\u00f8r VM.<\/p>\n<p><img alt=\"Niels Laros imponerte i Belgia.  Foto: Paul S. Amundsen \/ NTB\" class=\"_image_qp4xg_65 layout-component layout-wide\" data-fullscreen- data-track-element-type=\"Article image fullscreen\" data-track-name=\"ImageFullscreen\" fetchpriority=\"high\" decoding=\"sync\" loading=\"eager\" height=\"2841\" itemprop=\"image\"  src=\"https:\/\/www.europesays.com\/no\/wp-content\/uploads\/2025\/08\/7006bb7a-6584-4a46-abd1-5dd3e7711d36\"  style=\"object-position:0% 0%\" width=\"4260\"\/>Niels Laros imponerte i Belgia.  Foto: Paul S. Amundsen \/ NTB<\/p>\n<ul aria-hidden=\"true\" class=\"_images_1y6fe_106\">\n<li><a class=\"_link_1y6fe_111\" href=\"https:\/\/www.vg.no\/forfatter\/ntb\" style=\"z-index:1\" title=\"NTB\" rel=\"nofollow noopener\" target=\"_blank\"><img alt=\"Bilde av NTB\" class=\"_image_1y6fe_88\" fetchpriority=\"low\" loading=\"lazy\" decoding=\"async\" itemprop=\"image\"  src=\"https:\/\/www.europesays.com\/no\/wp-content\/uploads\/2025\/08\/1755893948_452_c33980b0-5d07-4027-84a1-813f90a7c8d6\"  width=\"480\"\/><\/a><\/li>\n<\/ul>\n<p> Oppdatert fredag 22. august kl. 21:29    <\/p>\n<ul class=\"_list_1bvmi_3 _list_1flq1_85 _unordered_1bvmi_99 text-sans-m\">\n<li class=\"_item_1bvmi_30\">20-\u00e5ringen Niels Laros vant 1500-meteren under Diamond League i Brussel.<\/li>\n<li class=\"_item_1bvmi_30\">Han avsluttet med en knallsterk tid p\u00e5 3.30,57 og etterlot konkurrentene langt bak.<\/li>\n<li class=\"_item_1bvmi_30\">NRK-kommentator Jann Post mener at rivalene m\u00e5 l\u00f8pe fortere enn 3.30 for \u00e5 vinne VM.<\/li>\n<li class=\"_item_1bvmi_30\">Laros viste at han blir en t\u00f8ff konkurrent i Tokyo neste m\u00e5ned.<\/li>\n<\/ul>\n<p>Vis mer <\/p>\n<p class=\"_paragraph_1bvmi_4 _paragraph_xtcu6_10 layout-component text-serif-m layout-normal text-serif-m layout-padded\">Laros satte full fart de siste 200 meterne i den belgiske hovedstaden og la samtlige konkurrenter langt bak seg. Han s\u00e5 ut til \u00e5 ha krefter igjen ved m\u00e5lpassering.<\/p>\n<p class=\"_paragraph_1bvmi_4 _paragraph_xtcu6_10 layout-component text-serif-m layout-normal text-serif-m layout-padded\">Tiden ble s\u00e5 sterk som 3.30,57.<\/p>\n<p class=\"_paragraph_1bvmi_4 _paragraph_xtcu6_10 layout-component text-serif-m layout-normal text-serif-m layout-padded\">\u2013 En monster siste 200 meter. De m\u00e5 nok l\u00f8pe fortere enn 3.30 for \u00e5 bli verdensmester. Det er konklusjonen, sa NRK-kommentator Jann Post.<\/p>\n<p class=\"_paragraph_1bvmi_4 _paragraph_xtcu6_10 layout-component text-serif-m layout-normal text-serif-m layout-padded\">L\u00f8pet var et skremmeskudd for Jakob Ingebrigtsen og alle de andre som har ambisjoner om edelt metall under VM i Tokyo i neste m\u00e5ned.<\/p>\n<p class=\"_paragraph_1bvmi_4 _paragraph_xtcu6_10 layout-component text-serif-m layout-normal text-serif-m layout-padded\">Spurtsterke Laros blir ingen enkel mann \u00e5 hamle opp med i Japan.<\/p>\n","protected":false},"excerpt":{"rendered":"20-\u00e5ringen Niels Laros stormet inn til seier p\u00e5 1500-meteren under Diamond League-stevnet i Brussel fredag. Samtidig sendte han&hellip;\n","protected":false},"author":2,"featured_media":15484,"comment_status":"","ping_status":"","sticky":false,"template":"","format":"standard","meta":{"footnotes":""},"categories":[59],"tags":[2049,423,30,28,29,83,82],"class_list":{"0":"post-15483","1":"post","2":"type-post","3":"status-publish","4":"format-standard","5":"has-post-thumbnail","7":"category-sport","8":"tag-diamond-league","9":"tag-friidrett","10":"tag-no","11":"tag-norge","12":"tag-norway","13":"tag-sport","14":"tag-sports"},"share_on_mastodon":{"url":"","error":""},"_links":{"self":[{"href":"https:\/\/www.europesays.com\/no\/wp-json\/wp\/v2\/posts\/15483","targetHints":{"allow":["GET"]}}],"collection":[{"href":"https:\/\/www.europesays.com\/no\/wp-json\/wp\/v2\/posts"}],"about":[{"href":"https:\/\/www.europesays.com\/no\/wp-json\/wp\/v2\/types\/post"}],"author":[{"embeddable":true,"href":"https:\/\/www.europesays.com\/no\/wp-json\/wp\/v2\/users\/2"}],"replies":[{"embeddable":true,"href":"https:\/\/www.europesays.com\/no\/wp-json\/wp\/v2\/comments?post=15483"}],"version-history":[{"count":0,"href":"https:\/\/www.europesays.com\/no\/wp-json\/wp\/v2\/posts\/15483\/revisions"}],"wp:featuredmedia":[{"embeddable":true,"href":"https:\/\/www.europesays.com\/no\/wp-json\/wp\/v2\/media\/15484"}],"wp:attachment":[{"href":"https:\/\/www.europesays.com\/no\/wp-json\/wp\/v2\/media?parent=15483"}],"wp:term":[{"taxonomy":"category","embeddable":true,"href":"https:\/\/www.europesays.com\/no\/wp-json\/wp\/v2\/categories?post=15483"},{"taxonomy":"post_tag","embeddable":true,"href":"https:\/\/www.europesays.com\/no\/wp-json\/wp\/v2\/tags?post=15483"}],"curies":[{"name":"wp","href":"https:\/\/api.w.org\/{rel}","templated":true}]}}