{"id":15504,"date":"2025-08-22T20:43:15","date_gmt":"2025-08-22T20:43:15","guid":{"rendered":"https:\/\/www.europesays.com\/no\/15504\/"},"modified":"2025-08-22T20:43:15","modified_gmt":"2025-08-22T20:43:15","slug":"vinmonopolet-nyheter-endring-pa-polet-trer-i-kraft-i-dag-ostlands-posten","status":"publish","type":"post","link":"https:\/\/www.europesays.com\/no\/15504\/","title":{"rendered":"Vinmonopolet, Nyheter | Endring p\u00e5 polet \u2013 trer i kraft i dag &#8211; \u00d8stlands-Posten"},"content":{"rendered":"<ol>\n<li><a href=\"https:\/\/news.google.com\/rss\/articles\/CBMid0FVX3lxTE16b05FYU8zME5jQmdxcm52UWJhUk9tY0gzZXVhU2U3b3g4Q2trQkFRNGN5QllIYzVTMUFZamJjOXVGamdmRVNvYlhnWHVfQzFHTzlCdVZXWF9MM0xlRjVPSDJ4LW50ZDkzSjI3VTJveGhzWjJSV2Yw?oc=5\" target=\"_blank\" rel=\"nofollow noopener\">Vinmonopolet, Nyheter | Endring p\u00e5 polet \u2013 trer i kraft i dag<\/a>&nbsp;&nbsp;\u00d8stlands-Posten<\/li>\n<li><a href=\"https:\/\/news.google.com\/rss\/articles\/CBMic0FVX3lxTE1ucV8zUjdjbHhMcU45dVBLS1J3LWN5cldmaXdVWjVubjZYTHV4djZiTzlqeXI3TTd2N21XLWpEeVI3dnRwRGRuOVdUdU1FT1lPVGV4UlJ6TF9kTzNKTUluMGhZSXN1RUhKb3VlSXgxMjZZLU0?oc=5\" target=\"_blank\" rel=\"nofollow noopener\">N\u00e5 m\u00e5 du logge inn<\/a>&nbsp;&nbsp;DinSide<\/li>\n<li><a href=\"https:\/\/news.google.com\/rss\/articles\/CBMikwFBVV95cUxQeDBqRkY3SmlqRElFZkJ1VXNDc1VQVFVjcjRLcEdFdGVoV3hSZ0JIMkJiZWgyaFUtWkp0V3F0UnlPTVdLbTBpeTBQd3d6UURPb2o4Z2lVdGYweU96cEIxbWcwSXNNaWdhMEY3OWNZX2E0X2VOTkxVRHZrRVBmVnhoSHV5V1FmMnVERXJac3Jjb3hEWGs?oc=5\" target=\"_blank\" rel=\"nofollow noopener\">Vinmonopolet innf\u00f8rer ny k\u00f8l\u00f8sning for spesialslipp \u2013 Siste nytt<\/a>&nbsp;&nbsp;NRK<\/li>\n<li><a href=\"https:\/\/news.google.com\/rss\/articles\/CBMifkFVX3lxTE5UTGRmVlJPbnV0ZHYycGdMajFHSC1wdXJ6NnNtSEFuZVB0RUNKNE9XTkFOanJIXzZJVTJXcEVtSDhNUW1xVDFPX2lTWFBfNmRZRWpNREF6Ry1ITTVlcVp5LVFMUnNWZUZIYXVfaDJGN2k1NlFRbGQ2X1BpSDlVUQ?oc=5\" target=\"_blank\" rel=\"nofollow noopener\">Vinmonopolet med nytt grep<\/a>&nbsp;&nbsp;TV2.no<\/li>\n<li><a href=\"https:\/\/news.google.com\/rss\/articles\/CBMivgFBVV95cUxOdXdtcDZXMmI5TG1HNVA3MFY0UGozSGE1TmV4b1JwNzh6U2dCWUh0Y19aYmR2bTJZLUtrT19ZdHlaMDdLeFl6ZEFsSjBneW5EZGpySEtSaks0SkV6Q0NfTUhjdG1oSHpyVjlLOTVqT3VkaGhNRUlsdWNjMFc5X3lDOGVYOURVcmdnZUNaMEdZeHFIR3lZX0lBMWpCdU9UZGt6MlFNUEJWWk1nRVFPYTMyYUJoODB6LTJjdHR5cTdn?oc=5\" target=\"_blank\" rel=\"nofollow noopener\">H\u00f8stens f\u00f8rste spesialslipp: Her er de 20 beste kj\u00f8pene (+)<\/a>&nbsp;&nbsp;Dagens N\u00e6ringsliv<\/li>\n<\/ol>\n","protected":false},"excerpt":{"rendered":"Vinmonopolet, Nyheter | Endring p\u00e5 polet \u2013 trer i kraft i dag&nbsp;&nbsp;\u00d8stlands-Posten N\u00e5 m\u00e5 du logge inn&nbsp;&nbsp;DinSide Vinmonopolet&hellip;\n","protected":false},"author":2,"featured_media":15505,"comment_status":"","ping_status":"","sticky":false,"template":"","format":"standard","meta":{"footnotes":""},"categories":[56],"tags":[1095,36,60,61,62,30,28,29,14,1510,1092],"class_list":{"0":"post-15504","1":"post","2":"type-post","3":"status-publish","4":"format-standard","5":"has-post-thumbnail","7":"category-naeringsliv","8":"tag-alkohol","9":"tag-art","10":"tag-business","11":"tag-economy","12":"tag-naeringsliv","13":"tag-no","14":"tag-norge","15":"tag-norway","16":"tag-nyheter","17":"tag-story","18":"tag-vinmonopolet"},"share_on_mastodon":{"url":"","error":""},"_links":{"self":[{"href":"https:\/\/www.europesays.com\/no\/wp-json\/wp\/v2\/posts\/15504","targetHints":{"allow":["GET"]}}],"collection":[{"href":"https:\/\/www.europesays.com\/no\/wp-json\/wp\/v2\/posts"}],"about":[{"href":"https:\/\/www.europesays.com\/no\/wp-json\/wp\/v2\/types\/post"}],"author":[{"embeddable":true,"href":"https:\/\/www.europesays.com\/no\/wp-json\/wp\/v2\/users\/2"}],"replies":[{"embeddable":true,"href":"https:\/\/www.europesays.com\/no\/wp-json\/wp\/v2\/comments?post=15504"}],"version-history":[{"count":0,"href":"https:\/\/www.europesays.com\/no\/wp-json\/wp\/v2\/posts\/15504\/revisions"}],"wp:featuredmedia":[{"embeddable":true,"href":"https:\/\/www.europesays.com\/no\/wp-json\/wp\/v2\/media\/15505"}],"wp:attachment":[{"href":"https:\/\/www.europesays.com\/no\/wp-json\/wp\/v2\/media?parent=15504"}],"wp:term":[{"taxonomy":"category","embeddable":true,"href":"https:\/\/www.europesays.com\/no\/wp-json\/wp\/v2\/categories?post=15504"},{"taxonomy":"post_tag","embeddable":true,"href":"https:\/\/www.europesays.com\/no\/wp-json\/wp\/v2\/tags?post=15504"}],"curies":[{"name":"wp","href":"https:\/\/api.w.org\/{rel}","templated":true}]}}