{"id":15551,"date":"2025-08-22T21:38:08","date_gmt":"2025-08-22T21:38:08","guid":{"rendered":"https:\/\/www.europesays.com\/no\/15551\/"},"modified":"2025-08-22T21:38:08","modified_gmt":"2025-08-22T21:38:08","slug":"sor-varanger-norsk-russisk-grense-vg-mannen-som-krysset-grensen-til-norge-fra-russland-var-russisk-soldat","status":"publish","type":"post","link":"https:\/\/www.europesays.com\/no\/15551\/","title":{"rendered":"S\u00f8r-Varanger, Norsk-russisk grense | VG: Mannen som krysset grensen til Norge fra Russland var russisk soldat"},"content":{"rendered":"\n<p>Mannens forsvarer sier at mannen har v\u00e6rt russisk soldat som har kjempet i Ukraina.<\/p>\n<p>\u2013 Han har v\u00e6rt russisk soldat. Han har v\u00e6rt i Ukraina og tatt en beslutning om at han ikke lenger ville delta i videre krigf\u00f8ring. Han tok et valg om \u00e5 ta seg til Norge, sier mannens forsvarer Trond P. Biti til <a rel=\"noopener nofollow\" href=\"https:\/\/www.vg.no\/nyheter\/i\/Ey7avK\/paagrepet-etter-grensekryssing-fra-russland-var-russisk-soldat\" target=\"_blank\">VG<\/a>.<\/p>\n<p>Mannen har i dag sittet flere timer i avh\u00f8r.<\/p>\n<p>\u2013 Det er helt naturlig at slikt tar flere timer. Politiet trenger mye info, s\u00e5 det er ikke s\u00e5 spesielt, sier Biti til <a href=\"https:\/\/www.nettavisen.no\/nyheter\/russisk-soldat-til-norge-han-tok-drosje\/s\/5-95-2581646\" rel=\"Follow nofollow noopener\" target=\"_blank\">Nettavisen<\/a>.<\/p>\n<p>Politiet meldte tidligere fredag at en mann var <a href=\"https:\/\/www.ifinnmark.no\/pagrepet-etter-mulig-ulovlig-grensekryssing-ved-grense-jakobselv\/s\/5-145-194053\" rel=\"Follow nofollow noopener\" target=\"_blank\">p\u00e5grepet etter \u00e5 ulovlig ha krysset grensen til Norge fra Russland<\/a> ved Grense Jakobselv i Finnmark.<\/p>\n<p>If\u00f8lge Nettavisen skal soldaten ha tatt drosje p\u00e5 vei til riksgrensen, forteller advokaten.<\/p>\n<p>\u2013 Den siste strekningen gikk han til fots, legger Biti til.<\/p>\n<p>Han bekrefter at det er straffbart \u00e5 krysse grensen fra Russland til Norge.<\/p>\n<p>\u2013 S\u00e5 f\u00e5r vi se hva p\u00e5talemyndighetene velger \u00e5 gj\u00f8re, avslutter advokaten.<\/p>\n<p>(\u00a9NTB)<\/p>\n<p>Les mer om: artikkelemnene<\/p>\n","protected":false},"excerpt":{"rendered":"Mannens forsvarer sier at mannen har v\u00e6rt russisk soldat som har kjempet i Ukraina. \u2013 Han har v\u00e6rt&hellip;\n","protected":false},"author":2,"featured_media":11753,"comment_status":"","ping_status":"","sticky":false,"template":"","format":"standard","meta":{"footnotes":""},"categories":[10],"tags":[36,20,21,24,25,2936,15,22,23,13,30,28,2935,29,14,16,188,589,1510,26,27],"class_list":{"0":"post-15551","1":"post","2":"type-post","3":"status-publish","4":"format-standard","5":"has-post-thumbnail","7":"category-norge","8":"tag-art","9":"tag-breaking-news","10":"tag-breakingnews","11":"tag-featured-news","12":"tag-featurednews","13":"tag-grense-jakobselv","14":"tag-headlines","15":"tag-latest-news","16":"tag-latestnews","17":"tag-news","18":"tag-no","19":"tag-norge","20":"tag-norsk-russisk-grense","21":"tag-norway","22":"tag-nyheter","23":"tag-overskrifter","24":"tag-russland","25":"tag-sor-varanger","26":"tag-story","27":"tag-top-stories","28":"tag-topstories"},"share_on_mastodon":{"url":"","error":""},"_links":{"self":[{"href":"https:\/\/www.europesays.com\/no\/wp-json\/wp\/v2\/posts\/15551","targetHints":{"allow":["GET"]}}],"collection":[{"href":"https:\/\/www.europesays.com\/no\/wp-json\/wp\/v2\/posts"}],"about":[{"href":"https:\/\/www.europesays.com\/no\/wp-json\/wp\/v2\/types\/post"}],"author":[{"embeddable":true,"href":"https:\/\/www.europesays.com\/no\/wp-json\/wp\/v2\/users\/2"}],"replies":[{"embeddable":true,"href":"https:\/\/www.europesays.com\/no\/wp-json\/wp\/v2\/comments?post=15551"}],"version-history":[{"count":0,"href":"https:\/\/www.europesays.com\/no\/wp-json\/wp\/v2\/posts\/15551\/revisions"}],"wp:featuredmedia":[{"embeddable":true,"href":"https:\/\/www.europesays.com\/no\/wp-json\/wp\/v2\/media\/11753"}],"wp:attachment":[{"href":"https:\/\/www.europesays.com\/no\/wp-json\/wp\/v2\/media?parent=15551"}],"wp:term":[{"taxonomy":"category","embeddable":true,"href":"https:\/\/www.europesays.com\/no\/wp-json\/wp\/v2\/categories?post=15551"},{"taxonomy":"post_tag","embeddable":true,"href":"https:\/\/www.europesays.com\/no\/wp-json\/wp\/v2\/tags?post=15551"}],"curies":[{"name":"wp","href":"https:\/\/api.w.org\/{rel}","templated":true}]}}