{"id":155885,"date":"2026-02-05T14:55:09","date_gmt":"2026-02-05T14:55:09","guid":{"rendered":"https:\/\/www.europesays.com\/no\/155885\/"},"modified":"2026-02-05T14:55:09","modified_gmt":"2026-02-05T14:55:09","slug":"ukraina-samtaler-over-usa-og-russland-enige-om-a-gjenoppta-militaer-dialog","status":"publish","type":"post","link":"https:\/\/www.europesays.com\/no\/155885\/","title":{"rendered":"Ukraina-samtaler over \u2013 USA og Russland enige om \u00e5 gjenoppta milit\u00e6r dialog"},"content":{"rendered":"\n<p class=\"_lead_o9xde_2 _lead_6fko5_53 layout-component text-serif-m layout-normal text-serif-l layout-component layout-wide layout-padded _wide_17hqh_1 layout-padded\">I Abu Dhabi, hvor det torsdag har v\u00e6rt Ukraina-samtaler, har USA og Russland blitt enige om \u00e5 gjenoppta milit\u00e6r dialog p\u00e5 h\u00f8yt niv\u00e5.<\/p>\n<ul class=\"_gallery_1qa3s_23\" tabindex=\"0\">\n<li class=\"_item_1qa3s_37\" data-index=\"0\"><img fetchpriority=\"high\" decoding=\"async\" class=\"_image_foru8_23 _introGallery_foru8_43\" data-fullscreen- width=\"5424\" height=\"4228\" itemprop=\"image\" loading=\"eager\"  src=\"https:\/\/www.europesays.com\/no\/wp-content\/uploads\/2026\/02\/1e961d29-02f1-4bc6-97ea-b4104445a3d5.jpeg\"  style=\"object-position:50% 50%;aspect-ratio:var(--gallery-aspect-ratio, 16 \/ 9)\"\/>Den amerikanske generalen Alexus Grynkewich har m\u00f8tt b\u00e5de russiske og ukrainske utsendinger i Abu Dhabi. Bildet av Grynkewich ble tatt i Abu Dhabi i 2023.  Foto: Jon Gambrell \/ AP \/ NTB<\/li>\n<li class=\"_item_1qa3s_37\" data-index=\"1\"><img decoding=\"async\" class=\"_image_foru8_23 _introGallery_foru8_43\" data-fullscreen- width=\"5085\" height=\"3632\" itemprop=\"image\" loading=\"lazy\"  src=\"https:\/\/www.europesays.com\/no\/wp-content\/uploads\/2026\/02\/c0c160fc-fd43-4114-b2b3-7a4b44a1ab3a.jpeg\"  style=\"object-position:50% 50%;aspect-ratio:var(--gallery-aspect-ratio, 16 \/ 9)\"\/>Spesialutsending Steve Witkoff deltok i Ukraina-samtalene i Abu Dhabi. Bildet ble tatt i Det hvite hus i fjor h\u00f8st.  Foto: Alex Brandon \/ AP \/ NTB<\/li>\n<\/ul>\n<p>Den amerikanske generalen Alexus Grynkewich har m\u00f8tt b\u00e5de russiske og ukrainske utsendinger i Abu Dhabi. Bildet av Grynkewich ble tatt i Abu Dhabi i 2023.  Foto: Jon Gambrell \/ AP \/ NTB<\/p>\n<ul aria-hidden=\"true\" class=\"_images_ntbth_112\">\n<li><a class=\"_link_ntbth_117\" href=\"https:\/\/www.vg.no\/forfatter\/ntb\" style=\"z-index:1\" title=\"NTB\" rel=\"nofollow noopener\" target=\"_blank\"><img alt=\"Bilde av NTB\" class=\"_image_ntbth_93\" fetchpriority=\"low\" loading=\"lazy\" decoding=\"async\" itemprop=\"image\"  src=\"https:\/\/www.europesays.com\/no\/wp-content\/uploads\/2026\/02\/1770303309_584_c33980b0-5d07-4027-84a1-813f90a7c8d6.png\"  width=\"480\"\/><\/a><\/li>\n<\/ul>\n<p> Oppdatert torsdag 5. februar kl. 14:49     <\/p>\n<p class=\"_paragraph_o9xde_4 _paragraph_6fko5_10 layout-component text-serif-m layout-normal text-serif-m layout-padded\">Det framg\u00e5r i en uttalelse fra det amerikanske milit\u00e6ret. Avtalen ble inng\u00e5tt etter samtaler i Abu Dhabi mellom den amerikanske generalen Alexus Grynkewich, som er Natos \u00f8verstkommanderende i Europa, og utsendinger fra Russland og Ukraina.<\/p>\n<p class=\"_paragraph_o9xde_4 _paragraph_6fko5_10 layout-component text-serif-m layout-normal text-serif-m layout-padded\">Milit\u00e6r kommunikasjon p\u00e5 h\u00f8yt niv\u00e5 mellom <a href=\"https:\/\/www.vg.no\/tag\/usa?utm_source=vg-article&amp;utm_medium=auto-tagger&amp;utm_campaign=5pn2zO\" class=\"_link_o9xde_39\" rel=\"nofollow noopener\" target=\"_blank\">USA<\/a> og Russland ble lagt p\u00e5 is i 2021, kort tid f\u00f8r Russlands invasjon av Ukraina \u00e5ret etter.<\/p>\n<p class=\"_paragraph_o9xde_4 _paragraph_6fko5_10 layout-component text-serif-m layout-normal text-serif-m layout-padded\">I Abu Dhabi, hovedstaden i De forente arabiske emirater, har det onsdag og torsdag v\u00e6rt samtaler om en mulig slutt p\u00e5 Ukraina-krigen. Russland og Ukraina ble enige om en ny fangeutveksling, men utover dette er det ikke meldt om noe gjennombrudd knyttet til krigen.<\/p>\n<p>Ny fangeutveksling<\/p>\n<p class=\"_paragraph_o9xde_4 _paragraph_6fko5_10 layout-component text-serif-m layout-normal text-serif-m layout-padded\">En talsperson for Ukrainas sjefforhandler Rustem Umerov opplyste torsdag ettermiddag at forhandlingene om en mulig krigsslutt var over.<\/p>\n<p class=\"_paragraph_o9xde_4 _paragraph_6fko5_10 layout-component text-serif-m layout-normal text-serif-m layout-padded\">Utsendinger b\u00e5de fra Ukraina, Russland og USA deltok ogs\u00e5 i disse samtalene. Den amerikanske spesialutsendingen Steve Witkoff opplyste at partene i Abu Dhabi ble enige om en ny fangeutveksling, og if\u00f8lge regjeringen i Russland har den allerede funnet sted. Russland og Ukraina skal torsdag ha utvekslet 157 krigsfanger hver.<\/p>\n<p class=\"_paragraph_o9xde_4 _paragraph_6fko5_10 layout-component text-serif-m layout-normal text-serif-m layout-padded\">\u2013 Dette utfallet ble oppn\u00e5dd i fredssamtaler som har v\u00e6rt detaljerte og produktive, skrev Witkoff om fangeutvekslingen p\u00e5 meldingstjenesten X.<\/p>\n<p class=\"_paragraph_o9xde_4 _paragraph_6fko5_10 layout-component text-serif-m layout-normal text-serif-m layout-padded\">Utvekslingen av fanger mellom Ukraina og Russland er den f\u00f8rste p\u00e5 fem m\u00e5neder.<\/p>\n<p>\u2013 Betydelig arbeid gjenst\u00e5r<\/p>\n<p class=\"_paragraph_o9xde_4 _paragraph_6fko5_10 layout-component text-serif-m layout-normal text-serif-m layout-padded\">Witkoff la imidlertid til at \u00abbetydelig arbeid gjenst\u00e5r\u00bb. S\u00e5 langt er det ikke meldt om noe gjennombrudd i fors\u00f8kene p\u00e5 \u00e5 f\u00e5 slutt p\u00e5 Russlands krig mot Ukraina.<\/p>\n<p class=\"_paragraph_o9xde_4 _paragraph_6fko5_10 layout-component text-serif-m layout-normal text-serif-m layout-padded\">Forhandlingene mellom utsendinger fra Russland, Ukraina og USA i Abu Dhabi, hovedstaden i De forente arabiske emirater, begynte onsdag. Ukrainas sjefforhandler Rustem Umerov sa etter f\u00f8rste dag med samtaler at de hadde v\u00e6rt produktive.<\/p>\n<p class=\"_paragraph_o9xde_4 _paragraph_6fko5_10 layout-component text-serif-m layout-normal text-serif-m layout-padded\">Ogs\u00e5 den russiske utsendingen Kirill Dmitrijev var tilsynelatende positiv.<\/p>\n<p class=\"_paragraph_o9xde_4 _paragraph_6fko5_10 layout-component text-serif-m layout-normal text-serif-m layout-padded\">\u2013 Det er definitivt framskritt, ting beveger seg framover i en god, positiv retning, sa han torsdag.<\/p>\n<p>Nye russiske angrep<\/p>\n<p class=\"_paragraph_o9xde_4 _paragraph_6fko5_10 layout-component text-serif-m layout-normal text-serif-m layout-padded\">Dmitrijev hevdet ogs\u00e5 at \u00abaktivt arbeid\u00bb p\u00e5gikk for \u00e5 gjenopprette Russlands forbindelser til USA. Videre beskyldte han europeiske land for \u00e5 stikke kjepper i hjulene for samtalene om en mulig fredsl\u00f8sning \u2013 uten \u00e5 dokumentere dette.<\/p>\n<p class=\"_paragraph_o9xde_4 _paragraph_6fko5_10 layout-component text-serif-m layout-normal text-serif-m layout-padded\">\u2013 Krigshisserne fra Europa, fra Storbritannia, fors\u00f8ker konstant \u00e5 blande seg inn i denne prosessen, sa Dmitrijev.<\/p>\n<p class=\"_paragraph_o9xde_4 _paragraph_6fko5_10 layout-component text-serif-m layout-normal text-serif-m layout-padded\">Samme dag som samtalene begynte, meldte ukrainske myndigheter at minst sju mennesker var drept i et russisk angrep mot byen Druzjkivka. Klasebomber ble angivelig brukt blant annet mot et marked.<\/p>\n<p class=\"_paragraph_o9xde_4 _paragraph_6fko5_10 layout-component text-serif-m layout-normal text-serif-m layout-padded\">Russland gjenopptok dagen f\u00f8r sine angrep mot Ukrainas energiforsyning, etter en pause som USAs president Donald Trump angivelig fikk i stand.<\/p>\n<p class=\"_paragraph_o9xde_4 _paragraph_6fko5_10 layout-component text-serif-m layout-normal text-serif-m layout-padded\">En tidligere runde med Ukraina-samtaler i Abu Dhabi fant sted i januar.<\/p>\n","protected":false},"excerpt":{"rendered":"I Abu Dhabi, hvor det torsdag har v\u00e6rt Ukraina-samtaler, har USA og Russland blitt enige om \u00e5 gjenoppta&hellip;\n","protected":false},"author":2,"featured_media":155886,"comment_status":"","ping_status":"","sticky":false,"template":"","format":"standard","meta":{"footnotes":"","_share_on_mastodon":"0"},"categories":[12],"tags":[20,21,24,25,15,179,22,23,13,30,28,29,14,16,188,363,26,27,50,42,43,44,45],"class_list":["post-155885","post","type-post","status-publish","format-standard","has-post-thumbnail","category-verden","tag-breaking-news","tag-breakingnews","tag-featured-news","tag-featurednews","tag-headlines","tag-krigen-i-ukraina","tag-latest-news","tag-latestnews","tag-news","tag-no","tag-norge","tag-norway","tag-nyheter","tag-overskrifter","tag-russland","tag-steve-witkoff","tag-top-stories","tag-topstories","tag-usa","tag-verden","tag-world","tag-world-news","tag-worldnews"],"share_on_mastodon":{"url":"https:\/\/pubeurope.com\/@no\/116018605195816156","error":""},"_links":{"self":[{"href":"https:\/\/www.europesays.com\/no\/wp-json\/wp\/v2\/posts\/155885","targetHints":{"allow":["GET"]}}],"collection":[{"href":"https:\/\/www.europesays.com\/no\/wp-json\/wp\/v2\/posts"}],"about":[{"href":"https:\/\/www.europesays.com\/no\/wp-json\/wp\/v2\/types\/post"}],"author":[{"embeddable":true,"href":"https:\/\/www.europesays.com\/no\/wp-json\/wp\/v2\/users\/2"}],"replies":[{"embeddable":true,"href":"https:\/\/www.europesays.com\/no\/wp-json\/wp\/v2\/comments?post=155885"}],"version-history":[{"count":0,"href":"https:\/\/www.europesays.com\/no\/wp-json\/wp\/v2\/posts\/155885\/revisions"}],"wp:featuredmedia":[{"embeddable":true,"href":"https:\/\/www.europesays.com\/no\/wp-json\/wp\/v2\/media\/155886"}],"wp:attachment":[{"href":"https:\/\/www.europesays.com\/no\/wp-json\/wp\/v2\/media?parent=155885"}],"wp:term":[{"taxonomy":"category","embeddable":true,"href":"https:\/\/www.europesays.com\/no\/wp-json\/wp\/v2\/categories?post=155885"},{"taxonomy":"post_tag","embeddable":true,"href":"https:\/\/www.europesays.com\/no\/wp-json\/wp\/v2\/tags?post=155885"}],"curies":[{"name":"wp","href":"https:\/\/api.w.org\/{rel}","templated":true}]}}