{"id":155955,"date":"2026-02-05T16:44:10","date_gmt":"2026-02-05T16:44:10","guid":{"rendered":"https:\/\/www.europesays.com\/no\/155955\/"},"modified":"2026-02-05T16:44:10","modified_gmt":"2026-02-05T16:44:10","slug":"erik-valnes-syk-haper-a-rekke-sprinten-i-ol","status":"publish","type":"post","link":"https:\/\/www.europesays.com\/no\/155955\/","title":{"rendered":"Erik Valnes syk &#8211; h\u00e5per \u00e5 rekke sprinten i OL"},"content":{"rendered":"\n<p class=\"_lead_o9xde_2 _lead_6fko5_53 layout-component text-serif-m layout-normal text-serif-l layout-component layout-wide layout-padded _wide_17hqh_1 layout-padded\">Erik Valnes (29) holdes unna den norske leiren f\u00f8r OL-starten. \u2013 Vi synes alle synd p\u00e5 ham, sier sprinttrener Arild Monsen.<\/p>\n<p><img alt=\"Erik Valnes, her fra tidligere i vinter. Foto: VESA MOILANEN \/ AFP \/ NTB\" class=\"_image_qp4xg_65 layout-component layout-wide\" data-fullscreen- data-track-element-type=\"Article image fullscreen\" data-track-name=\"ImageFullscreen\" fetchpriority=\"high\" decoding=\"sync\" loading=\"eager\" height=\"3320\" itemprop=\"image\"  src=\"https:\/\/www.europesays.com\/no\/wp-content\/uploads\/2026\/02\/17b70a56-fcb3-4890-833e-f17e443e74d2.png\"  style=\"object-position:0% 0%\" width=\"4979\"\/>Erik Valnes, her fra tidligere i vinter. Foto: VESA MOILANEN \/ AFP \/ NTB<\/p>\n<ul aria-hidden=\"true\" class=\"_images_ntbth_112\">\n<li><a class=\"_link_ntbth_117\" href=\"https:\/\/www.vg.no\/forfatter\/herman-folvik\" style=\"z-index:2\" title=\"Herman Folvik\" rel=\"nofollow noopener\" target=\"_blank\"><img alt=\"Bilde av Herman Folvik\" class=\"_image_ntbth_93\" fetchpriority=\"low\" loading=\"lazy\" decoding=\"async\" itemprop=\"image\"  src=\"https:\/\/www.europesays.com\/no\/wp-content\/uploads\/2026\/02\/1770309849_740_b8d5eb91-9fa9-460c-b9f0-da310ffe35dd.png\"  width=\"480\"\/><\/a><\/li>\n<li><a class=\"_link_ntbth_117\" href=\"https:\/\/www.vg.no\/forfatter\/mikal-aaserud\" style=\"z-index:1\" title=\"Mikal Emil Aaserud\" rel=\"nofollow noopener\" target=\"_blank\"><img alt=\"Bilde av Mikal Emil Aaserud\" class=\"_image_ntbth_93\" fetchpriority=\"low\" loading=\"lazy\" decoding=\"async\" itemprop=\"image\"  src=\"https:\/\/www.europesays.com\/no\/wp-content\/uploads\/2026\/02\/1f4bb18c-b7b1-46ba-9b49-79ae6afd7bbd.jpeg\"  width=\"480\"\/><\/a><\/li>\n<\/ul>\n<p> Oppdatert torsdag 5. februar kl. 16:38    <\/p>\n<ul class=\"_list_o9xde_3 _list_64s2r_85 _unordered_o9xde_106 text-sans-m\">\n<li class=\"_item_o9xde_30\">Erik Valnes (29) holdes unna OL-leiren p\u00e5 grunn av forkj\u00f8lelse.<\/li>\n<li class=\"_item_o9xde_30\">Sprinttrener Arild Monsen og lagkamerater uttrykker sympati for Valnes.<\/li>\n<li class=\"_item_o9xde_30\">Mattis Stenshagen er reserve hvis Valnes ikke kan delta i sprinten.<\/li>\n<li class=\"_item_o9xde_30\">Kristine Stav\u00e5s Skistad og Julie Bjervig Drivenes er klare for OL-sprinten p\u00e5 damesiden.<\/li>\n<\/ul>\n<p>Vis mer <\/p>\n<p class=\"_paragraph_o9xde_4 _paragraph_6fko5_10 layout-component text-serif-m layout-normal text-serif-m layout-padded\">\u2013 Det er jo selvf\u00f8lgelig leit. Det er det man h\u00e5per man skal unng\u00e5. Vi har tatt veldig med forholdsregler, men vi klarer aldri \u00e5 demme opp hundre prosent. Nei, huff, det er leit, jeg er lei meg p\u00e5 hans vegne, sier Monsen til VG. <\/p>\n<p class=\"_paragraph_o9xde_4 _paragraph_6fko5_10 layout-component text-serif-m layout-normal text-serif-m layout-padded\">Johannes H\u00f8sflot Kl\u00e6bo, Oskar Opstad Vike, Erik Valnes og Harald \u00d8stberg Amundsen er tatt ut til OL-sprinten, men Valnes stilte ikke p\u00e5 torsdagens pressekonferanse p\u00e5 grunn av en forkj\u00f8lelse.<\/p>\n<p class=\"_paragraph_o9xde_4 _paragraph_6fko5_10 layout-component text-serif-m layout-normal text-serif-m layout-padded\">H\u00e5pet er fortsatt at Valnes skal rekke tirsdagens konkurranse. Hvis ikke er Mattis Stenshagen klar som reserve. <\/p>\n<p><img alt=\"SKAL SPRINTE: Harald \u00d8stberg Amundsen, Johannes H\u00f8sflot Kl\u00e6bo og Oskar Opstad Vike.  Foto: Bj\u00f8rn S. Delebekk \/ VG\" class=\"_image_qp4xg_65 layout-component layout-normal\" data-fullscreen- data-track-element-type=\"Article image fullscreen\" data-track-name=\"ImageFullscreen\" decoding=\"async\" loading=\"lazy\" height=\"5504\" itemprop=\"image\"  src=\"https:\/\/www.europesays.com\/no\/wp-content\/uploads\/2026\/02\/5d88a16f-196d-4ed6-8efe-007d71e53ed8.png\"  style=\"object-position:0% 0%\" width=\"8256\"\/>SKAL SPRINTE: Harald \u00d8stberg Amundsen, Johannes H\u00f8sflot Kl\u00e6bo og Oskar Opstad Vike.  Foto: Bj\u00f8rn S. Delebekk \/ VG<\/p>\n<p class=\"_paragraph_o9xde_4 _paragraph_6fko5_10 layout-component text-serif-m layout-normal text-serif-m layout-padded\">Monsen forteller at Valnes er i lett trening, men at han ikke har ankommet OL-leiren i Castello di Fiemme. Valnes befinner seg fortsatt i Toblach, der de fleste norske l\u00f8perne var p\u00e5 \u00abprecamp\u00bb frem til onsdag.<\/p>\n<p class=\"_paragraph_o9xde_4 _paragraph_6fko5_10 layout-component text-serif-m layout-normal text-serif-m layout-padded\">\u2013 Det er for j\u00e6vlig, sier Amundsen om situasjonen til lagkameraten. <\/p>\n<p class=\"_paragraph_o9xde_4 _paragraph_6fko5_10 layout-component text-serif-m layout-normal text-serif-m layout-padded\">Valnes er ogs\u00e5 en av de fremste kandidatene til \u00e5 g\u00e5 lagsprinten med Kl\u00e6bo 18. februar.<\/p>\n<p class=\"_paragraph_o9xde_4 _paragraph_6fko5_10 layout-component text-serif-m layout-normal text-serif-m layout-padded\">\u2013 Det er jo verst tenkelig scenario. Det er \u00e5tte \u00e5r mellom hver klassisk sprint i OL, det her er Eriks sjanse. De utdyper jo ikke hvor syk han er, men n\u00e5r han ikke er i full trening er jo det kjipt. Det skal nok mye til for at han kaster inn h\u00e5ndkleet, sier NRK-ekspert P\u00e5l Golberg til VG.<\/p>\n<p class=\"_paragraph_o9xde_4 _paragraph_6fko5_10 layout-component text-serif-m layout-normal text-serif-m layout-padded\">Amundsen forteller at han ogs\u00e5 ble syk rett etter verdenscuphelgen i sveitsiske Goms i slutten av januar.<\/p>\n<p class=\"_paragraph_o9xde_4 _paragraph_6fko5_10 layout-component text-serif-m layout-normal text-serif-m layout-padded\">\u2013 Jeg hadde to dager i senga og s\u00e5 m\u00f8rkt p\u00e5 det. Jeg tror vi fikk et virus inn i troppen, men heldigvis ble jeg frisk fort. Jeg drar overskuddskortet inn til dette skirennet, sier Amundsen.<\/p>\n<p class=\"_paragraph_o9xde_4 _paragraph_6fko5_10 layout-component text-serif-m layout-normal text-serif-m layout-padded\">\u2013 Jeg tror det gikk et virus i troppen.<\/p>\n<p class=\"_paragraph_o9xde_4 _paragraph_6fko5_10 layout-component text-serif-m layout-normal text-serif-m layout-padded\">Trener Monsen forteller at det bare var Amundsen og Valnes som ble syke i Toblach. <\/p>\n<p class=\"_paragraph_o9xde_4 _paragraph_6fko5_10 layout-component text-serif-m layout-normal text-serif-m layout-padded\">\u2013 Det med Harald var veldig sk\u00e5nsomt, sier Monsen. <\/p>\n<p class=\"_paragraph_o9xde_4 _paragraph_6fko5_10 layout-component text-serif-m layout-normal text-serif-m layout-padded\">Amundsen g\u00e5r ogs\u00e5 20 kilometer med skibytte s\u00f8ndag, sammen med Mattis Stenshagen, Martin L\u00f8wstr\u00f8m Nyenget og Johannes H\u00f8sflot Kl\u00e6bo. Emil Iversen er vraket.<\/p>\n<p class=\"_paragraph_o9xde_4 _paragraph_6fko5_10 layout-component text-serif-m layout-normal text-serif-m layout-padded\">Tidligere torsdag ble det kjent at Kristine Stav\u00e5s Skistad, Julie Bjervig Drivenes, Ingrid Bergene Aabrekk og Milla Grosberghaugen Andreassen g\u00e5r tirsdagens sprint p\u00e5 damesiden.<\/p>\n<p class=\"_paragraph_o9xde_4 _paragraph_6fko5_10 layout-component text-serif-m layout-normal text-serif-m layout-padded\">Astrid \u00d8yre Slind, Heidi Weng, Kristin Austgulen Fosn\u00e6s og Karoline Simpson-Larsen g\u00e5r 20 kilometer med skibytte for kvinnene l\u00f8rdag. <\/p>\n<p class=\"_paragraph_o9xde_4 _paragraph_6fko5_10 layout-component text-serif-m layout-normal text-serif-m layout-padded\"><a href=\"https:\/\/vglive.vg.no\/OL-2026\/nyheter?pinnedEntry=66223\" class=\"_link_o9xde_39\" rel=\"nofollow noopener\" target=\"_blank\"><strong class=\"_strong_o9xde_25\">Alt om OL f\u00e5r du i VG Live.<\/strong><\/a><\/p>\n","protected":false},"excerpt":{"rendered":"Erik Valnes (29) holdes unna den norske leiren f\u00f8r OL-starten. \u2013 Vi synes alle synd p\u00e5 ham, sier&hellip;\n","protected":false},"author":2,"featured_media":155956,"comment_status":"","ping_status":"","sticky":false,"template":"","format":"standard","meta":{"footnotes":"","_share_on_mastodon":"0"},"categories":[59],"tags":[398,30,28,29,356,83,82],"class_list":["post-155955","post","type-post","status-publish","format-standard","has-post-thumbnail","category-sport","tag-langrenn","tag-no","tag-norge","tag-norway","tag-ski-vm","tag-sport","tag-sports"],"share_on_mastodon":{"url":"https:\/\/pubeurope.com\/@no\/116019033770951815","error":""},"_links":{"self":[{"href":"https:\/\/www.europesays.com\/no\/wp-json\/wp\/v2\/posts\/155955","targetHints":{"allow":["GET"]}}],"collection":[{"href":"https:\/\/www.europesays.com\/no\/wp-json\/wp\/v2\/posts"}],"about":[{"href":"https:\/\/www.europesays.com\/no\/wp-json\/wp\/v2\/types\/post"}],"author":[{"embeddable":true,"href":"https:\/\/www.europesays.com\/no\/wp-json\/wp\/v2\/users\/2"}],"replies":[{"embeddable":true,"href":"https:\/\/www.europesays.com\/no\/wp-json\/wp\/v2\/comments?post=155955"}],"version-history":[{"count":0,"href":"https:\/\/www.europesays.com\/no\/wp-json\/wp\/v2\/posts\/155955\/revisions"}],"wp:featuredmedia":[{"embeddable":true,"href":"https:\/\/www.europesays.com\/no\/wp-json\/wp\/v2\/media\/155956"}],"wp:attachment":[{"href":"https:\/\/www.europesays.com\/no\/wp-json\/wp\/v2\/media?parent=155955"}],"wp:term":[{"taxonomy":"category","embeddable":true,"href":"https:\/\/www.europesays.com\/no\/wp-json\/wp\/v2\/categories?post=155955"},{"taxonomy":"post_tag","embeddable":true,"href":"https:\/\/www.europesays.com\/no\/wp-json\/wp\/v2\/tags?post=155955"}],"curies":[{"name":"wp","href":"https:\/\/api.w.org\/{rel}","templated":true}]}}