{"id":15597,"date":"2025-08-22T23:03:12","date_gmt":"2025-08-22T23:03:12","guid":{"rendered":"https:\/\/www.europesays.com\/no\/15597\/"},"modified":"2025-08-22T23:03:12","modified_gmt":"2025-08-22T23:03:12","slug":"nyhet-e6-overtent-lastebil-stengte-trafikken-pa-e6","status":"publish","type":"post","link":"https:\/\/www.europesays.com\/no\/15597\/","title":{"rendered":"Nyhet, E6 | Overtent lastebil stengte trafikken p\u00e5 E6"},"content":{"rendered":"\n<p>(Vestby Avis) \u2013 En lastebil er i full fyr. E6 er stengt i s\u00f8rg\u00e5ende ved Vestby s\u00f8r og i nordg\u00e5ende ved Sonsveien. Omkj\u00f8ring er Osloveien, skriver operasjonsleder H\u00e5kon Nilsen i politiloggen.<\/p>\n<p><b>SISTE: Brannen er n\u00e5 slukket, og nordg\u00e5ende felt p\u00e5 E6 er \u00e5pnet. I sydg\u00e5ende l\u00f8p er det omkj\u00f8ring via Osloveien. Det er akkurat n\u00e5 lange k\u00f8er p\u00e5 Osloveien som f\u00f8lge av hendelsen og omkj\u00f8ringa.<\/b><\/p>\n<p>Lastebilen sto rett nord for Follotunnelen.<\/p>\n<p>Brannvesenet var p\u00e5 plass og startet slukking like f\u00f8r klokken 14:50.<\/p>\n<p>   <img decoding=\"async\" width=\"2048\" height=\"1536\" fetchpriority=\"low\"  loading=\"lazy\"  src=\"https:\/\/www.europesays.com\/no\/wp-content\/uploads\/2025\/08\/a5aaf9f9-e2d8-4bd5-b727-ae4d7183c4cf.jpg\" alt=\"\" class=\"brick-c-cFOWSL\" style=\"--brick-image-ratio: 2048 \/ 1536;\"\/><\/p>\n<p>    Foto: Steinar Omar \u00d8stli\n  <\/p>\n<p>Operasjonsleder Nikolai Gran\u00e5s Mathisen opplyste til <a href=\"https:\/\/www.aid.no\/aid\/feil\/innlogging?error=create-session&amp;site_domain=www.vestbyavis.no\" rel=\"noopener nofollow\" target=\"_blank\">Vestby Avis<\/a> at det brant i tilhengeren til en trailer. Flere personer skal ha pr\u00f8vd \u00e5 slukke brannen, men uten hell. De ble sjekket av helsepersonell for \u00e5 se om de har f\u00e5tt i seg r\u00f8yk.<\/p>\n<p>Ogs\u00e5 Oslofjordtunnelen var stengt i retning mot Dr\u00f8bak p\u00e5 grunn av en stanset lastebil, opplyste Vegtrafikksentralen.<\/p>\n<p>Vestby Avis sin reporter p\u00e5 stedet, kunne fortelle om mye brent fisk i veibanen.<\/p>\n<p>\u2013 Det stinker brent fisk, rapporterte han.<\/p>\n<p>Les mer om: artikkelemnene<\/p>\n","protected":false},"excerpt":{"rendered":"(Vestby Avis) \u2013 En lastebil er i full fyr. E6 er stengt i s\u00f8rg\u00e5ende ved Vestby s\u00f8r og&hellip;\n","protected":false},"author":2,"featured_media":15243,"comment_status":"","ping_status":"","sticky":false,"template":"","format":"standard","meta":{"footnotes":""},"categories":[10],"tags":[36,20,21,834,24,25,15,22,23,13,30,28,29,447,14,16,1510,26,27,224],"class_list":{"0":"post-15597","1":"post","2":"type-post","3":"status-publish","4":"format-standard","5":"has-post-thumbnail","7":"category-norge","8":"tag-art","9":"tag-breaking-news","10":"tag-breakingnews","11":"tag-e6","12":"tag-featured-news","13":"tag-featurednews","14":"tag-headlines","15":"tag-latest-news","16":"tag-latestnews","17":"tag-news","18":"tag-no","19":"tag-norge","20":"tag-norway","21":"tag-nyhet","22":"tag-nyheter","23":"tag-overskrifter","24":"tag-story","25":"tag-top-stories","26":"tag-topstories","27":"tag-trafikk"},"share_on_mastodon":{"url":"","error":""},"_links":{"self":[{"href":"https:\/\/www.europesays.com\/no\/wp-json\/wp\/v2\/posts\/15597","targetHints":{"allow":["GET"]}}],"collection":[{"href":"https:\/\/www.europesays.com\/no\/wp-json\/wp\/v2\/posts"}],"about":[{"href":"https:\/\/www.europesays.com\/no\/wp-json\/wp\/v2\/types\/post"}],"author":[{"embeddable":true,"href":"https:\/\/www.europesays.com\/no\/wp-json\/wp\/v2\/users\/2"}],"replies":[{"embeddable":true,"href":"https:\/\/www.europesays.com\/no\/wp-json\/wp\/v2\/comments?post=15597"}],"version-history":[{"count":0,"href":"https:\/\/www.europesays.com\/no\/wp-json\/wp\/v2\/posts\/15597\/revisions"}],"wp:featuredmedia":[{"embeddable":true,"href":"https:\/\/www.europesays.com\/no\/wp-json\/wp\/v2\/media\/15243"}],"wp:attachment":[{"href":"https:\/\/www.europesays.com\/no\/wp-json\/wp\/v2\/media?parent=15597"}],"wp:term":[{"taxonomy":"category","embeddable":true,"href":"https:\/\/www.europesays.com\/no\/wp-json\/wp\/v2\/categories?post=15597"},{"taxonomy":"post_tag","embeddable":true,"href":"https:\/\/www.europesays.com\/no\/wp-json\/wp\/v2\/tags?post=15597"}],"curies":[{"name":"wp","href":"https:\/\/api.w.org\/{rel}","templated":true}]}}