{"id":15600,"date":"2025-08-22T23:10:19","date_gmt":"2025-08-22T23:10:19","guid":{"rendered":"https:\/\/www.europesays.com\/no\/15600\/"},"modified":"2025-08-22T23:10:19","modified_gmt":"2025-08-22T23:10:19","slug":"demonstrasjon-ro-og-orden-klimaaktivistene-i-extinction-rebellion-aksjonerer-mot-dnb-og-norges-bank-i-oslo","status":"publish","type":"post","link":"https:\/\/www.europesays.com\/no\/15600\/","title":{"rendered":"Demonstrasjon, Ro og orden | Klimaaktivistene i Extinction Rebellion aksjonerer mot DNB og Norges Bank i Oslo"},"content":{"rendered":"\n<p>Organisasjonen la ut videoer i sosiale medier som viser at de er inne hos b\u00e5de Norges Bank og DNB fredag morgen, melder <a rel=\"noopener nofollow\" href=\"https:\/\/www.nrk.no\/nyheter\/klimaaktivister-inne-hos-norges-bank-og-dnb-1.17537470\" target=\"_blank\">NRK.<\/a><\/p>\n<p>\u2013 De blokkerte alle innganger, som hindrer ansatte og den \u00f8vrige lovlige virksomheten der til \u00e5 g\u00e5 sin gang, sier operasjonsleder Bj\u00f8rn Gunnar Nyseter i Oslo politidistrikt til NRK.<\/p>\n<p>\u2013 Vi har ogs\u00e5 f\u00e5tt henvendelser ang\u00e5ende tilstedev\u00e6relse ved DNB i Bj\u00f8rvika. Der skal det ogs\u00e5 v\u00e6re noen som har en lignende aksjon, fortsetter han.<\/p>\n<p>\u2013 I morgentimene i dag s\u00e5 har demonstranter sperret innganger og tatt seg inn i lokalene v\u00e5re i Bj\u00f8rvika. De har v\u00e6rt til hinder for b\u00e5de ansatte og kunder. Aksjonen har heller ikke v\u00e6rt varslet, slik man skal ved lovlige aksjoner, opplyser pressekontakt Vidar Korsberg Dalsb\u00f8 i DNB til <a rel=\"noopener nofollow\" href=\"https:\/\/finanswatch.no\/nyheter\/article18461150.ece\" target=\"_blank\">FinansWatch<\/a>.<\/p>\n<p>Fjerner demonstrantene<\/p>\n<p>I politiloggen oppdaterer politiet med at de, etter anmodning fra DNB og Norges Bank, har bist\u00e5tt i \u00e5 fjerne demonstrantene. Demonstrasjonene var ikke varslet, skriver politiet.<\/p>\n<p>\u00abAksjonistene ved en definert inngang har f\u00e5tt p\u00e5legg om \u00e5 fjerne seg, i tillegg til anvist nytt egnet sted for \u00e5 fortsette sin markering. Det er et antall aksjonister som ikke har etterkommet dette p\u00e5legget. Disse er n\u00e5 i ferd med \u00e5 b\u00e6res bort\u00bb, skriver operasjonsleder Nyseter klokken 9. 41.<\/p>\n<p>Extinction Rebellion skriver i en pressemelding at DNB er valgt fordi aksjonistene \u00f8nsker at banken kutter alle investeringer i fossil utbygging, og at de \u00f8nsker at Norges Bank utelukker alle firmaer som bidrar i \u00abden ulovlige okkupasjonen og folkemordet i Palestina\u00bb fra oljefondet.<\/p>\n<p>   <img decoding=\"async\" width=\"8640\" height=\"5760\" fetchpriority=\"low\"  loading=\"lazy\"  src=\"https:\/\/www.europesays.com\/no\/wp-content\/uploads\/2025\/08\/NTB_Yzg7KKUPniM.jpg\" alt=\"Oslo 20250822. &#10;Extinction Rebellion aksjonerer utenfor lokalene til Norges Bank.&#10;Foto: Javad Parsa \/ NTB\" class=\"brick-c-cFOWSL\" style=\"--brick-image-ratio: 8640 \/ 5760;\"\/><\/p>\n<p>    Extinction Rebellion aksjonerer utenfor lokalene til Norges Bank.<br \/>\n    Foto: Javad Parsa \/ NTB\n  <\/p>\n<p>  Sperret Karl Johans gate<\/p>\n<p>Torsdag sperret demonstrantene Karl Johans gate i Oslo ved DNBs kontor, og den svenske aktivisten Greta Thunberg var ogs\u00e5 til stede. 16 aktivister ble anmeldt.<\/p>\n<p>Aksjonene kommer etter at rundt 200 aktivister blokkerte veien inn til Mongstad-raffineriet i Nordhordland tidligere i uka.<\/p>\n<p>(\u00a9NTB)<\/p>\n","protected":false},"excerpt":{"rendered":"Organisasjonen la ut videoer i sosiale medier som viser at de er inne hos b\u00e5de Norges Bank og&hellip;\n","protected":false},"author":2,"featured_media":15601,"comment_status":"","ping_status":"","sticky":false,"template":"","format":"standard","meta":{"footnotes":""},"categories":[10],"tags":[36,20,21,1417,24,25,15,1514,22,23,13,30,28,29,14,16,2938,285,1510,26,27],"class_list":{"0":"post-15600","1":"post","2":"type-post","3":"status-publish","4":"format-standard","5":"has-post-thumbnail","7":"category-norge","8":"tag-art","9":"tag-breaking-news","10":"tag-breakingnews","11":"tag-demonstrasjon","12":"tag-featured-news","13":"tag-featurednews","14":"tag-headlines","15":"tag-klima","16":"tag-latest-news","17":"tag-latestnews","18":"tag-news","19":"tag-no","20":"tag-norge","21":"tag-norway","22":"tag-nyheter","23":"tag-overskrifter","24":"tag-ro-og-orden","25":"tag-sentrum","26":"tag-story","27":"tag-top-stories","28":"tag-topstories"},"share_on_mastodon":{"url":"","error":""},"_links":{"self":[{"href":"https:\/\/www.europesays.com\/no\/wp-json\/wp\/v2\/posts\/15600","targetHints":{"allow":["GET"]}}],"collection":[{"href":"https:\/\/www.europesays.com\/no\/wp-json\/wp\/v2\/posts"}],"about":[{"href":"https:\/\/www.europesays.com\/no\/wp-json\/wp\/v2\/types\/post"}],"author":[{"embeddable":true,"href":"https:\/\/www.europesays.com\/no\/wp-json\/wp\/v2\/users\/2"}],"replies":[{"embeddable":true,"href":"https:\/\/www.europesays.com\/no\/wp-json\/wp\/v2\/comments?post=15600"}],"version-history":[{"count":0,"href":"https:\/\/www.europesays.com\/no\/wp-json\/wp\/v2\/posts\/15600\/revisions"}],"wp:featuredmedia":[{"embeddable":true,"href":"https:\/\/www.europesays.com\/no\/wp-json\/wp\/v2\/media\/15601"}],"wp:attachment":[{"href":"https:\/\/www.europesays.com\/no\/wp-json\/wp\/v2\/media?parent=15600"}],"wp:term":[{"taxonomy":"category","embeddable":true,"href":"https:\/\/www.europesays.com\/no\/wp-json\/wp\/v2\/categories?post=15600"},{"taxonomy":"post_tag","embeddable":true,"href":"https:\/\/www.europesays.com\/no\/wp-json\/wp\/v2\/tags?post=15600"}],"curies":[{"name":"wp","href":"https:\/\/api.w.org\/{rel}","templated":true}]}}