{"id":156203,"date":"2026-02-05T23:37:12","date_gmt":"2026-02-05T23:37:12","guid":{"rendered":"https:\/\/www.europesays.com\/no\/156203\/"},"modified":"2026-02-05T23:37:12","modified_gmt":"2026-02-05T23:37:12","slug":"har-funnet-blodspor","status":"publish","type":"post","link":"https:\/\/www.europesays.com\/no\/156203\/","title":{"rendered":"&#8211; Har funnet blodspor"},"content":{"rendered":"<p class=\"kicker \" style=\"\">Epstein-bekjent:<\/p>\n<p>    Kvinnen som delte Mette-Marit-bildet med Jeffrey Epstein hevder hun og et annet offer var i huset samtidig som kronprinsessen.\u00a0<\/p>\n<p>\n    I FLORIDA: Dette bildet av Mette-Marit skal stamme fra et bes\u00f8k til Epsteins hjem i Florida i 2013. Foto: Privat\n  <\/p>\n<p>&#8211; De var venner, men ikke p\u00e5 noe upassende vis &#8211; han foretrakk veldig unge modeller, forteller en russisk kvinne, som \u00f8nsker \u00e5 v\u00e6re anonym, til Dagbladet.<\/p>\n<p class=\"font-weight-bold m-font-weight-bold\" data-lab-font_weight=\"font-weight-bold\">Det er hun som har sendt Dagbladet bildet av kronprinsesse Mette-Marit fra en sofa i Epsteins hjem i Palm Beach i Florida i 2013.<\/p>\n<p>De siste dagene har det stormet rundt kronprinsessen etter at det ble kjent at hun har hatt langt <a href=\"https:\/\/www.dagbladet.no\/kjendis\/paris-er-bra-for-utroskap-1\/84171052\" rel=\"nofollow noopener\" target=\"_blank\">tettere kontakt med den overgrepsd\u00f8mte milliard\u00e6ren enn tidligere antatt<\/a>.<\/p>\n<p>Det kommer i etterkant av at Justisdepartementet i USA har frigitt enorme mengder materiale fra de s\u00e5kalte Epstein-filene.<\/p>\n<p> Allerede l\u00f8rdag bekreftet Slottet at <a href=\"https:\/\/www.dagbladet.no\/kjendis\/mette-marit-om-epstein-kontakt-angrer\/84170293\" rel=\"nofollow noopener\" target=\"_blank\">Mette-Marit bodde i huset i Palm Beach i fire dager<\/a>. <\/p>\n<p>Belastende dager<\/p>\n<p> Den russiske kvinnen Dagbladet har hatt kontakt med dukker opp flere ganger i det nylig frigitte Epstein-materialet. Kvinnen har hatt n\u00e6r kontakt med Epstein, og framst\u00e5r som en assistent for den avd\u00f8de mangemilliard\u00e6ren.<\/p>\n<p>Blant de frigitte filene er et bilde av den avd\u00f8de overgrepsd\u00f8mte mangemilliard\u00e6ren i samme sofa som Mette-Marit er avbildet i.<\/p>\n<p>        <img loading=\"lazy\" decoding=\"async\" src=\"https:\/\/www.europesays.com\/no\/wp-content\/uploads\/2026\/02\/1770334629_435_84189044.webp.webp\" width=\"667\" height=\"381\" title=\"LUKSUS: Eiendommen i Palm Beach var en av flere Jeffrey Epstein disponerte. Foto: DOJ\" alt=\"\" class=\"\" style=\"--aspect-ratio-image: 1.75; \"\/><\/p>\n<p>\n        LUKSUS: Eiendommen i Palm Beach var en av flere Jeffrey Epstein disponerte. Foto: DOJ\n    <\/p>\n<p>Den russiske kvinnen omtaler seg selv som et offer for Jeffrey Epstein. Hun forteller at de siste dagene har v\u00e6rt sv\u00e6rt belastende.<\/p>\n<p>    <a itemprop=\"url\" href=\"https:\/\/www.dagbladet.no\/nyheter\/bor-slette-hele-greia\/84182413\" rel=\"nofollow noopener\" target=\"_blank\"><\/p>\n<p>        <img loading=\"lazy\" decoding=\"async\" src=\"https:\/\/www.europesays.com\/no\/wp-content\/uploads\/2026\/02\/1770334630_220_84182713.webp.webp\" width=\"980\" height=\"441\" title=\"E-postkonto lekket: - B\u00f8r slette hele greia\" alt=\"\" class=\"lazyload\" style=\"--aspect-ratio-image: 2.22; \"\/><\/p>\n<p>        E-postkonto lekket: &#8211; B\u00f8r slette hele greia<\/p>\n<p>    <\/a><\/p>\n<p>Til Dagbladet sier hun at \u00abdet var to ofre\u00bb i luksusboligen i Palm Beach da bildet av Mette-Marit ble tatt.<\/p>\n<p class=\"font-weight-bold m-font-weight-bold\" data-lab-font_weight=\"font-weight-bold\">&#8211; Det var to ofre der, jeg var ett av dem, mener hun.\u00a0<\/p>\n<p>        <img loading=\"lazy\" decoding=\"async\" src=\"https:\/\/www.europesays.com\/no\/wp-content\/uploads\/2026\/02\/1770334631_843_84188808.webp.webp\" width=\"980\" height=\"559\" title=\"BASSENG: Epsteins hus i Palm Beach Florida. Bygget er siden kj\u00f8pt opp og revet av nye eiere. Foto: US Attorney's Office\" alt=\"\" class=\"\" style=\"--aspect-ratio-image: 1.75; \"\/><\/p>\n<p>\n        BASSENG: Epsteins hus i Palm Beach Florida. Bygget er siden kj\u00f8pt opp og revet av nye eiere. Foto: US Attorney&#8217;s Office\n    <\/p>\n<p class=\"font-weight-bold m-font-weight-bold\" data-lab-font_weight=\"font-weight-bold\">Kvinnen sier ingenting som tilsier at Mette-Marit skal ha hatt kjennskap til Epsteins kriminelle virksomhet p\u00e5 tidspunktet.<\/p>\n<p>&#8211; Han var veldig sjarmerende og manipulerende. Han framsto som en hyggelig person, men han levde et m\u00f8rkt dobbeltliv, sier hun.<\/p>\n<p>    Fakta om Epstein-saken<\/p>\n<ul>\n<li class=\"lab-bodytext-line\">Mars 2005: Politiet i Florida innleder etterforskning av\u00a0Jeffrey\u00a0Epstein\u00a0etter at moren til en 14 \u00e5r gammel jente anmelder ham for voldtekt av datteren.<\/li>\n<li class=\"lab-bodytext-line\">2006: Politiet sikter\u00a0Epstein\u00a0for flere tilfeller av ulovlig seksuell omgang med mindre\u00e5rige.<\/li>\n<li class=\"lab-bodytext-line\">Juli 2009:\u00a0Epstein\u00a0l\u00f8slates etter \u00e5 ha sonet 13 m\u00e5neder i fengsel i forbindelse med et forlik inng\u00e5tt \u00e5ret f\u00f8r \u2013 en avtale der\u00a0Epstein\u00a0erkl\u00e6rte seg skyldig i to lovbrudd p\u00e5 delstatsniv\u00e5 knyttet til sexkj\u00f8p av mindre\u00e5rige.<\/li>\n<li class=\"lab-bodytext-line\">Mars 2011: Virginia Giuffr\u00e9 g\u00e5r ut offentlig med sin historie om hvordan hun som 17-\u00e5ring ble utsatt for seksuell menneskehandel. Hun m\u00f8tte Epsteins partner Ghislaine Maxwell f\u00f8rste gang mens hun jobbet p\u00e5 et spa eid av Donald Trump i Florida. Saken publiseres i Mail on Sunday og inkluderer et bilde av Giuffre sammen med prins Andrew.<\/li>\n<li class=\"lab-bodytext-line\">Juli 2019:\u00a0Jeffrey\u00a0Epstein\u00a0p\u00e5gripes i New Jersey. Han blir tiltalt for \u00e5 ha forgrepet seg seksuelt p\u00e5 flere titall mindre\u00e5rige jenter mellom 2002 og 2005. If\u00f8lge tiltalen skal\u00a0Epstein\u00a0ha rekruttert et stort nettverk av mindre\u00e5rige ofre, enkelte s\u00e5 unge som 14 \u00e5r.<\/li>\n<li class=\"lab-bodytext-line\">August 2019:\u00a0Epstein\u00a0tar sitt eget liv i fengselet.<\/li>\n<li class=\"lab-bodytext-line\">November 2021: Rettssaken mot Ghislaine Maxwell starter i New York. Hun er tiltalt for \u00e5 ha hjulpet\u00a0Epstein\u00a0med \u00e5 rekruttere og misbruke unge jenter og kvinner.<\/li>\n<li class=\"lab-bodytext-line\">Desember 2021: Maxwell blir kjent skyldig i fem av seks tiltalepunkter, blant annet for \u00e5 ha rekruttert unge jenter som s\u00e5 ble utsatt for overgrep. I juni 2022 blir hun d\u00f8mt til 20 \u00e5rs fengsel.<\/li>\n<li class=\"lab-bodytext-line\">19. november 2025: President Donald Trump undertegner et kongressvedtak om \u00e5 frigi de resterende dokumentene knyttet til etterforskningen av\u00a0Jeffrey\u00a0Epstein.<\/li>\n<li class=\"lab-bodytext-line\">19. desember 2025: Justisdepartementet slipper en tungt sensurert versjon av\u00a0Epstein-dokumentene. En st\u00f8rre bolk blir sluppet 23. desember.<\/li>\n<li class=\"lab-bodytext-line\">30. januar 2026: Justisdepartementet frigir 3 millioner dokumenter, 2000 videoer og 180.000 bilder relatert til\u00a0Jeffrey\u00a0Epstein.<\/li>\n<\/ul>\n<p>      Vis mer<br \/>\n      Vis mindre<\/p>\n<p>&#8211; Var besatt  <\/p>\n<p>Kvinnen, som Dagbladet har valgt \u00e5 anonymisere, forteller at hun tror bildet ble tatt p\u00e5 morgenen.<\/p>\n<p>Totalt skal kvinnen ha sendt to bilder av Mette-Marit i en e-post til Epstein.\u00a0<\/p>\n<p class=\"font-weight-bold m-font-weight-bold\" data-lab-font_weight=\"font-weight-bold\">&#8211; Han printet ut bildene. Han var besatt av \u00e5 ha bilder med kjendiser i hjemmene sine, sier hun.<\/p>\n<p>Dagbladet har bedt Slottet om en kommentar til denne saken. De har forel\u00f8pig ikke besvart v\u00e5re henvendelser.<\/p>\n<p>    Dette har kronprinsesse Mette-Marit sagt:<\/p>\n<p> Mette-Marits uttalelse i 2019: <\/p>\n<p>&#8211;\u00a0\u00a0Jeg ville aldri hatt noe med Epstein \u00e5 gj\u00f8re dersom jeg hadde v\u00e6rt klar over alvorlighetsgraden av hans kriminelle handlinger. Jeg burde unders\u00f8kt Epsteins fortid n\u00e6rmere og beklager at jeg ikke gjorde det. <\/p>\n<p class=\"font-weight-bold m-font-weight-bold\" data-lab-font_weight=\"font-weight-bold\"> Slottets uttalelse i 2019: <\/p>\n<p> Kommunikasjonssjef ved Slottet, Guri Varpe, uttalte at Mette-Marit hadde m\u00f8tt Epstein hos ham, uten \u00e5 utdype hvor det skjedde. <\/p>\n<p>&#8211;\u00a0 Kronprinsessen valgte \u00e5 avslutte kontakten med Epstein i 2013, blant annet fordi hun opplevde at Epstein pr\u00f8vde \u00e5 bruke forbindelsen han hadde hatt med kronprinsessen overfor andre personer. <\/p>\n<p> Mette-Marits uttalelse i 2026: <\/p>\n<p> &#8211; Jeffrey Epstein st\u00e5r selv ansvarlig for sine handlinger. Jeg m\u00e5 ta ansvar for at jeg ikke sjekket Epsteins bakgrunn bedre, og at jeg ikke raskt nok forsto hva slags menneske han var. <\/p>\n<p>&#8211;\u00a0Det beklager jeg p\u00e5 det sterkeste, og dette er et ansvar jeg m\u00e5 ta. Jeg utviste d\u00e5rlig d\u00f8mmekraft og angrer p\u00e5 at jeg overhodet hadde kontakt med Epstein. Det er rett og slett flaut. Jeg \u00f8nsker \u00e5 uttrykke min dype sympati og solidaritet med ofrene for overgrepene som Jeffrey Epstein begikk. <\/p>\n<p class=\"font-weight-bold m-font-weight-bold\" data-lab-font_weight=\"font-weight-bold\"> Slottets uttalelse i 2026: <\/p>\n<p> &#8211; Som vi ogs\u00e5 formidlet i 2019, valgte kronprinsessen \u00e5 avslutte kontakten med Epstein, blant annet fordi hun opplevde at Epstein pr\u00f8vde \u00e5 bruke forbindelsen han hadde hatt med kronprinsessen overfor andre personer. Den siste skriftlige kontakten skjedde i 2014. Beklageligvis husket vi det n\u00f8yaktige tidspunktet for dette litt feil i forrige runde, sa kommunikasjonssjef Guri Varpe til NTB. <\/p>\n<p> Slottet p\u00e5peker at m\u00f8tene med Epstein skjedde i sosiale sammenhenger, de fleste i USA. Ett av m\u00f8tene var hos Epstein. I tillegg traff kronprinsessen Epstein en gang han var i Oslo. <\/p>\n<p> &#8211; Ved alle m\u00f8tene var det flere personer til stede. Da kronprinsparet ferierte p\u00e5 St. Barts, m\u00f8tte de Epstein p\u00e5 gaten. Da hilste kronprins Haakon p\u00e5 Epstein for f\u00f8rste og eneste gang. <\/p>\n<p> Dette bes\u00f8ket skjedde i forbindelse med at kronprinsessen l\u00e5nte Epsteins hus i Palm Beach gjennom en felles venn. Kronprinsessen oppholdt seg der med en venninne i fire dager. <\/p>\n<p> &#8211; Kronprinsessen har aldri v\u00e6rt p\u00e5 Epsteins private \u00f8y. <\/p>\n<p> I perioden kronprinsessen hadde kontakt med Epstein, var hun ikke kjent med omfanget og karakteren av de kriminelle forholdene han hadde innr\u00f8mmet og sonet for. <\/p>\n<p> &#8211; Kronprinsessen var selvsagt heller ikke kjent med forbrytelsene som senere er blitt avdekket. <\/p>\n<p>      Vis mer<br \/>\n      Vis mindre<\/p>\n<p>Beslaglagt<\/p>\n<p>P\u00e5 sp\u00f8rsm\u00e5l om bilde nummer to svarer kvinnen at hun ikke husker dette.<\/p>\n<p>&#8211; Jeg husker ikke det andre bildet. Det kan ha v\u00e6rt av liknende art, sier hun.<\/p>\n<p>    <a itemprop=\"url\" href=\"https:\/\/www.dagbladet.no\/kjendis\/paris-er-bra-for-utroskap-1\/84171052\" rel=\"nofollow noopener\" target=\"_blank\"><\/p>\n<p>        <img loading=\"lazy\" decoding=\"async\" src=\"https:\/\/www.europesays.com\/no\/wp-content\/uploads\/2026\/02\/1770334631_552_84171059.webp.webp\" width=\"980\" height=\"441\" title=\"\u00abParis er bra for utroskap\u00bb\" alt=\"\" class=\"lazyload\" style=\"--aspect-ratio-image: 2.22; \"\/><\/p>\n<p>        \u00abParis er bra for utroskap\u00bb<\/p>\n<p>    <\/a><\/p>\n<p> Tirsdag ble det kjent at en sensurert, inrrammet versjon av bildet, var tatt som del av et politibeslag. Bildet ble publisert av det amerikanske justisdepartementet i forrige uke og inng\u00e5r i det omfattende materialet av Epstein. <\/p>\n<p>        <img loading=\"lazy\" decoding=\"async\" src=\"https:\/\/www.europesays.com\/no\/wp-content\/uploads\/2026\/02\/1770334632_277_84188694.webp.webp\" width=\"667\" height=\"381\" title=\"SAMME: Det samme bildet, nederst til venstre, med en annen kvinne ved siden av, dukker opp i innrammet utgave i Epstein-materialet. Foto: DOJ\" alt=\"\" class=\"\" style=\"--aspect-ratio-image: 1.75; \"\/><\/p>\n<p>\n        SAMME: Det samme bildet, nederst til venstre, med en annen kvinne ved siden av, dukker opp i innrammet utgave i Epstein-materialet. Foto: DOJ\n    <\/p>\n<p>Dagbladet har ogs\u00e5 funnet dette bildet i Epstein-materialet.<\/p>\n<p> If\u00f8lge <a href=\"https:\/\/www.aftenposten.no\/verden\/i\/gk0nM0\/innrammet-bilde-av-kronprinsesse-mette-marit-var-en-del-av-politiets-epstein-beslag\" rel=\"nofollow noopener\" target=\"_blank\">Aftenposten<\/a> skal det innrammede bildet ha blitt beslaglagt av amerikansk politi p\u00e5 Epsteins beryktede \u00f8y Little Saint James. <\/p>\n","protected":false},"excerpt":{"rendered":"Epstein-bekjent: Kvinnen som delte Mette-Marit-bildet med Jeffrey Epstein hevder hun og et annet offer var i huset samtidig&hellip;\n","protected":false},"author":2,"featured_media":156204,"comment_status":"","ping_status":"","sticky":false,"template":"","format":"standard","meta":{"footnotes":"","_share_on_mastodon":"0"},"categories":[5],"tags":[17000,20,21,24,25,15,19,4231,479,22,23,17,18,13,30,28,29,14,16,16999,26,27],"class_list":["post-156203","post","type-post","status-publish","format-standard","has-post-thumbnail","category-overskrifter","tag-bortforing","tag-breaking-news","tag-breakingnews","tag-featured-news","tag-featurednews","tag-headlines","tag-hovedoppslag","tag-kidnapping","tag-kjendis","tag-latest-news","tag-latestnews","tag-main-news","tag-mainnews","tag-news","tag-no","tag-norge","tag-norway","tag-nyheter","tag-overskrifter","tag-savannah-guthrie","tag-top-stories","tag-topstories"],"share_on_mastodon":{"url":"https:\/\/pubeurope.com\/@no\/116020657929194925","error":""},"_links":{"self":[{"href":"https:\/\/www.europesays.com\/no\/wp-json\/wp\/v2\/posts\/156203","targetHints":{"allow":["GET"]}}],"collection":[{"href":"https:\/\/www.europesays.com\/no\/wp-json\/wp\/v2\/posts"}],"about":[{"href":"https:\/\/www.europesays.com\/no\/wp-json\/wp\/v2\/types\/post"}],"author":[{"embeddable":true,"href":"https:\/\/www.europesays.com\/no\/wp-json\/wp\/v2\/users\/2"}],"replies":[{"embeddable":true,"href":"https:\/\/www.europesays.com\/no\/wp-json\/wp\/v2\/comments?post=156203"}],"version-history":[{"count":0,"href":"https:\/\/www.europesays.com\/no\/wp-json\/wp\/v2\/posts\/156203\/revisions"}],"wp:featuredmedia":[{"embeddable":true,"href":"https:\/\/www.europesays.com\/no\/wp-json\/wp\/v2\/media\/156204"}],"wp:attachment":[{"href":"https:\/\/www.europesays.com\/no\/wp-json\/wp\/v2\/media?parent=156203"}],"wp:term":[{"taxonomy":"category","embeddable":true,"href":"https:\/\/www.europesays.com\/no\/wp-json\/wp\/v2\/categories?post=156203"},{"taxonomy":"post_tag","embeddable":true,"href":"https:\/\/www.europesays.com\/no\/wp-json\/wp\/v2\/tags?post=156203"}],"curies":[{"name":"wp","href":"https:\/\/api.w.org\/{rel}","templated":true}]}}