{"id":156238,"date":"2026-02-06T00:36:30","date_gmt":"2026-02-06T00:36:30","guid":{"rendered":"https:\/\/www.europesays.com\/no\/156238\/"},"modified":"2026-02-06T00:36:30","modified_gmt":"2026-02-06T00:36:30","slug":"kommentar-selvsagt-skal-aursnes-vaere-med","status":"publish","type":"post","link":"https:\/\/www.europesays.com\/no\/156238\/","title":{"rendered":"Kommentar: Selvsagt skal Aursnes v\u00e6re med"},"content":{"rendered":"\n<p class=\"_prefix_nfjwc_1 layout-padded\">Meninger<br \/>Kommentar<\/p>\n<p class=\"_lead_o9xde_2 _lead_6fko5_53 layout-component text-serif-m layout-normal text-serif-l _lead_1k67c_21 layout-component layout-normal layout-padded layout-padded\">\u00abNei, takk \u2013 deg vil jeg ikke ha med.\u00bb<\/p>\n<p><img alt=\"STJERNEM\u00d8TER: Fredrik Aursnes er vant med store kamper. Her i duell med Real Madrids Jude Bellingham i Champions League. Foto: FILIPE AMORIM \/ AFP \/ NTB\" class=\"_image_qp4xg_65 layout-component layout-wide\" data-fullscreen- data-track-element-type=\"Article image fullscreen\" data-track-name=\"ImageFullscreen\" fetchpriority=\"high\" decoding=\"sync\" loading=\"eager\" height=\"2945\" itemprop=\"image\"  src=\"https:\/\/www.europesays.com\/no\/wp-content\/uploads\/2026\/02\/799ffdf2-cb47-4d5f-a859-c9c9fa720583.jpeg\"  style=\"object-position:0% 0%\" width=\"4418\"\/>STJERNEM\u00d8TER: Fredrik Aursnes er vant med store kamper. Her i duell med Real Madrids Jude Bellingham i Champions League. Foto: FILIPE AMORIM \/ AFP \/ NTBTorsdag 5. februar kl. 06:40     <\/p>\n<p class=\"_paragraph_o9xde_4 _paragraph_6fko5_10 layout-component text-serif-m layout-normal text-serif-m layout-padded\">Skulle St\u00e5le Solbakken gitt Fredrik Aursnes (30) et slikt svar? Det f\u00f8les helt utenkelig, selv om jeg registrerer at det er litt delte meninger om hans landslagscomeback.<\/p>\n<p class=\"_paragraph_o9xde_4 _paragraph_6fko5_10 layout-component text-serif-m layout-normal text-serif-m layout-padded\">Tenk om Norge sliter med skader p\u00e5 viktige midtbanespillere i mai. Tenk om Martin \u00d8degaard er ute av VM. Eller Sander Berge. Eller Patrick Berg. S\u00e5 skulle St\u00e5le Solbakken ha sagt nei til Fredrik Aursnes?<\/p>\n<p class=\"_paragraph_o9xde_4 _paragraph_6fko5_10 layout-component text-serif-m layout-normal text-serif-m layout-padded\">Det norske landslaget trenger alle sine beste spillere, og n\u00e5r Benficas midtbanestjerne melder seg klar, m\u00e5 han vurderes som alle andre.<\/p>\n<p class=\"_paragraph_o9xde_4 _paragraph_6fko5_10 layout-component text-serif-m layout-normal text-serif-m layout-padded\">Selv om han kanskje ikke er helt som alle andre spillere.<\/p>\n<p><img alt=\"UNG HELT: Fredrik Aursnes sammen med mamma Marit og pappa Gunnar etter cupsemifinalen mot Brann i 2012. Dette \u00e5ret takket han nei til G17-landslaget.  Foto: Bj\u00f8rn S. Delebekk \/ VG\" class=\"_image_qp4xg_65 layout-component layout-normal\" data-fullscreen- data-track-element-type=\"Article image fullscreen\" data-track-name=\"ImageFullscreen\" decoding=\"async\" loading=\"lazy\" height=\"2760\" itemprop=\"image\"  src=\"https:\/\/www.europesays.com\/no\/wp-content\/uploads\/2026\/02\/49e803d3-6e11-4c39-829e-778bf2d82f81.jpeg\"  style=\"object-position:0% 0%\" width=\"4833\"\/>UNG HELT: Fredrik Aursnes sammen med mamma Marit og pappa Gunnar etter cupsemifinalen mot Brann i 2012. Dette \u00e5ret takket han nei til G17-landslaget.  Foto: Bj\u00f8rn S. Delebekk \/ VG<\/p>\n<p class=\"_paragraph_o9xde_4 _paragraph_6fko5_10 layout-component text-serif-m layout-normal text-serif-m layout-padded\">Sommeren 2012: 16 \u00e5r gamle Fredrik Aursnes ble tatt ut p\u00e5 G17-landslaget, en prestisjeplass for et ungt talent som vil opp og frem. Men ikke for Fredrik Aursnes. Han takket nei. \u00abDet har v\u00e6rt litt mye i det siste,\u00bb begrunnet ten\u00e5ringen, som akkurat hadde blitt flyttet opp i A-stallen til H\u00f8dd. <\/p>\n<p class=\"_paragraph_o9xde_4 _paragraph_6fko5_10 layout-component text-serif-m layout-normal text-serif-m layout-padded\">Et halvt \u00e5r senere var han fortsatt 16 og p\u00e5 banen i 120 minutter da et H\u00f8dd-lag med spillere som \u00d8rjan Nyland, Sivert Heltne Nilsen og P\u00e5l Andr\u00e9 Helland vant cupfinalen over Troms\u00f8cupfinalen over Troms\u00f81-1 etter ekstraomganger, H\u00f8dd vant p\u00e5 straffer.. I semifinalen mot Brann scoret Aursnes det f\u00f8rste m\u00e5let i 3\u20131-seieren.<\/p>\n<p class=\"_paragraph_o9xde_4 _paragraph_6fko5_10 layout-component text-serif-m layout-normal text-serif-m layout-padded\">Sommeren etter ble han og jevngamle Karsten Warholm presentert under tittelen \u00abGullgutane\u00bb i lokalavisen Vikebladet. Og etter et dr\u00f8yt \u00e5rs tenketid hadde Aursnes endelig endret mening om G17-landslaget.<\/p>\n<p class=\"_paragraph_o9xde_4 _paragraph_6fko5_10 layout-component text-serif-m layout-normal text-serif-m layout-padded\">\u00abDet er ikke s\u00e5 mye som har forandret seg, men jeg f\u00f8lte at jeg var klar n\u00e5,\u00bb begrunnet han i 2013, nesten som forklaringen da han meldte seg klar igjen i 2026.<\/p>\n<p class=\"_paragraph_o9xde_4 _paragraph_6fko5_10 layout-component text-serif-m layout-normal text-serif-m layout-padded\">Grunnen til at han f\u00f8rst hadde takket nei til G17-landslaget, er ogs\u00e5 ganske lik den han ga da han sa nei til A-landslaget. <\/p>\n<p><img alt=\"H\u00d8STEN 2023: Det norske laget som tapte 0\u20131 for Spania i oktober 2023, den forel\u00f8pig tredje siste av Fredrik Aursnes\u2019 20 landskamper. Norge \u2013 Spania (0\u20131) EM-kvalifisering i fotball p\u00e5 Ullevaal stadion. Bak fra venstre Julian Ryerson, Erling Braut Haaland, \u00d8rjan Nyland, Stefan Strandberg, Sander Berge og Leo Skiri \u00d8stig\u00e5rd. Foran fra venstre Oscar Bobb, Patrick Berg, Aursnes, Martin \u00d8degaard og Birger Meling.   Foto: Bj\u00f8rn S. Delebekk \/ VG\" class=\"_image_qp4xg_65 layout-component layout-normal\" data-fullscreen- data-track-element-type=\"Article image fullscreen\" data-track-name=\"ImageFullscreen\" decoding=\"async\" loading=\"lazy\" height=\"2827\" itemprop=\"image\"  src=\"https:\/\/www.europesays.com\/no\/wp-content\/uploads\/2026\/02\/724441fb-a4c6-4c47-bd1b-1e89e0beee56.png\"  style=\"object-position:0% 0%\" width=\"4251\"\/>H\u00d8STEN 2023: Det norske laget som tapte 0\u20131 for Spania i oktober 2023, den forel\u00f8pig tredje siste av Fredrik Aursnes\u2019 20 landskamper. Norge \u2013 Spania (0\u20131) EM-kvalifisering i fotball p\u00e5 Ullevaal stadion. Bak fra venstre Julian Ryerson, Erling Braut Haaland, \u00d8rjan Nyland, Stefan Strandberg, Sander Berge og Leo Skiri \u00d8stig\u00e5rd. Foran fra venstre Oscar Bobb, Patrick Berg, Aursnes, Martin \u00d8degaard og Birger Meling.   Foto: Bj\u00f8rn S. Delebekk \/ VG<\/p>\n<p class=\"_paragraph_o9xde_4 _paragraph_6fko5_10 layout-component text-serif-m layout-normal text-serif-m layout-padded\">Og det m\u00e5 faktisk v\u00e6re greit \u00e5 f\u00f8le at det \u00abblir litt mye\u00bb noen ganger. Det m\u00e5 v\u00e6re lov \u00e5 si nei, og det er ikke akkurat en straffeleir han har sneket seg unna. Aursnes\u2019 avslag f\u00f8rte til at han gikk glipp av det morsomste eventyret landslaget har opplevd p\u00e5 et kvart \u00e5rhundre. De som har v\u00e6rt med i kvaliken, ville aldri v\u00e6rt foruten den opplevelsen, men den gir ikke automatisk en plass i VM-troppen.<\/p>\n<p class=\"_paragraph_o9xde_4 _paragraph_6fko5_10 layout-component text-serif-m layout-normal text-serif-m layout-padded\">Norge har sett ut som et av de mest spennende i Europa, med elleve seire og \u00e9n uavgjort p\u00e5 de tolv siste kampene, uten Aursnes. Ingen vet om dette laget hadde v\u00e6rt \u2013 eller blir \u2013 like gode med Aursnes. Det er slett ikke gitt at han vil fungere bedre enn for eksempel Patrick Berg, men det er gitt at konkurransen blir skarpere, og vi f\u00e5r tro at det gj\u00f8r Norge enda sterkere.<\/p>\n<p class=\"_paragraph_o9xde_4 _paragraph_6fko5_10 layout-component text-serif-m layout-normal text-serif-m layout-padded\">Aursnes fremst\u00e5r troverdig n\u00e5r han i TV 2s intervju forteller at dette har v\u00e6rt et veldig vanskelig valg, at han \u00abp\u00e5 en m\u00e5te ikke\u00bb fortjener \u00e5 v\u00e6re med n\u00e5r han ikke har bidratt til VM-plassen, og at  det er \u00abveldig d\u00e5rlig stil ikke \u00e5 v\u00e6re med p\u00e5 kvaliken\u00bb. <\/p>\n<p class=\"_paragraph_o9xde_4 _paragraph_6fko5_10 layout-component text-serif-m layout-normal text-serif-m layout-padded\">Det b\u00f8r han tilgis. <\/p>\n<p class=\"_paragraph_o9xde_4 _paragraph_6fko5_10 layout-component text-serif-m layout-normal text-serif-m layout-padded\">Kanskje er det vanskelig for enkelte spillere \u00e5 akseptere at Aursnes kommer tilbake p\u00e5 denne m\u00e5ten, og St\u00e5le Solbakken m\u00e5 absolutt ta disse f\u00f8lelsene p\u00e5 alvor. Kameratskapet fremst\u00e5r som en av de store styrkene i hans landslag. Samtidig er dette noe alle er vant med fra klubbhverdagen \u2013 spillere kommer og g\u00e5r, og det er de bestes rett som gjelder.<\/p>\n<p class=\"_paragraph_o9xde_4 _paragraph_6fko5_10 layout-component text-serif-m layout-normal text-serif-m layout-padded\">Men \u00e9n ting b\u00f8r Fredrik Aursnes kunne love de andre: Han er ikke bare med n\u00e5r det er fest. <\/p>\n<p class=\"_paragraph_o9xde_4 _paragraph_6fko5_10 layout-component text-serif-m layout-normal text-serif-m layout-padded\">N\u00e5 b\u00f8r han ogs\u00e5 stille opp n\u00e5r det blir h\u00f8st.<\/p>\n<p>   Dette er en kommentar. Kommentaren gir uttrykk for skribentens holdning. <\/p>\n","protected":false},"excerpt":{"rendered":"MeningerKommentar \u00abNei, takk \u2013 deg vil jeg ikke ha med.\u00bb STJERNEM\u00d8TER: Fredrik Aursnes er vant med store kamper.&hellip;\n","protected":false},"author":2,"featured_media":156239,"comment_status":"","ping_status":"","sticky":false,"template":"","format":"standard","meta":{"footnotes":"","_share_on_mastodon":"0"},"categories":[59],"tags":[4762,3163,30,28,29,83,82,1387],"class_list":["post-156238","post","type-post","status-publish","format-standard","has-post-thumbnail","category-sport","tag-fredrik-aursnes","tag-herrelandslaget-fotball","tag-no","tag-norge","tag-norway","tag-sport","tag-sports","tag-stale-solbakken"],"share_on_mastodon":{"url":"https:\/\/pubeurope.com\/@no\/116020889728297579","error":""},"_links":{"self":[{"href":"https:\/\/www.europesays.com\/no\/wp-json\/wp\/v2\/posts\/156238","targetHints":{"allow":["GET"]}}],"collection":[{"href":"https:\/\/www.europesays.com\/no\/wp-json\/wp\/v2\/posts"}],"about":[{"href":"https:\/\/www.europesays.com\/no\/wp-json\/wp\/v2\/types\/post"}],"author":[{"embeddable":true,"href":"https:\/\/www.europesays.com\/no\/wp-json\/wp\/v2\/users\/2"}],"replies":[{"embeddable":true,"href":"https:\/\/www.europesays.com\/no\/wp-json\/wp\/v2\/comments?post=156238"}],"version-history":[{"count":0,"href":"https:\/\/www.europesays.com\/no\/wp-json\/wp\/v2\/posts\/156238\/revisions"}],"wp:featuredmedia":[{"embeddable":true,"href":"https:\/\/www.europesays.com\/no\/wp-json\/wp\/v2\/media\/156239"}],"wp:attachment":[{"href":"https:\/\/www.europesays.com\/no\/wp-json\/wp\/v2\/media?parent=156238"}],"wp:term":[{"taxonomy":"category","embeddable":true,"href":"https:\/\/www.europesays.com\/no\/wp-json\/wp\/v2\/categories?post=156238"},{"taxonomy":"post_tag","embeddable":true,"href":"https:\/\/www.europesays.com\/no\/wp-json\/wp\/v2\/tags?post=156238"}],"curies":[{"name":"wp","href":"https:\/\/api.w.org\/{rel}","templated":true}]}}