{"id":15651,"date":"2025-08-23T04:00:19","date_gmt":"2025-08-23T04:00:19","guid":{"rendered":"https:\/\/www.europesays.com\/no\/15651\/"},"modified":"2025-08-23T04:00:19","modified_gmt":"2025-08-23T04:00:19","slug":"lars-26-tar-med-seg-kona-til-tromso-bare-a-ringe-om-det-er-behov-for-sykepleiere-itromso-no","status":"publish","type":"post","link":"https:\/\/www.europesays.com\/no\/15651\/","title":{"rendered":"(+) Lars (26) tar med seg kona til Troms\u00f8: \u2013 Bare \u00e5 ringe om det er behov for sykepleiere &#8211; itromso.no"},"content":{"rendered":"<ol>\n<li><a href=\"https:\/\/news.google.com\/rss\/articles\/CBMizAFBVV95cUxNNkpBelp6cnc4YkJUNjgxalR3anFkWnk3N0E5OUZmR2pYcHQySzE5aHB6QlBYNVZPMFNZTDEzWHc3cE1La2Zpd25adTBWM2xXNTcwQmkwTmNIeGJaS2wxUnpUQUtDWTh6eHJjdmZGdl9ENW43bkxZbXFsSzRma2tmcFBsOHk2TnV1MkEwWnE2NVNZNjN3SUx5LUlIY0ZnR2NDcUVWRVRfNzZpZ21nYkdUSXFITFAtVHcxSnVhVUJhdE93cjJiOUFndDR3bTE?oc=5\" target=\"_blank\" rel=\"nofollow noopener\">(+) Lars (26) tar med seg kona til Troms\u00f8: \u2013 Bare \u00e5 ringe om det er behov for sykepleiere<\/a>&nbsp;&nbsp;itromso.no<\/li>\n<li><a href=\"https:\/\/news.google.com\/rss\/articles\/CBMiXkFVX3lxTE50Q2c3ZXRSZlBCWlJjZW96YXA0cTVsUnJhZHBZNkZ0VnlMR2pEaTBGWWhFNXFubHcwY3p0S0tTVnA1OWtTblBqX19wY2NoWnpPdG9xS2Fkd0owTHppRlE?oc=5\" target=\"_blank\" rel=\"nofollow noopener\">Larsen klar for Troms\u00f8<\/a>&nbsp;&nbsp;til.no<\/li>\n<li><a href=\"https:\/\/news.google.com\/rss\/articles\/CBMipAFBVV95cUxQcm90d1pXNUZzRXpvaG1YMlBpS192Y0M0Y1ByLUNnZ0p5Qzl3RGxBWk13WnNMTjUtVlNtaGV2Y2lsaXRjZkFiZG1Qa1V1S250S3pTN3o5Y0pLSWZpbDA3RWFFWVZuUXhXN0RVeVJsUkF4SGdOWGdTY2NhNENQZXBwOFA4YkVWM2pXcmpQcUFlMUVWSTRZODNTN0dna1lWMElaZVRobg?oc=5\" target=\"_blank\" rel=\"nofollow noopener\">TIL, Fotball | Lars (26) flytter til Troms\u00f8 med kona \u2013 \u00e5pen for \u00e5 bli v\u00e6rende lenge<\/a>&nbsp;&nbsp;Nordlys<\/li>\n<li><a href=\"https:\/\/news.google.com\/rss\/articles\/CBMijAFBVV95cUxQNldlb2kzdlp1ZnhRT2twbC1sbGRxQW1VVmx2M1FqeTBpRHJVZFdwRmU0MFhDaDV2OXlhbmwtazBUdF90aDFFbGN1aUNvdXFUZVVXMEFCV1l4SGJVTzlnSzhiMTFrU3ZzM08xc1BBSmtxR3o4N1p1OVZvQmtNQVk0UmpzdHE4elFwWVVhVA?oc=5\" target=\"_blank\" rel=\"nofollow noopener\">(+) Hentet av H\u00f8gmo da krigen br\u00f8t ut \u2013 n\u00e5 er Lars (26) klar for TIL<\/a>&nbsp;&nbsp;itromso.no<\/li>\n<li><a href=\"https:\/\/news.google.com\/rss\/articles\/CBMieEFVX3lxTE0xQXFGZ1M0ZkRuTkRVeWVMbnhXNENBc19XZThoQnlvclBnS2ZvTDN3aVFJUlFBekJFU0tBQ0p6STFQLXR4d2VPeklrQkJ3Q0g1eHhZUUx6bk5wMEFFQjR3enluT21GaTFUNEVfMWI2Y3p4UktVSEVyVQ?oc=5\" target=\"_blank\" rel=\"nofollow noopener\">Troms\u00f8 l\u00e5ner norsk utenlandsproff<\/a>&nbsp;&nbsp;fvn.no<\/li>\n<\/ol>\n","protected":false},"excerpt":{"rendered":"(+) Lars (26) tar med seg kona til Troms\u00f8: \u2013 Bare \u00e5 ringe om det er behov for&hellip;\n","protected":false},"author":2,"featured_media":15652,"comment_status":"","ping_status":"","sticky":false,"template":"","format":"standard","meta":{"footnotes":""},"categories":[59],"tags":[1395,2947,2946,99,2944,30,28,2466,29,2945,83,82,2948,471,263,472,2949],"class_list":{"0":"post-15651","1":"post","2":"type-post","3":"status-publish","4":"format-standard","5":"has-post-thumbnail","7":"category-sport","8":"tag-cupfinale","9":"tag-forza-tromso","10":"tag-mjondalen","11":"tag-molde","12":"tag-nec-nijmegen","13":"tag-no","14":"tag-norge","15":"tag-norsk-fotball","16":"tag-norway","17":"tag-russian-premier-league","18":"tag-sport","19":"tag-sports","20":"tag-sykepleie","21":"tag-til","22":"tag-tromso","23":"tag-tromso-il","24":"tag-valerenga"},"share_on_mastodon":{"url":"","error":""},"_links":{"self":[{"href":"https:\/\/www.europesays.com\/no\/wp-json\/wp\/v2\/posts\/15651","targetHints":{"allow":["GET"]}}],"collection":[{"href":"https:\/\/www.europesays.com\/no\/wp-json\/wp\/v2\/posts"}],"about":[{"href":"https:\/\/www.europesays.com\/no\/wp-json\/wp\/v2\/types\/post"}],"author":[{"embeddable":true,"href":"https:\/\/www.europesays.com\/no\/wp-json\/wp\/v2\/users\/2"}],"replies":[{"embeddable":true,"href":"https:\/\/www.europesays.com\/no\/wp-json\/wp\/v2\/comments?post=15651"}],"version-history":[{"count":0,"href":"https:\/\/www.europesays.com\/no\/wp-json\/wp\/v2\/posts\/15651\/revisions"}],"wp:featuredmedia":[{"embeddable":true,"href":"https:\/\/www.europesays.com\/no\/wp-json\/wp\/v2\/media\/15652"}],"wp:attachment":[{"href":"https:\/\/www.europesays.com\/no\/wp-json\/wp\/v2\/media?parent=15651"}],"wp:term":[{"taxonomy":"category","embeddable":true,"href":"https:\/\/www.europesays.com\/no\/wp-json\/wp\/v2\/categories?post=15651"},{"taxonomy":"post_tag","embeddable":true,"href":"https:\/\/www.europesays.com\/no\/wp-json\/wp\/v2\/tags?post=15651"}],"curies":[{"name":"wp","href":"https:\/\/api.w.org\/{rel}","templated":true}]}}