{"id":15668,"date":"2025-08-23T04:28:11","date_gmt":"2025-08-23T04:28:11","guid":{"rendered":"https:\/\/www.europesays.com\/no\/15668\/"},"modified":"2025-08-23T04:28:11","modified_gmt":"2025-08-23T04:28:11","slug":"rekdal-jeg-hater-motstanderne-som-pesten-uansett-hvem-det-er-smp-no","status":"publish","type":"post","link":"https:\/\/www.europesays.com\/no\/15668\/","title":{"rendered":"Rekdal: \u2013 Jeg hater motstanderne som pesten, uansett hvem det er &#8211; smp.no"},"content":{"rendered":"<ol>\n<li><a href=\"https:\/\/news.google.com\/rss\/articles\/CBMimgFBVV95cUxPX2lsaXU1Vm82Z0F3YlBHVnM4Ykhra2YzdTlHTXV2R0tBQnd3TTdoRzJlRHJWWWh4ekNVY1hlYVdXNm95dXh0TllPVFh5c0psN19TN0VuZkhFbC1UYTBPaUhsLXJfWXNkN01zWXpXT0o2alpDbFM0S05uV0sySzlDVjg2VnJXbEQ2T1V5OG9MTkVjRUVVS3lhVExR?oc=5\" target=\"_blank\" rel=\"nofollow noopener\">Rekdal: \u2013 Jeg hater motstanderne som pesten, uansett hvem det er<\/a>&nbsp;&nbsp;smp.no<\/li>\n<li><a href=\"https:\/\/news.google.com\/rss\/articles\/CBMitAFBVV95cUxQYWQxT2o5Q3MwN28yMk1tUDZTS09mQUh3b3lhZktKTnMxWHhHQ2JGY19janNIQVFtNzFLb3VtREJZMnFrVk5CTjJ5RWc2YTV5UmVCNDhtVHZuZ3ZLb3ZxUkxiaXV3My1iZUdUa3ZGUUYyWTlLSW5mdEZSR05sM0M2N1dHUGlSVDR3QUVFOGZWVzJQNXg0THctbXJsaWVMVlctU094cHFLeUNEVWVzNkVSMDZ5dnM?oc=5\" target=\"_blank\" rel=\"nofollow noopener\">Rekdal tilbake i Kristiansand: \u2013 Jeg har ingen interesse av \u00e5 prate med dere<\/a>&nbsp;&nbsp;fvn.no<\/li>\n<li><a href=\"https:\/\/news.google.com\/rss\/articles\/CBMioAFBVV95cUxQVFFMUHFuTG0xRjJYUXh4M3gyVXg1T3l2ZGgtZVgxZENqWF9uNFEwZGNrU25LdXQ4NTRhQUwwZ1VxR25FeHBRM2toSW90ZlVlZWxyOWw1b1N2VlVFNlhuT1ZiNUlSclR0bDVaZmJ4Mk9lVDVEVUowZTVrcTlYeVBQRE80WVJTNTc4amJrUHpiXzN5aTdfQlQ1YTJnQW5EMGhs?oc=5\" target=\"_blank\" rel=\"nofollow noopener\">(+) Ungt, lokalt talent f\u00e5r sjansen fra start i storkamp<\/a>&nbsp;&nbsp;lister24.no<\/li>\n<li><a href=\"https:\/\/news.google.com\/rss\/articles\/CBMilgFBVV95cUxQeUhwS1NOMUZUSGd3Z2hvZk9kM2wzQmc5QWVFZVF6UTUwTHo5Y2JOWFBVZFgxckRBQ0FERmY0ajVKOTJEQ09WMFo5ZFFpbWhEN201TlBGYVVyRjBuV0p4Z2FLTDJ6SHROcXV0VWR4RjV1MWg4bDNoTEFUbUtvY1FMZEttWVpUSU1JRnIxMlhZcV8xdmd3eGc?oc=5\" target=\"_blank\" rel=\"nofollow noopener\">Aalesund kommer p\u00e5 bes\u00f8k i morgen. Les deg opp f\u00f8r kampen her!<\/a>&nbsp;&nbsp;IK Start<\/li>\n<li><a href=\"https:\/\/news.google.com\/rss\/articles\/CBMingFBVV95cUxPTE5JWTZYVmp5S0l1NzVzam84Q25YSUtLT1pqOUl5M1QxQ3lhV2hId1ZPby0wcE16ZS03ODFfeEVDeXdkOVh1bEdMeHFHdzI1RHFqalZpTE9DQXVIcXVsczZZSWVtdkgzcXh0eEY5OVd2VWhwcU03SW43d0ZKSzVmVnBfa1duN2JQc0tBc0pwMzdaSHVSYW9ialJ3VEp4Zw?oc=5\" target=\"_blank\" rel=\"nofollow noopener\">(+) G\u00e5r hardt ut f\u00f8r storkampen: \u2013 Det er det vi dr\u00f8mmer om<\/a>&nbsp;&nbsp;KRS &#8211; Avisen Kristiansand<\/li>\n<\/ol>\n","protected":false},"excerpt":{"rendered":"Rekdal: \u2013 Jeg hater motstanderne som pesten, uansett hvem det er&nbsp;&nbsp;smp.no Rekdal tilbake i Kristiansand: \u2013 Jeg har&hellip;\n","protected":false},"author":2,"featured_media":15669,"comment_status":"","ping_status":"","sticky":false,"template":"","format":"standard","meta":{"footnotes":""},"categories":[59],"tags":[1329,302,2952,2951,30,28,29,2953,83,82],"class_list":{"0":"post-15668","1":"post","2":"type-post","3":"status-publish","4":"format-standard","5":"has-post-thumbnail","7":"category-sport","8":"tag-1-divisjon-menn","9":"tag-aalesunds-fk","10":"tag-henrik-melland","11":"tag-kjetil-rekdal","12":"tag-no","13":"tag-norge","14":"tag-norway","15":"tag-paul-ngongo","16":"tag-sport","17":"tag-sports"},"share_on_mastodon":{"url":"","error":""},"_links":{"self":[{"href":"https:\/\/www.europesays.com\/no\/wp-json\/wp\/v2\/posts\/15668","targetHints":{"allow":["GET"]}}],"collection":[{"href":"https:\/\/www.europesays.com\/no\/wp-json\/wp\/v2\/posts"}],"about":[{"href":"https:\/\/www.europesays.com\/no\/wp-json\/wp\/v2\/types\/post"}],"author":[{"embeddable":true,"href":"https:\/\/www.europesays.com\/no\/wp-json\/wp\/v2\/users\/2"}],"replies":[{"embeddable":true,"href":"https:\/\/www.europesays.com\/no\/wp-json\/wp\/v2\/comments?post=15668"}],"version-history":[{"count":0,"href":"https:\/\/www.europesays.com\/no\/wp-json\/wp\/v2\/posts\/15668\/revisions"}],"wp:featuredmedia":[{"embeddable":true,"href":"https:\/\/www.europesays.com\/no\/wp-json\/wp\/v2\/media\/15669"}],"wp:attachment":[{"href":"https:\/\/www.europesays.com\/no\/wp-json\/wp\/v2\/media?parent=15668"}],"wp:term":[{"taxonomy":"category","embeddable":true,"href":"https:\/\/www.europesays.com\/no\/wp-json\/wp\/v2\/categories?post=15668"},{"taxonomy":"post_tag","embeddable":true,"href":"https:\/\/www.europesays.com\/no\/wp-json\/wp\/v2\/tags?post=15668"}],"curies":[{"name":"wp","href":"https:\/\/api.w.org\/{rel}","templated":true}]}}