{"id":15677,"date":"2025-08-23T04:46:08","date_gmt":"2025-08-23T04:46:08","guid":{"rendered":"https:\/\/www.europesays.com\/no\/15677\/"},"modified":"2025-08-23T04:46:08","modified_gmt":"2025-08-23T04:46:08","slug":"minst-65-palestinere-drept-i-israelske-angrep","status":"publish","type":"post","link":"https:\/\/www.europesays.com\/no\/15677\/","title":{"rendered":"Minst 65 palestinere drept i israelske angrep"},"content":{"rendered":"\n<p class=\"_lead_1bvmi_2 _lead_xtcu6_50 layout-component text-serif-m layout-normal text-serif-l layout-component layout-wide layout-padded _wide_17hqh_1 layout-padded\">37 av de drepte befant seg i Gaza by, der det israelske milit\u00e6ret (IDF) har intensivert angrepene sine siden onsdag. <\/p>\n<p><img alt=\"Palestineren Alaa b\u00e6rer liket av sin fire \u00e5r gamle niese Sara. Hun ble drept i et israelsk angrep mot en skole der palestinere s\u00f8kte tilflukt utenfor al-Shifa-sykehuset i Gaza by fredag.  Foto: Abdel Kareem Hana \/ AP \/ NTB\" class=\"_image_qp4xg_65 layout-component layout-wide\" data-fullscreen- data-track-element-type=\"Article image fullscreen\" data-track-name=\"ImageFullscreen\" fetchpriority=\"high\" decoding=\"sync\" loading=\"eager\" height=\"5760\" itemprop=\"image\"  src=\"https:\/\/www.europesays.com\/no\/wp-content\/uploads\/2025\/08\/dd505363-c3dd-482f-ac91-9a413f4f688f\"  style=\"object-position:0% 0%\" width=\"8640\"\/>Palestineren Alaa b\u00e6rer liket av sin fire \u00e5r gamle niese Sara. Hun ble drept i et israelsk angrep mot en skole der palestinere s\u00f8kte tilflukt utenfor al-Shifa-sykehuset i Gaza by fredag.  Foto: Abdel Kareem Hana \/ AP \/ NTB<\/p>\n<ul aria-hidden=\"true\" class=\"_images_1y6fe_106\">\n<li><a class=\"_link_1y6fe_111\" href=\"https:\/\/www.vg.no\/forfatter\/signe-rosenlund-hauglid\" style=\"z-index:1\" title=\"Signe Rosenlund-Hauglid\" rel=\"nofollow noopener\" target=\"_blank\"><img alt=\"Bilde av Signe Rosenlund-Hauglid\" class=\"_image_1y6fe_88\" fetchpriority=\"low\" loading=\"lazy\" decoding=\"async\" itemprop=\"image\"  src=\"https:\/\/www.europesays.com\/no\/wp-content\/uploads\/2025\/08\/1755924367_624_65e9df60-b046-4add-b7dd-10f1cf4fbd21\"  width=\"480\"\/><\/a><\/li>\n<\/ul>\n<p> Oppdatert l\u00f8rdag 23. august kl. 04:23     <\/p>\n<p class=\"_paragraph_1bvmi_4 _paragraph_xtcu6_10 layout-component text-serif-m layout-normal text-serif-m layout-padded\">Minst 65 personer har blitt drept i israelske angrep fredag, opplyser kilder til <a href=\"https:\/\/www.aljazeera.com\/news\/2025\/8\/22\/at-least-52-killed-in-gaza-as-israel-escalates-attacks-on-gaza-city\" class=\"_link_1bvmi_39\" rel=\"nofollow noopener\" target=\"_blank\">Al Jazeera<\/a>. <\/p>\n<p class=\"_paragraph_1bvmi_4 _paragraph_xtcu6_10 layout-component text-serif-m layout-normal text-serif-m layout-padded\">Flere av de drepte var ofre for et israelsk luftangrep som traff en skole i Sheikh Radwan, et nabolag i <a href=\"https:\/\/www.vg.no\/tag\/gaza?utm_source=vg-article&amp;utm_medium=auto-tagger&amp;utm_campaign=LMw52p\" class=\"_link_1bvmi_39\" rel=\"nofollow noopener\" target=\"_blank\">Gaza<\/a> by, der palestinere s\u00f8kte tilflukt i provisoriske telt i skoleg\u00e5rden. <\/p>\n<p class=\"_paragraph_1bvmi_4 _paragraph_xtcu6_10 layout-component text-serif-m layout-normal text-serif-m layout-padded\">D\u00f8dstallene fortsetter \u00e5 stige samme dag som <a href=\"https:\/\/www.vg.no\/nyheter\/i\/B0OlpE\/hungersnoed-erklaert-i-gaza-by\" data-track-element-type=\"Link\" data-track-id=\"link:B0OlpE\" class=\"_link_1bvmi_39\" rel=\"nofollow noopener\" target=\"_blank\">FN erkl\u00e6rer hungersn\u00f8d<\/a> i Gaza by for f\u00f8rste gang. Hungersn\u00f8den skyldes Israels blokade, uttalte FNs n\u00f8dhjelpssjef Tom Fletcher.<\/p>\n<p class=\"_paragraph_1bvmi_4 _paragraph_xtcu6_10 layout-component text-serif-m layout-normal text-serif-m layout-padded\">\u2013 Det finnes knapt ord for \u00e5 beskrive det som skjer n\u00e5. Det er hungersn\u00f8d. Vi ser massive angrep mot de f\u00e5 restene som er igjen av\u00a0Gaza\u00a0by, hvor et sv\u00e6rt stort antall mennesker n\u00e5 har s\u00f8kt tilflukt, skriver utenriksminister Espen Barth Eide (Ap) i en uttalelse til NTB fredag kveld. <\/p>\n<p class=\"_paragraph_1bvmi_4 _paragraph_xtcu6_10 layout-component text-serif-m layout-normal text-serif-m layout-padded\"><strong class=\"_strong_1bvmi_25\">FNs generalsekret\u00e6r Ant\u00f3nio Guterres omtaler situasjonen som \u00abet svik mot menneskeheten\u00bb. <\/strong><\/p>\n<p><img alt=\"Palestinske barn venter p\u00e5 mat i Gaza by fredag 22. august.   Foto: Abdel Kareem Hana \/ AP \/ NTB\" class=\"_image_qp4xg_65 layout-component layout-normal\" data-fullscreen- data-track-element-type=\"Article image fullscreen\" data-track-name=\"ImageFullscreen\" decoding=\"async\" loading=\"lazy\" height=\"5203\" itemprop=\"image\"  src=\"https:\/\/www.europesays.com\/no\/wp-content\/uploads\/2025\/08\/43224600-52a4-4630-aa71-c7fa75d6fcfe\"  style=\"object-position:0% 0%\" width=\"7804\"\/>Palestinske barn venter p\u00e5 mat i Gaza by fredag 22. august.   Foto: Abdel Kareem Hana \/ AP \/ NTB<\/p>\n<p class=\"_paragraph_1bvmi_4 _paragraph_xtcu6_10 layout-component text-serif-m layout-normal text-serif-m layout-padded\"><strong class=\"_strong_1bvmi_25\">Les ogs\u00e5<\/strong>: <a href=\"https:\/\/www.vg.no\/nyheter\/i\/93REOd\/skamloest-av-israel-om-hungersnoeden\" data-track-element-type=\"Link\" data-track-id=\"link:93REOd\" class=\"_link_1bvmi_39\" rel=\"nofollow noopener\" target=\"_blank\">Skaml\u00f8st av Israel om hungersn\u00f8den <\/a><\/p>\n<p class=\"_paragraph_1bvmi_4 _paragraph_xtcu6_10 layout-component text-serif-m layout-normal text-serif-m layout-padded\">Israel gjennomf\u00f8rer n\u00e5 en sterkt kritisert tvangsflytting av innbyggerne i Gaza by, som de selv betegner som en milit\u00e6r offensiv. <\/p>\n<p class=\"_paragraph_1bvmi_4 _paragraph_xtcu6_10 layout-component text-serif-m layout-normal text-serif-m layout-padded\"><a href=\"https:\/\/www.vg.no\/nyheter\/i\/al61b4\/israel-inntar-gaza-by-som-aa-vente-paa-doeden\" data-track-element-type=\"Link\" data-track-id=\"link:al61b4\" class=\"_link_1bvmi_39\" rel=\"nofollow noopener\" target=\"_blank\">130.000 israelske soldater skal delta<\/a>, i et fors\u00f8k p\u00e5 \u00e5 f\u00e5 milit\u00e6r kontroll og tvinge \u00e9n million palestinere ut. <\/p>\n<p class=\"_paragraph_1bvmi_4 _paragraph_xtcu6_10 layout-component text-serif-m layout-normal text-serif-m layout-padded\">Landets forsvarsminister Israel Katz truet fredag morgen p\u00e5 sosiale medier med \u00e5 legge Gaza by i ruiner, dersom Hamas ikke im\u00f8teg\u00e5r alle Israels krav. <\/p>\n<p class=\"_paragraph_1bvmi_4 _paragraph_xtcu6_10 layout-component text-serif-m layout-normal text-serif-m layout-padded\">Statsminister Benjamin Netanyahu hevdet torsdag kveld denne uken at han \u00f8nsker \u00e5 forhandle om fred. <\/p>\n<p class=\"_paragraph_1bvmi_4 _paragraph_xtcu6_10 layout-component text-serif-m layout-normal text-serif-m layout-padded\">Hamas har sagt at de vil l\u00f8slate de gjenv\u00e6rende gislene i bytte mot at Israels angrep avsluttes, men den palestinske gruppen avviser \u00e5 la seg avv\u00e6pne uten opprettelsen av en egen palestinsk stat.<\/p>\n<p class=\"_paragraph_1bvmi_4 _paragraph_xtcu6_10 layout-component text-serif-m layout-normal text-serif-m layout-padded\"><strong class=\"_strong_1bvmi_25\">Les mer<\/strong>: <a href=\"https:\/\/www.vg.no\/nyheter\/i\/QMLz28\/palestinas-ambassadoer-om-oljefondet-bidrar-til-aa-drepe\" data-track-element-type=\"Link\" data-track-id=\"link:QMLz28\" class=\"_link_1bvmi_39\" rel=\"nofollow noopener\" target=\"_blank\">Palestina ambassad\u00f8r om oljefondet: \u2013\u2060\u00a0Bidrar til \u00e5 drep<\/a>e <\/p>\n","protected":false},"excerpt":{"rendered":"37 av de drepte befant seg i Gaza by, der det israelske milit\u00e6ret (IDF) har intensivert angrepene sine&hellip;\n","protected":false},"author":2,"featured_media":15678,"comment_status":"","ping_status":"","sticky":false,"template":"","format":"standard","meta":{"footnotes":""},"categories":[12],"tags":[2956,2957,20,21,258,24,25,332,53,566,15,52,22,23,13,30,28,29,14,16,26,27,42,43,44,45],"class_list":{"0":"post-15677","1":"post","2":"type-post","3":"status-publish","4":"format-standard","5":"has-post-thumbnail","7":"category-verden","8":"tag-al-jazeera","9":"tag-antonio-guterres","10":"tag-breaking-news","11":"tag-breakingnews","12":"tag-espen-barth-eide","13":"tag-featured-news","14":"tag-featurednews","15":"tag-fn","16":"tag-gaza","17":"tag-hamas","18":"tag-headlines","19":"tag-israel","20":"tag-latest-news","21":"tag-latestnews","22":"tag-news","23":"tag-no","24":"tag-norge","25":"tag-norway","26":"tag-nyheter","27":"tag-overskrifter","28":"tag-top-stories","29":"tag-topstories","30":"tag-verden","31":"tag-world","32":"tag-world-news","33":"tag-worldnews"},"share_on_mastodon":{"url":"","error":""},"_links":{"self":[{"href":"https:\/\/www.europesays.com\/no\/wp-json\/wp\/v2\/posts\/15677","targetHints":{"allow":["GET"]}}],"collection":[{"href":"https:\/\/www.europesays.com\/no\/wp-json\/wp\/v2\/posts"}],"about":[{"href":"https:\/\/www.europesays.com\/no\/wp-json\/wp\/v2\/types\/post"}],"author":[{"embeddable":true,"href":"https:\/\/www.europesays.com\/no\/wp-json\/wp\/v2\/users\/2"}],"replies":[{"embeddable":true,"href":"https:\/\/www.europesays.com\/no\/wp-json\/wp\/v2\/comments?post=15677"}],"version-history":[{"count":0,"href":"https:\/\/www.europesays.com\/no\/wp-json\/wp\/v2\/posts\/15677\/revisions"}],"wp:featuredmedia":[{"embeddable":true,"href":"https:\/\/www.europesays.com\/no\/wp-json\/wp\/v2\/media\/15678"}],"wp:attachment":[{"href":"https:\/\/www.europesays.com\/no\/wp-json\/wp\/v2\/media?parent=15677"}],"wp:term":[{"taxonomy":"category","embeddable":true,"href":"https:\/\/www.europesays.com\/no\/wp-json\/wp\/v2\/categories?post=15677"},{"taxonomy":"post_tag","embeddable":true,"href":"https:\/\/www.europesays.com\/no\/wp-json\/wp\/v2\/tags?post=15677"}],"curies":[{"name":"wp","href":"https:\/\/api.w.org\/{rel}","templated":true}]}}