{"id":15679,"date":"2025-08-23T04:47:20","date_gmt":"2025-08-23T04:47:20","guid":{"rendered":"https:\/\/www.europesays.com\/no\/15679\/"},"modified":"2025-08-23T04:47:20","modified_gmt":"2025-08-23T04:47:20","slug":"forhandsstemming-i-alesund-ko-og-mange-velgere","status":"publish","type":"post","link":"https:\/\/www.europesays.com\/no\/15679\/","title":{"rendered":"Forh\u00e5ndsstemming i \u00c5lesund: K\u00f8 og mange velgere"},"content":{"rendered":"<p>P\u00e5 Moa er trykket stort \u2013 b\u00e5de for de som bemanner valglokalet og for velgerne som vil sikre seg retten til \u00e5 stemme i tide.<\/p>\n<p><strong>\u2013 Det er egentlig alle av alle aldre som kommer for \u00e5 forh\u00e5ndsstemme. Mange som bare g\u00e5r forbi her, og s\u00e5 ser de at \u00abja, men her kan jeg stemme, s\u00e5 blir jeg ferdig med det\u00bb, sier valgfunksjon\u00e6r Erica Lunde.<\/strong><\/p>\n<p><img decoding=\"async\" src=\"data:image\/gif;base64,R0lGODlhEAAJAIAAAP\/\/\/wAAACH5BAEAAAAALAAAAAAQAAkAAAIKhI+py+0Po5yUFQA7\" alt=\"\"\/><br \/>\n  F\u00f8rstegangsvelger Theodor Hagerup Alfsv\u00e5g.<br \/>\n  <strong>Foto:<\/strong> Jan Erik Fins\u00e6ther<\/p>\n<p><strong>Mette Ostnes har v\u00e6rt frivillig valgmedarbeider i mange \u00e5r, og nikker gjenkjennende.<br \/>\n\u2013 Folk kommer fra bygdene rundt, og mange synes det er praktisk \u00e5 stemme n\u00e5r de likevel er her, forteller hun.<\/strong><\/p>\n<p>S\u00e5 langt har alt g\u00e5tt p\u00e5 skinner. Den eneste utfordringen kom da stemmelokalet gikk tomt for papir i printeren.<br \/>\n\u2013 Det var mange som kom fra andre kommuner og skulle stemme, s\u00e5 det ble litt trykk. Men vi l\u00e5nte bare papir fra en annen printer, og da l\u00f8ste det seg raskt, sier Lunde.<\/p>\n<p>Flere grunner til \u00e5 stemme tidlig <\/p>\n<p>Motivasjonen for \u00e5 forh\u00e5ndsstemme er ulik, men praktiske hensyn g\u00e5r igjen.<\/p>\n<p><strong>\u2013 Mange skal reise bort p\u00e5 jobb eller ferie, og vil sikre at de f\u00e5r stemt, sier Ostnes.<\/strong><\/p>\n<p>Andre vil unng\u00e5 k\u00f8en p\u00e5 valgdagen.<\/p>\n<p>\u2013 Vi har jo slik \u00e5 bedrive tida med. S\u00e5 da er det greit \u00e5 slippe k\u00f8 og bare f\u00e5 det gjort, sier Stine Grytten. Hun hadde med seg datteren Vilde i barnevogn.<\/p>\n<p><strong>\u2013 Det f\u00f8les bra. Man blir bare mer engasjert jo eldre man blir, og det handler mye om barnas framtid, legger hun til.<\/strong><\/p>\n<p>Blant de som har forh\u00e5ndsstemt er ogs\u00e5 f\u00f8rstegangsvelger Theodor Hagerup Alfsv\u00e5g.<\/p>\n<p>\u2013 Det f\u00f8ltes utrolig bra. En helt unik opplevelse. Det er viktig \u00e5 bruke stemma si, sier han.<\/p>\n<p><img decoding=\"async\" src=\"data:image\/gif;base64,R0lGODlhEAAJAIAAAP\/\/\/wAAACH5BAEAAAAALAAAAAAQAAkAAAIKhI+py+0Po5yUFQA7\" alt=\"\"\/><br \/>\n  Endre Ramsvik<br \/>\n  <strong>Foto:<\/strong> Jan Erik Fins\u00e6ther<\/p>\n<p><strong>\u2013 Nei, det gikk greit, det. Jeg er bortreist p\u00e5 sj\u00f8en p\u00e5 valgdagen, s\u00e5 hvis jeg skal stemme m\u00e5 jeg gj\u00f8re det n\u00e5, forklarer Endre Ramsvik.<\/strong><\/p>\n<p>For Svein Arne Ekornesv\u00e5g handlet det mest om \u00e5 f\u00e5 det unnagjort.<\/p>\n<p><strong>\u2013 Det passa seg s\u00e5nn. Jeg f\u00f8ler jeg m\u00e5 gj\u00f8re plikta mi, da, sier han.<\/strong><\/p>\n<p>\u2013 Det virker som mange allerede har bestemt seg, og da er det jo bare praktisk \u00e5 f\u00e5 det gjort, sier valgfunksjon\u00e6r Erica Lunde.<\/p>\n<p><a href=\"https:\/\/www.smp.no\/nyheter\/i\/g61r6a\/nyhetsstudio\" rel=\"nofollow noopener\" target=\"_blank\">   Nyhetsstudio  <\/a> <\/p>\n","protected":false},"excerpt":{"rendered":"P\u00e5 Moa er trykket stort \u2013 b\u00e5de for de som bemanner valglokalet og for velgerne som vil sikre&hellip;\n","protected":false},"author":2,"featured_media":15680,"comment_status":"","ping_status":"","sticky":false,"template":"","format":"standard","meta":{"footnotes":""},"categories":[10],"tags":[20,21,24,25,814,15,22,23,1704,13,30,28,29,14,16,26,27,518],"class_list":{"0":"post-15679","1":"post","2":"type-post","3":"status-publish","4":"format-standard","5":"has-post-thumbnail","7":"category-norge","8":"tag-breaking-news","9":"tag-breakingnews","10":"tag-featured-news","11":"tag-featurednews","12":"tag-forhandsstemme","13":"tag-headlines","14":"tag-latest-news","15":"tag-latestnews","16":"tag-moa","17":"tag-news","18":"tag-no","19":"tag-norge","20":"tag-norway","21":"tag-nyheter","22":"tag-overskrifter","23":"tag-top-stories","24":"tag-topstories","25":"tag-valg"},"share_on_mastodon":{"url":"","error":""},"_links":{"self":[{"href":"https:\/\/www.europesays.com\/no\/wp-json\/wp\/v2\/posts\/15679","targetHints":{"allow":["GET"]}}],"collection":[{"href":"https:\/\/www.europesays.com\/no\/wp-json\/wp\/v2\/posts"}],"about":[{"href":"https:\/\/www.europesays.com\/no\/wp-json\/wp\/v2\/types\/post"}],"author":[{"embeddable":true,"href":"https:\/\/www.europesays.com\/no\/wp-json\/wp\/v2\/users\/2"}],"replies":[{"embeddable":true,"href":"https:\/\/www.europesays.com\/no\/wp-json\/wp\/v2\/comments?post=15679"}],"version-history":[{"count":0,"href":"https:\/\/www.europesays.com\/no\/wp-json\/wp\/v2\/posts\/15679\/revisions"}],"wp:featuredmedia":[{"embeddable":true,"href":"https:\/\/www.europesays.com\/no\/wp-json\/wp\/v2\/media\/15680"}],"wp:attachment":[{"href":"https:\/\/www.europesays.com\/no\/wp-json\/wp\/v2\/media?parent=15679"}],"wp:term":[{"taxonomy":"category","embeddable":true,"href":"https:\/\/www.europesays.com\/no\/wp-json\/wp\/v2\/categories?post=15679"},{"taxonomy":"post_tag","embeddable":true,"href":"https:\/\/www.europesays.com\/no\/wp-json\/wp\/v2\/tags?post=15679"}],"curies":[{"name":"wp","href":"https:\/\/api.w.org\/{rel}","templated":true}]}}