{"id":15709,"date":"2025-08-23T05:57:08","date_gmt":"2025-08-23T05:57:08","guid":{"rendered":"https:\/\/www.europesays.com\/no\/15709\/"},"modified":"2025-08-23T05:57:08","modified_gmt":"2025-08-23T05:57:08","slug":"lyle-menendez-far-ikke-innvilget-proveloslatelse","status":"publish","type":"post","link":"https:\/\/www.europesays.com\/no\/15709\/","title":{"rendered":"Lyle Menendez f\u00e5r ikke innvilget pr\u00f8vel\u00f8slatelse"},"content":{"rendered":"\n<p class=\"_lead_1bvmi_2 _lead_xtcu6_50 layout-component text-serif-m layout-normal text-serif-l layout-component layout-wide layout-padded _wide_17hqh_1 layout-padded\">Lyle Menendez f\u00e5r ikke innvilget pr\u00f8vel\u00f8slatelse, dagen etter at hans bror Erik Menendez heller ikke fikk innvilget sin s\u00f8knad.<\/p>\n<p><img alt=\"Lyle Menendez fulgte beslutningen fra en ben\u00e5dningskommisjon i California via videokonferanse i et fengsel i San Diego, der han soner sammen med sin bror.  Foto: California Department of Corrections \/ AP \/ NTB\" class=\"_image_qp4xg_65 layout-component layout-wide\" data-fullscreen- data-track-element-type=\"Article image fullscreen\" data-track-name=\"ImageFullscreen\" fetchpriority=\"high\" decoding=\"sync\" loading=\"eager\" height=\"3024\" itemprop=\"image\"  src=\"https:\/\/www.europesays.com\/no\/wp-content\/uploads\/2025\/08\/9f829534-fad4-40be-a024-0d999b591a01\"  style=\"object-position:0% 0%\" width=\"4032\"\/>Lyle Menendez fulgte beslutningen fra en ben\u00e5dningskommisjon i California via videokonferanse i et fengsel i San Diego, der han soner sammen med sin bror.  Foto: California Department of Corrections \/ AP \/ NTB<\/p>\n<ul aria-hidden=\"true\" class=\"_images_1y6fe_106\">\n<li><a class=\"_link_1y6fe_111\" href=\"https:\/\/www.vg.no\/forfatter\/ntb\" style=\"z-index:1\" title=\"NTB\" rel=\"nofollow noopener\" target=\"_blank\"><img alt=\"Bilde av NTB\" class=\"_image_1y6fe_88\" fetchpriority=\"low\" loading=\"lazy\" decoding=\"async\" itemprop=\"image\"  src=\"https:\/\/www.europesays.com\/no\/wp-content\/uploads\/2025\/08\/1755928628_996_c33980b0-5d07-4027-84a1-813f90a7c8d6\"  width=\"480\"\/><\/a><\/li>\n<\/ul>\n<p> Oppdatert l\u00f8rdag 23. august kl. 06:21     <\/p>\n<p class=\"_paragraph_1bvmi_4 _paragraph_xtcu6_10 layout-component text-serif-m layout-normal text-serif-m layout-padded\">Neste gang de to f\u00e5r lov til \u00e5 be om pr\u00f8vel\u00f8slatelse, er f\u00f8rst om tre \u00e5r.<\/p>\n<p class=\"_paragraph_1bvmi_4 _paragraph_xtcu6_10 layout-component text-serif-m layout-normal text-serif-m layout-padded\">De to br\u00f8drene sitter i et fengsel i San Diego. De <a href=\"https:\/\/www.vg.no\/rampelys\/i\/0Vmjj6\/menendez-broedrene-forsoeker-aa-faa-proeveloeslatelse\" data-track-element-type=\"Link\" data-track-id=\"link:0Vmjj6\" class=\"_link_1bvmi_39\" rel=\"nofollow noopener\" target=\"_blank\">fremmet s\u00f8knadene om pr\u00f8vel\u00f8slatelse<\/a> etter at venner, familie og kjendiser lenge har tatt til orde for \u00e5 f\u00e5 dem l\u00f8slatt fra fengsel.<\/p>\n<p class=\"_paragraph_1bvmi_4 _paragraph_xtcu6_10 layout-component text-serif-m layout-normal text-serif-m layout-padded\">Br\u00f8drene har allerede f\u00e5tt den i utgangspunktet ubegrensede straffen redusert til 50 \u00e5r, og de har tatt p\u00e5 seg ansvaret for drapene p\u00e5 foreldrene i familiens luksushjem i Beverly Hills i 1989.<\/p>\n<p class=\"_paragraph_1bvmi_4 _paragraph_xtcu6_10 layout-component text-serif-m layout-normal text-serif-m layout-padded\">De har forklart at de gjorde det fordi de fryktet at foreldrene ville drepe dem, etter at faren hadde misbrukt dem seksuelt i flere \u00e5r.<\/p>\n<p class=\"_paragraph_1bvmi_4 _paragraph_xtcu6_10 layout-component text-serif-m layout-normal text-serif-m layout-padded\">Br\u00f8drene, som den gangen var 21 og 18 \u00e5r gamle, er n\u00e5 i 50-\u00e5rene. De mener de er rehabilitert, og at de ikke lenger utgj\u00f8r en fare for samfunnet.<\/p>\n<p class=\"_paragraph_1bvmi_4 _paragraph_xtcu6_10 layout-component text-serif-m layout-normal text-serif-m layout-padded\">\u2013 I mer enn 35 \u00e5r har de vist vedvarende vekst. De har tatt p\u00e5 seg det fulle ansvaret, heter det i en uttalelse fra st\u00f8ttegruppen The Justice for Erik and Lyle Coalition, der blant annet flere familiemedlemmer er med.<\/p>\n","protected":false},"excerpt":{"rendered":"Lyle Menendez f\u00e5r ikke innvilget pr\u00f8vel\u00f8slatelse, dagen etter at hans bror Erik Menendez heller ikke fikk innvilget sin&hellip;\n","protected":false},"author":2,"featured_media":15710,"comment_status":"","ping_status":"","sticky":false,"template":"","format":"standard","meta":{"footnotes":""},"categories":[12],"tags":[20,21,24,25,15,22,23,13,30,28,29,14,16,26,27,50,42,43,44,45],"class_list":{"0":"post-15709","1":"post","2":"type-post","3":"status-publish","4":"format-standard","5":"has-post-thumbnail","7":"category-verden","8":"tag-breaking-news","9":"tag-breakingnews","10":"tag-featured-news","11":"tag-featurednews","12":"tag-headlines","13":"tag-latest-news","14":"tag-latestnews","15":"tag-news","16":"tag-no","17":"tag-norge","18":"tag-norway","19":"tag-nyheter","20":"tag-overskrifter","21":"tag-top-stories","22":"tag-topstories","23":"tag-usa","24":"tag-verden","25":"tag-world","26":"tag-world-news","27":"tag-worldnews"},"share_on_mastodon":{"url":"","error":""},"_links":{"self":[{"href":"https:\/\/www.europesays.com\/no\/wp-json\/wp\/v2\/posts\/15709","targetHints":{"allow":["GET"]}}],"collection":[{"href":"https:\/\/www.europesays.com\/no\/wp-json\/wp\/v2\/posts"}],"about":[{"href":"https:\/\/www.europesays.com\/no\/wp-json\/wp\/v2\/types\/post"}],"author":[{"embeddable":true,"href":"https:\/\/www.europesays.com\/no\/wp-json\/wp\/v2\/users\/2"}],"replies":[{"embeddable":true,"href":"https:\/\/www.europesays.com\/no\/wp-json\/wp\/v2\/comments?post=15709"}],"version-history":[{"count":0,"href":"https:\/\/www.europesays.com\/no\/wp-json\/wp\/v2\/posts\/15709\/revisions"}],"wp:featuredmedia":[{"embeddable":true,"href":"https:\/\/www.europesays.com\/no\/wp-json\/wp\/v2\/media\/15710"}],"wp:attachment":[{"href":"https:\/\/www.europesays.com\/no\/wp-json\/wp\/v2\/media?parent=15709"}],"wp:term":[{"taxonomy":"category","embeddable":true,"href":"https:\/\/www.europesays.com\/no\/wp-json\/wp\/v2\/categories?post=15709"},{"taxonomy":"post_tag","embeddable":true,"href":"https:\/\/www.europesays.com\/no\/wp-json\/wp\/v2\/tags?post=15709"}],"curies":[{"name":"wp","href":"https:\/\/api.w.org\/{rel}","templated":true}]}}