{"id":15717,"date":"2025-08-23T06:11:30","date_gmt":"2025-08-23T06:11:30","guid":{"rendered":"https:\/\/www.europesays.com\/no\/15717\/"},"modified":"2025-08-23T06:11:30","modified_gmt":"2025-08-23T06:11:30","slug":"rente-personlig-okonomi-rentekuttet-kan-ryke-igjen-har-vi-fatt-for-mye-i-lonn","status":"publish","type":"post","link":"https:\/\/www.europesays.com\/no\/15717\/","title":{"rendered":"Rente, Personlig \u00f8konomi | Rentekuttet kan ryke \u2013 igjen: Har vi f\u00e5tt for mye i l\u00f8nn?"},"content":{"rendered":"\n<p>(<a href=\"https:\/\/www.nettavisen.no\/okonomi\/handelsbanken-advarer-rentekuttet-kan-bli-utsatt-til-desember\/s\/5-95-2580076\" rel=\"Follow nofollow noopener\" target=\"_blank\">Nettavisen<\/a>): Ekspertene har v\u00e6rt n\u00e6rmest enstemmige i at det vil bli et rentekutt i september \u2013 det andre rentekuttet i \u00e5r.<\/p>\n<p><b>Men n\u00e5 har tvilen begynt \u00e5 komme, etter det som omtales som overraskende tall.<\/b><\/p>\n<p>Torsdag slapp SSB nye tall som viste at veksten i norsk \u00f8konomi var dobbelt s\u00e5 stor som forventet.<\/p>\n<p>\u2013 Selv n\u00e5r man justerer for volatile sektorer som kraftforsyning, fiske og havbruk, fremst\u00e5r veksten solid \u2013 0,9 prosent i andre kvartal og 1,0 prosent i f\u00f8rste. Utviklingen s\u00e5 langt i \u00e5r peker p\u00e5 et sterkere underliggende momentum enn Norges Bank har sett for seg, skriver makro\u00f8konom Karine Alsvik Nelson i Handelsbankens morgenrapport.<\/p>\n<p>S\u00e5 hvorfor har det betydning for renten?<\/p>\n<p>Den viktigste \u00e5rsaken til at Sverige har mye lavere rente enn Norge, er at \u00f8konomien i Norge har g\u00e5tt mye bedre enn v\u00e5rt naboland. N\u00e5r \u00f8konomien n\u00e5 ser ut til \u00e5 g\u00e5 enda bedre enn ventet \u2013 selv med h\u00f8y rente \u2013 er det liten grunn til \u00e5 \u00abgi ekstra gass\u00bb ved \u00e5 kutte renten.<\/p>\n<p>      Markedet reagerte tydelig<\/p>\n<p>Tallene gikk ikke up\u00e5aktet hen:<\/p>\n<p>\u2013 De overraskende sterke tallene satte et tydelig avtrykk i det norske rente- og valutamarkedet i g\u00e5r, melder Nelson.<\/p>\n<p>Renteforventningene \u00f8kte med 0,08 prosentpoeng to \u00e5r fram i tid.<\/p>\n<p>   <img decoding=\"async\" width=\"549\" height=\"1242\" fetchpriority=\"low\"  loading=\"lazy\"  src=\"https:\/\/www.europesays.com\/no\/wp-content\/uploads\/2025\/08\/1755929490_716_kronekurs-22-08.jpg\" alt=\"\" class=\"brick-c-cFOWSL\" style=\"--brick-image-ratio: 549 \/ 1242;\"\/><\/p>\n<p>    Prisen p\u00e5 b\u00e5de dollar, euro og svenske kroner gikk betydelig ned etter de nye tallene ble sluppet.<br \/>\n    Foto: Infront\n  <\/p>\n<p>\u2013 Kronekursen gjorde ogs\u00e5 rent bord i g\u00e5r med en styrking p\u00e5 om lag 1 prosent mot euro, melder hun.<\/p>\n<p>Har vi f\u00e5tt for mye i l\u00f8nningsposen?<\/p>\n<p>If\u00f8lge Handelsbanken er en annen bekymring at l\u00f8nnsveksten har v\u00e6rt s\u00e5 h\u00f8y, at inflasjonen vanskelig kan g\u00e5 ned. Forventningene er at l\u00f8nningene skal opp 4,3 prosent neste \u00e5r.<\/p>\n<p><b>\u2013 Selv med noe sterkere produktivitetsvekst, vurderes l\u00f8nnsveksten som for h\u00f8y til \u00e5 v\u00e6re forenlig med inflasjonsm\u00e5let over tid.<\/b><\/p>\n<p>\u2013 L\u00f8nnsveksten er fortsatt p\u00e5 et h\u00f8yt niv\u00e5, og med signaler om noe bedre l\u00f8nnsomhet i n\u00e6ringslivet \u00f8ker risikoen for at \u00f8kte l\u00f8nnskostnader i skjermede sektorer veltes over i konsumprisene.<\/p>\n<p>L\u00f8nnsveksten bestemmes i stor grad av eksporterende industri, som har tider og ofte l\u00f8nn som en ganske liten del av kostnadene. N\u00e5r mindre l\u00f8nnsomme bedrifter f\u00e5r samme l\u00f8nnsvekst, der l\u00f8nnen er en stor del av kostnadene, har de f\u00e5 andre muligheter enn \u00e5 \u00f8ke prisene.<\/p>\n<p>\u2013 Samlet sett inneb\u00e6rer kombinasjonen av sterkere vekst og vedvarende l\u00f8nnspress at Norges Bank kan bli mer tilbakeholden med \u00e5 kutte renten i september.<\/p>\n<p>Banken \u00e5pner n\u00e5 for en enda tregere rentenedgang:<\/p>\n<p>\u2013 Vi har lenge sett to kutt i andre halv\u00e5r som lite sannsynlig og venter i stedet ett kutt i september og neste f\u00f8rst i mars 2026. Risikoen n\u00e5, slik vi ser det, er at septemberkuttet kan bli utsatt til desember, sier hun.<\/p>\n<p>Du f\u00e5r kanskje ikke f\u00f8le det f\u00f8r i mars<\/p>\n<p>Desember-m\u00f8tet er ikke f\u00f8r 18. desember. Dermed risikerer man at effekten p\u00e5 lommeboka av rentekuttet ikke vil kjennes f\u00f8r i mars neste \u00e5r. \u00c5rsaken er bankenes praksis med to m\u00e5neders varslingstid.<\/p>\n<p>Da renten ble kuttet 20. juni i \u00e5r, ble kundenes rente f\u00f8rst kuttet 25. august. Utslaget p\u00e5 renteinnbetalingene merkes f\u00f8rst etter at den nye renten har virket en m\u00e5ned tid etter det igjen.<\/p>\n","protected":false},"excerpt":{"rendered":"(Nettavisen): Ekspertene har v\u00e6rt n\u00e6rmest enstemmige i at det vil bli et rentekutt i september \u2013 det andre&hellip;\n","protected":false},"author":2,"featured_media":15718,"comment_status":"","ping_status":"","sticky":false,"template":"","format":"standard","meta":{"footnotes":""},"categories":[56],"tags":[36,60,61,62,30,28,29,572,2336,1795,1510],"class_list":{"0":"post-15717","1":"post","2":"type-post","3":"status-publish","4":"format-standard","5":"has-post-thumbnail","7":"category-naeringsliv","8":"tag-art","9":"tag-business","10":"tag-economy","11":"tag-naeringsliv","12":"tag-no","13":"tag-norge","14":"tag-norway","15":"tag-okonomi","16":"tag-personlig-okonomi","17":"tag-rente","18":"tag-story"},"share_on_mastodon":{"url":"","error":""},"_links":{"self":[{"href":"https:\/\/www.europesays.com\/no\/wp-json\/wp\/v2\/posts\/15717","targetHints":{"allow":["GET"]}}],"collection":[{"href":"https:\/\/www.europesays.com\/no\/wp-json\/wp\/v2\/posts"}],"about":[{"href":"https:\/\/www.europesays.com\/no\/wp-json\/wp\/v2\/types\/post"}],"author":[{"embeddable":true,"href":"https:\/\/www.europesays.com\/no\/wp-json\/wp\/v2\/users\/2"}],"replies":[{"embeddable":true,"href":"https:\/\/www.europesays.com\/no\/wp-json\/wp\/v2\/comments?post=15717"}],"version-history":[{"count":0,"href":"https:\/\/www.europesays.com\/no\/wp-json\/wp\/v2\/posts\/15717\/revisions"}],"wp:featuredmedia":[{"embeddable":true,"href":"https:\/\/www.europesays.com\/no\/wp-json\/wp\/v2\/media\/15718"}],"wp:attachment":[{"href":"https:\/\/www.europesays.com\/no\/wp-json\/wp\/v2\/media?parent=15717"}],"wp:term":[{"taxonomy":"category","embeddable":true,"href":"https:\/\/www.europesays.com\/no\/wp-json\/wp\/v2\/categories?post=15717"},{"taxonomy":"post_tag","embeddable":true,"href":"https:\/\/www.europesays.com\/no\/wp-json\/wp\/v2\/tags?post=15717"}],"curies":[{"name":"wp","href":"https:\/\/api.w.org\/{rel}","templated":true}]}}