{"id":157629,"date":"2026-02-07T18:11:10","date_gmt":"2026-02-07T18:11:10","guid":{"rendered":"https:\/\/www.europesays.com\/no\/157629\/"},"modified":"2026-02-07T18:11:10","modified_gmt":"2026-02-07T18:11:10","slug":"sport-sebastian-schjerve-sebastian-25-til-ol-finale-helt-sykt-digg","status":"publish","type":"post","link":"https:\/\/www.europesays.com\/no\/157629\/","title":{"rendered":"Sport, Sebastian Schjerve | Sebastian (25) til OL-finale: \u2013 Helt sykt digg"},"content":{"rendered":"\n<p><b>LIVIGNO: <\/b>Han har levert en rekke sterke prestasjoner i verdenscupen, deltatt i VM fire ganger og vunnet kongepokalen i NM to ganger \u2013 men aldri f\u00f8r har freeski-ut\u00f8ver Sebastian Schjerve deltatt i et olympisk mesterskap.<\/p>\n<p>L\u00f8rdag gikk namsosingens dr\u00f8m i oppfyllelse da han stilte til start i sitt f\u00f8rste OL.<\/p>\n<p>Det hele ble toppet med finalebillett til 25-\u00e5ringen etter en nervepirrende kvalik.<\/p>\n<p>\u2013 Det f\u00f8les helt sykt digg. Det er p\u00e5 topplista av nerv\u00f8sitet da jeg sto i bunn der og ventet. Men det holdt, og det p\u00e5 en perfekt dag, sier Schjerve til NRK.<\/p>\n<p>Uheldig i f\u00f8rste run<\/p>\n<p>Kvalifisering i slopestyle sto p\u00e5 freeskilandslagets agenda l\u00f8rdag, og totalt 12 finalebilletter skulle bli delt ut. Rammene for de 29 ut\u00f8verne kunne knapt v\u00e6rt bedre \u2013 med vindstille, str\u00e5lende solskinn og kald sn\u00f8.<\/p>\n<p>Landslagets st\u00f8rste profil, Birk Ruud, var f\u00f8rst ut i ilden og \u00e5pnet kvalifiseringa med et smell. I f\u00f8rste run ble han bel\u00f8nnet med 81,75 poeng av dommerne. Dermed var standarden for resten av kvalifiseringa satt.<\/p>\n<p>Etter solide prestasjoner i de to siste verdenscuprennene var det Schjerve som sto klar p\u00e5 toppen av OL-l\u00f8ypa med startnummer ni.<\/p>\n<p>Fokusert satte han i gang og leverte solid i starten av l\u00f8ypa, men et fall mot slutten \u00f8dela f\u00f8rste run \u2013 og Schjerve kj\u00f8rte inn til 22,88 poeng.<\/p>\n<p>\u2013 Det er synd, for toppseksjonen er up\u00e5klagelig. Det er teknisk bra, og s\u00e5 ryker det dessverre, konstaterte NRK-kommentatorene.<\/p>\n<p>   <img decoding=\"async\" width=\"1642\" height=\"950\" fetchpriority=\"low\"  loading=\"lazy\"  src=\"https:\/\/www.europesays.com\/no\/wp-content\/uploads\/2026\/02\/Skjermbilde+2026-02-07+kl.+15.21.31.png\" alt=\"\" class=\"brick-c-cFOWSL\" style=\"--brick-image-ratio: 1642 \/ 950;\"\/><\/p>\n<p>      NERVEPIRRENDE: Sebastian Schjerve falt i f\u00f8rste run, men leverte sterk kj\u00f8ring da det gjaldt som mest. Det holdt til 67,63 poeng \u2013 akkurat nok til OL-finale.<br \/>\n      Foto: Skjermdump, NRK\n    <\/p>\n<p>  Videre med n\u00f8dskrik<\/p>\n<p>Det sendte 25-\u00e5ringen langt ned p\u00e5 resultatlista, og landslagsut\u00f8veren hadde dermed kniven p\u00e5 strupen og var avhengig av et sterkt siste run for \u00e5 holde finaleh\u00e5pet i live.<\/p>\n<p>\u2013 N\u00e5 er det samling p\u00e5 samfunnshuset i Namsos, med b\u00e5de far og bestefar, regner jeg med, sa NRK-kommentatoren f\u00f8r Schjerve satte utfor.<\/p>\n<p>I det siste fors\u00f8ket leverte namsosingen solid kj\u00f8ring da det gjaldt som mest og ble bel\u00f8nnet med 67,63 poeng av dommerne. Det holdt til 10.-plass, alts\u00e5 akkurat innenfor topp 12.<\/p>\n<p>\u2013 Jeg er veldig forn\u00f8yd med runnet mitt. Jeg bare gikk opp der og fikk det ned. Men det var lange minutter \u00e5 vente, sier Schjerve til NRK.<\/p>\n<p>P\u00e5 sidelinja m\u00e5tte nemlig Schjerve vente og se resten av feltet gj\u00f8re sine fors\u00f8k, vel vitende om at hvert run kunne vippe ham ut av kampen om finalebilletten.<\/p>\n<p>\u2013 Det var \u00abunreal\u00bb. Jeg tror jeg s\u00e5 24 runs som kunne g\u00e5tt forbi. Det var mange, men sykt digg at det holdt, forteller namsosingen til kanalen.<\/p>\n<p>Da konkurrent etter konkurrent mislyktes i \u00e5 passere ham, kunne jubelen endelig slippes l\u00f8s \u2013 Sebastian Schjerve er klar for OL-finale sammen med lagkameratene Birk Ruud og Tormod Frostad.<\/p>\n<p>Ruud og Frostad utgjorde f\u00f8rste- og andreplass, mens svenske Jesper Tjader fullf\u00f8rte pallen.<\/p>\n<p>   <img decoding=\"async\" width=\"915\" height=\"1242\" fetchpriority=\"low\"  loading=\"lazy\"  src=\"https:\/\/www.europesays.com\/no\/wp-content\/uploads\/2026\/02\/image_26064513-2D5A-4410-8726-2B4A6DB1712F_1770481108.jpeg\" alt=\"\" class=\"brick-c-cFOWSL\" style=\"--brick-image-ratio: 915 \/ 1242;\"\/><\/p>\n<p>      HEIAGJENGEN: Det var stor jubel blant Sebastians heiagjeng etter OL-kvaliken som sikret namsosingen finalebillett. P\u00e5 bildet: Johan Schjerve, Sebastian Schjerve, Sanna Schjerve, Line Borkmo, Jan K\u00e5re Skarland og Ragnhild Berg Skarland.<br \/>\n      Foto: Privat\n    <\/p>\n<p>  \u2013 N\u00e5 er det \u00aball in\u00bb<\/p>\n<p>Sebastian Schjerve er blant 80 norske ut\u00f8vere som kjemper om medaljer i det som er namsosingens f\u00f8rste OL-deltakelse i karrieren.<\/p>\n<p>Finalene i herrenes slopestyle finner sted tirsdag klokka 12.30.<\/p>\n<p>\u2013 N\u00e5 er det \u00aball in\u00bb. I finalen er det tre runs, og da er det bare \u00e5 gunne p\u00e5. Gj\u00f8re om litt p\u00e5 runnet, bruke dagene f\u00f8r finalen godt \u2013 s\u00e5 blir det helt konge, sier Schjerve.<\/p>\n<p>Neste helg, s\u00f8ndag 15. februar, er det duket for kvalifisering i big air for Schjerve og resten av det norske freeski-landslaget.<\/p>\n<p>  <a href=\"https:\/\/www.namdalsavisa.no\/5-121-1532978\" class=\"related-teaser has-image default-story-teaser article--c-eRUmMG article--c-eRUmMG-jKCPdD-design-default\" rel=\"nofollow noopener\" target=\"_blank\"><\/p>\n<p>    <img decoding=\"async\" loading=\"lazy\"  src=\"https:\/\/www.europesays.com\/no\/wp-content\/uploads\/2026\/02\/image_1C8A2581-885B-49C8-BEFF-78C7B06F8CC7_1770457127_1.jpeg\" alt=\"\" class=\"brick-c-cFOWSL\" style=\"\"\/><\/p>\n<p>\n            Les ogs\u00e5<\/p>\n<p>              Kom fram etter over ett d\u00f8gn: \u2013 Alt var borte\n        <\/p>\n<p>  <\/a><\/p>\n<p>  <a href=\"https:\/\/www.namdalsavisa.no\/5-121-1532327\" class=\"related-teaser has-image default-feature-teaser article--c-eRUmMG article--c-eRUmMG-jKCPdD-design-default\" rel=\"nofollow noopener\" target=\"_blank\"><\/p>\n<p>    <img decoding=\"async\" loading=\"lazy\"  src=\"https:\/\/www.europesays.com\/no\/wp-content\/uploads\/2026\/02\/sebastian03.JPG\" alt=\"\" class=\"brick-c-cFOWSL\" style=\"\"\/><\/p>\n<p>\n            Les ogs\u00e5<\/p>\n<p>              Sebastians OL-historie startet egentlig da han lurte l\u00e6reren i 2014\n        <\/p>\n<p>  <\/a><\/p>\n<p>  <a href=\"https:\/\/www.namdalsavisa.no\/5-121-1531734\" class=\"related-teaser has-image default-story-teaser article--c-eRUmMG article--c-eRUmMG-jKCPdD-design-default\" rel=\"nofollow noopener\" target=\"_blank\"><\/p>\n<p>    <img decoding=\"async\" loading=\"lazy\"  src=\"https:\/\/www.europesays.com\/no\/wp-content\/uploads\/2026\/02\/1770487870_307_unnamed.jpg\" alt=\"\" class=\"brick-c-cFOWSL\" style=\"\"\/><\/p>\n<p>\n            Les ogs\u00e5<\/p>\n<p>              Frida (22) tar pause fra medisinstudier i Polen for \u00e5 f\u00f8lge kj\u00e6resten\n        <\/p>\n<p>  <\/a><\/p>\n<p>  <a href=\"https:\/\/www.namdalsavisa.no\/5-121-1531748\" class=\"related-teaser has-image default-opinion-teaser article--c-eRUmMG article--c-eRUmMG-jKCPdD-design-default\" rel=\"nofollow noopener\" target=\"_blank\"><\/p>\n<p>    <img decoding=\"async\" loading=\"lazy\"  src=\"https:\/\/www.europesays.com\/no\/wp-content\/uploads\/2026\/02\/doc04593320260204102901_001.jpg\" alt=\"\" class=\"brick-c-cFOWSL\" style=\"\"\/><\/p>\n<p>\n            Les ogs\u00e5<\/p>\n<p>              Pusterommet vi trenger \u2013 selv n\u00e5r verden sporer av\n        <\/p>\n<p>  <\/a><\/p>\n","protected":false},"excerpt":{"rendered":"LIVIGNO: Han har levert en rekke sterke prestasjoner i verdenscupen, deltatt i VM fire ganger og vunnet kongepokalen&hellip;\n","protected":false},"author":2,"featured_media":157630,"comment_status":"","ping_status":"","sticky":false,"template":"","format":"standard","meta":{"footnotes":"","_share_on_mastodon":"0"},"categories":[59],"tags":[36,16743,30,28,29,10469,17080,83,82,1510],"class_list":["post-157629","post","type-post","status-publish","format-standard","has-post-thumbnail","category-sport","tag-art","tag-freeski","tag-no","tag-norge","tag-norway","tag-ol-2026","tag-sebastian-schjerve","tag-sport","tag-sports","tag-story"],"share_on_mastodon":{"url":"https:\/\/pubeurope.com\/@no\/116030700484727137","error":""},"_links":{"self":[{"href":"https:\/\/www.europesays.com\/no\/wp-json\/wp\/v2\/posts\/157629","targetHints":{"allow":["GET"]}}],"collection":[{"href":"https:\/\/www.europesays.com\/no\/wp-json\/wp\/v2\/posts"}],"about":[{"href":"https:\/\/www.europesays.com\/no\/wp-json\/wp\/v2\/types\/post"}],"author":[{"embeddable":true,"href":"https:\/\/www.europesays.com\/no\/wp-json\/wp\/v2\/users\/2"}],"replies":[{"embeddable":true,"href":"https:\/\/www.europesays.com\/no\/wp-json\/wp\/v2\/comments?post=157629"}],"version-history":[{"count":0,"href":"https:\/\/www.europesays.com\/no\/wp-json\/wp\/v2\/posts\/157629\/revisions"}],"wp:featuredmedia":[{"embeddable":true,"href":"https:\/\/www.europesays.com\/no\/wp-json\/wp\/v2\/media\/157630"}],"wp:attachment":[{"href":"https:\/\/www.europesays.com\/no\/wp-json\/wp\/v2\/media?parent=157629"}],"wp:term":[{"taxonomy":"category","embeddable":true,"href":"https:\/\/www.europesays.com\/no\/wp-json\/wp\/v2\/categories?post=157629"},{"taxonomy":"post_tag","embeddable":true,"href":"https:\/\/www.europesays.com\/no\/wp-json\/wp\/v2\/tags?post=157629"}],"curies":[{"name":"wp","href":"https:\/\/api.w.org\/{rel}","templated":true}]}}