{"id":15770,"date":"2025-08-23T07:27:15","date_gmt":"2025-08-23T07:27:15","guid":{"rendered":"https:\/\/www.europesays.com\/no\/15770\/"},"modified":"2025-08-23T07:27:15","modified_gmt":"2025-08-23T07:27:15","slug":"stort-jordras-over-vei-i-troms-hytte-berort","status":"publish","type":"post","link":"https:\/\/www.europesays.com\/no\/15770\/","title":{"rendered":"Stort jordras over vei i Troms \u2013 hytte ber\u00f8rt"},"content":{"rendered":"\n<p class=\"_lead_1bvmi_2 _lead_xtcu6_50 layout-component text-serif-m layout-normal text-serif-l layout-component layout-wide layout-padded _wide_17hqh_1 layout-padded\">Et 50\u201360 meter bredt jordras har g\u00e5tt over en vei p\u00e5 And\u00f8rja i Troms. Ingen er s\u00e5 langt meldt savnet, men en fritidsbolig skal v\u00e6re ber\u00f8rt, if\u00f8lge politiet<\/p>\n<ul aria-hidden=\"true\" class=\"_images_1y6fe_106\">\n<li><a class=\"_link_1y6fe_111\" href=\"https:\/\/www.vg.no\/forfatter\/ntb\" style=\"z-index:1\" title=\"NTB\" rel=\"nofollow noopener\" target=\"_blank\"><img alt=\"Bilde av NTB\" class=\"_image_1y6fe_88\" fetchpriority=\"low\" loading=\"lazy\" decoding=\"async\" itemprop=\"image\"  src=\"https:\/\/www.europesays.com\/no\/wp-content\/uploads\/2025\/08\/1755934035_133_c33980b0-5d07-4027-84a1-813f90a7c8d6\"  width=\"480\"\/><\/a><\/li>\n<\/ul>\n<p> Oppdatert l\u00f8rdag 23. august kl. 03:24     <\/p>\n<p class=\"_paragraph_1bvmi_4 _paragraph_xtcu6_10 layout-component text-serif-m layout-normal text-serif-m layout-padded\"><a href=\"https:\/\/www.vg.no\/tag\/troms?utm_source=vg-article&amp;utm_medium=auto-tagger&amp;utm_campaign=xmL80V\" class=\"_link_1bvmi_39\" rel=\"nofollow noopener\" target=\"_blank\">Troms<\/a> politidistrikt meldte om raset rett etter midnatt natt til l\u00f8rdag.<\/p>\n<p class=\"_paragraph_1bvmi_4 _paragraph_xtcu6_10 layout-component text-serif-m layout-normal text-serif-m layout-padded\">If\u00f8lge\u00a0<a href=\"https:\/\/www.vegvesen.no\/trafikk\/kart#\/tra\/NPRA_HBT_22-08-2025.135581?lat=68.88416&amp;lng=17.37201&amp;zoom=10&amp;layer=fer,tra,ctv,tfl\" class=\"_link_1bvmi_39\" rel=\"nofollow noopener\" target=\"_blank\">Vegtrafikksentralen<\/a>\u00a0har raset g\u00e5tt nord om And\u00f8rja, den ene av to \u00f8yer som utgj\u00f8r Ibestad kommune. Det har rammet fylkesvei 7804 i n\u00e6rheten av \u00c5rbostad. Veien er stengt.<\/p>\n<p class=\"_paragraph_1bvmi_4 _paragraph_xtcu6_10 layout-component text-serif-m layout-normal text-serif-m layout-padded\">\u2013 Det er g\u00e5tt et jordras over vei. En fritidsbolig skal v\u00e6re ber\u00f8rt, men vi har forel\u00f8pig ikke informasjon om hvor omfattende det er. Ingen er forel\u00f8pig meldt savnet, skrev operasjonsleder Robin \u00c5sheim Lindberg i politiloggen.<\/p>\n<p class=\"_paragraph_1bvmi_4 _paragraph_xtcu6_10 layout-component text-serif-m layout-normal text-serif-m layout-padded\">If\u00f8lge politiet har raset startet i fjellsiden, og personen som meldte ifra opplyser at det er 50-60 meter bredt.<\/p>\n<p class=\"_paragraph_1bvmi_4 _paragraph_xtcu6_10 layout-component text-serif-m layout-normal text-serif-m layout-padded\">\u2013 Politi og brannvesen har v\u00e6rt i kontakt med personer i omr\u00e5det. De har f\u00e5tt informasjon om raset. Ingen \u00f8nsker \u00e5 forlate omr\u00e5det, skriver operasjonslederen i en oppdatering.<\/p>\n<p class=\"_paragraph_1bvmi_4 _paragraph_xtcu6_10 layout-component text-serif-m layout-normal text-serif-m layout-padded\">Det vil mandag komme en geolog for vurdering.<\/p>\n","protected":false},"excerpt":{"rendered":"Et 50\u201360 meter bredt jordras har g\u00e5tt over en vei p\u00e5 And\u00f8rja i Troms. Ingen er s\u00e5 langt&hellip;\n","protected":false},"author":2,"featured_media":15771,"comment_status":"","ping_status":"","sticky":false,"template":"","format":"standard","meta":{"footnotes":""},"categories":[10],"tags":[20,21,24,25,15,22,23,13,30,28,29,14,16,26,27,2409],"class_list":{"0":"post-15770","1":"post","2":"type-post","3":"status-publish","4":"format-standard","5":"has-post-thumbnail","7":"category-norge","8":"tag-breaking-news","9":"tag-breakingnews","10":"tag-featured-news","11":"tag-featurednews","12":"tag-headlines","13":"tag-latest-news","14":"tag-latestnews","15":"tag-news","16":"tag-no","17":"tag-norge","18":"tag-norway","19":"tag-nyheter","20":"tag-overskrifter","21":"tag-top-stories","22":"tag-topstories","23":"tag-troms"},"share_on_mastodon":{"url":"","error":""},"_links":{"self":[{"href":"https:\/\/www.europesays.com\/no\/wp-json\/wp\/v2\/posts\/15770","targetHints":{"allow":["GET"]}}],"collection":[{"href":"https:\/\/www.europesays.com\/no\/wp-json\/wp\/v2\/posts"}],"about":[{"href":"https:\/\/www.europesays.com\/no\/wp-json\/wp\/v2\/types\/post"}],"author":[{"embeddable":true,"href":"https:\/\/www.europesays.com\/no\/wp-json\/wp\/v2\/users\/2"}],"replies":[{"embeddable":true,"href":"https:\/\/www.europesays.com\/no\/wp-json\/wp\/v2\/comments?post=15770"}],"version-history":[{"count":0,"href":"https:\/\/www.europesays.com\/no\/wp-json\/wp\/v2\/posts\/15770\/revisions"}],"wp:featuredmedia":[{"embeddable":true,"href":"https:\/\/www.europesays.com\/no\/wp-json\/wp\/v2\/media\/15771"}],"wp:attachment":[{"href":"https:\/\/www.europesays.com\/no\/wp-json\/wp\/v2\/media?parent=15770"}],"wp:term":[{"taxonomy":"category","embeddable":true,"href":"https:\/\/www.europesays.com\/no\/wp-json\/wp\/v2\/categories?post=15770"},{"taxonomy":"post_tag","embeddable":true,"href":"https:\/\/www.europesays.com\/no\/wp-json\/wp\/v2\/tags?post=15770"}],"curies":[{"name":"wp","href":"https:\/\/api.w.org\/{rel}","templated":true}]}}