{"id":1578,"date":"2025-08-07T12:54:08","date_gmt":"2025-08-07T12:54:08","guid":{"rendered":"https:\/\/www.europesays.com\/no\/1578\/"},"modified":"2025-08-07T12:54:08","modified_gmt":"2025-08-07T12:54:08","slug":"solveig-birgit-herstad-66-ble-drept-i-skiptvet","status":"publish","type":"post","link":"https:\/\/www.europesays.com\/no\/1578\/","title":{"rendered":"Solveig Birgit Herstad (66) ble drept i Skiptvet"},"content":{"rendered":"\n<p class=\"_paragraph_1bvmi_4 _paragraph_xtcu6_10 layout-component text-serif-m layout-normal text-serif-m layout-padded\">Mandag morgen bekreftet politiet at en 40 \u00e5r gammel mann var p\u00e5grepet og siktet for drap etter at 66 \u00e5r gamle Solveig Birgit Herstad d\u00f8de<a href=\"https:\/\/www.vg.no\/tag\/skiptvet?utm_source=vg-article&amp;utm_medium=auto-tagger&amp;utm_campaign=4B2jqG\" class=\"_link_1bvmi_39\" rel=\"nofollow noopener\" target=\"_blank\"> i Skiptvet <\/a>i Indre \u00d8stfold.<\/p>\n<p class=\"_paragraph_1bvmi_4 _paragraph_xtcu6_10 layout-component text-serif-m layout-normal text-serif-m layout-padded\">\u2013 De p\u00e5r\u00f8rende er varslet om at navnet frigis, opplyser politiet til VG. <\/p>\n<p class=\"_paragraph_1bvmi_4 _paragraph_xtcu6_10 layout-component text-serif-m layout-normal layout-padded\"><strong class=\"_strong_1bvmi_25\">Les ogs\u00e5:<\/strong> <a href=\"https:\/\/www.vg.no\/i\/4B2jqG\" data-track-element-type=\"Link\" data-track-id=\"link:4B2jqG\" class=\"_link_1bvmi_39\" rel=\"nofollow noopener\" target=\"_blank\">Siktede erkjenner ikke straffskyld etter p\u00e5kj\u00f8rselen i Skiptvet \u2013 varetektsfengsles i fire uker<\/a><\/p>\n<p>Rykket ut til en stj\u00e5let bil<\/p>\n<p class=\"_paragraph_1bvmi_4 _paragraph_xtcu6_10 layout-component text-serif-m layout-normal text-serif-m layout-padded\">Natt til mandag fikk politiet melding om en stj\u00e5let bil i Skiptvet. N\u00e5r politiet da kom til stedet fant til Herstad liggende ur\u00f8rlig p\u00e5 bakken. <\/p>\n<p class=\"_paragraph_1bvmi_4 _paragraph_xtcu6_10 layout-component text-serif-m layout-normal text-serif-m layout-padded\">Hun var da kontaktbar og oppga da navnet p\u00e5 personen som hadde kj\u00f8rt p\u00e5 henne. Det ble da utf\u00f8rt f\u00f8rstehjelp p\u00e5 henne, men Herstad ble erkl\u00e6rt d\u00f8d p\u00e5 stedet. <\/p>\n<p class=\"_paragraph_1bvmi_4 _paragraph_xtcu6_10 layout-component text-serif-m layout-normal text-serif-m layout-padded\">Like etterp\u00e5 ble s\u00f8nnen hennes p\u00e5grepet. <\/p>\n<p class=\"_paragraph_1bvmi_4 _paragraph_xtcu6_10 layout-component text-serif-m layout-normal text-serif-m layout-padded\">Tirsdag ble mannen i 40-\u00e5rene fremstilt for fengsling. Han erkjente da ikke straffskyld. <\/p>\n<p class=\"_paragraph_1bvmi_4 _paragraph_xtcu6_10 layout-component text-serif-m layout-normal text-serif-m layout-padded\">\u2013 Det ble i dag gjennomf\u00f8rt avh\u00f8r av siktede og han erkjenner ikke straffskyld, sa politiadvokat Benedicte Granrud til VG.<\/p>\n<p class=\"_paragraph_1bvmi_4 _paragraph_xtcu6_10 layout-component text-serif-m layout-normal text-serif-m layout-padded\">Mannens forsvarer sa at mannen knytter seg til hendelsen, men nekter likevel straffskyld. <\/p>\n<p>       <img decoding=\"async\" alt=\"Tips oss illustrasjon\" width=\"62px\" height=\"auto\" src=\"https:\/\/www.europesays.com\/no\/wp-content\/uploads\/2025\/08\/1754571248_867_W9avJzE.png\"\/>    <\/p>\n<p class=\"title-serif-s\">Har du tips til oss?<\/p>\n<p class=\"text-sans-m\">Send oss informasjon, bilder eller video<\/p>\n<p>  <a href=\"https:\/\/www.vg.no\/tips-oss\" rel=\"nofollow noopener\" target=\"_blank\"> Tips oss <\/a>      <\/p>\n","protected":false},"excerpt":{"rendered":"Mandag morgen bekreftet politiet at en 40 \u00e5r gammel mann var p\u00e5grepet og siktet for drap etter at&hellip;\n","protected":false},"author":2,"featured_media":1579,"comment_status":"","ping_status":"","sticky":false,"template":"","format":"standard","meta":{"footnotes":""},"categories":[10],"tags":[31,20,21,24,25,15,22,23,13,30,28,29,14,16,26,27],"class_list":{"0":"post-1578","1":"post","2":"type-post","3":"status-publish","4":"format-standard","5":"has-post-thumbnail","7":"category-norge","8":"tag-breaking","9":"tag-breaking-news","10":"tag-breakingnews","11":"tag-featured-news","12":"tag-featurednews","13":"tag-headlines","14":"tag-latest-news","15":"tag-latestnews","16":"tag-news","17":"tag-no","18":"tag-norge","19":"tag-norway","20":"tag-nyheter","21":"tag-overskrifter","22":"tag-top-stories","23":"tag-topstories"},"share_on_mastodon":{"url":"","error":""},"_links":{"self":[{"href":"https:\/\/www.europesays.com\/no\/wp-json\/wp\/v2\/posts\/1578","targetHints":{"allow":["GET"]}}],"collection":[{"href":"https:\/\/www.europesays.com\/no\/wp-json\/wp\/v2\/posts"}],"about":[{"href":"https:\/\/www.europesays.com\/no\/wp-json\/wp\/v2\/types\/post"}],"author":[{"embeddable":true,"href":"https:\/\/www.europesays.com\/no\/wp-json\/wp\/v2\/users\/2"}],"replies":[{"embeddable":true,"href":"https:\/\/www.europesays.com\/no\/wp-json\/wp\/v2\/comments?post=1578"}],"version-history":[{"count":0,"href":"https:\/\/www.europesays.com\/no\/wp-json\/wp\/v2\/posts\/1578\/revisions"}],"wp:featuredmedia":[{"embeddable":true,"href":"https:\/\/www.europesays.com\/no\/wp-json\/wp\/v2\/media\/1579"}],"wp:attachment":[{"href":"https:\/\/www.europesays.com\/no\/wp-json\/wp\/v2\/media?parent=1578"}],"wp:term":[{"taxonomy":"category","embeddable":true,"href":"https:\/\/www.europesays.com\/no\/wp-json\/wp\/v2\/categories?post=1578"},{"taxonomy":"post_tag","embeddable":true,"href":"https:\/\/www.europesays.com\/no\/wp-json\/wp\/v2\/tags?post=1578"}],"curies":[{"name":"wp","href":"https:\/\/api.w.org\/{rel}","templated":true}]}}