{"id":15804,"date":"2025-08-23T08:12:48","date_gmt":"2025-08-23T08:12:48","guid":{"rendered":"https:\/\/www.europesays.com\/no\/15804\/"},"modified":"2025-08-23T08:12:48","modified_gmt":"2025-08-23T08:12:48","slug":"pa-tv-kjendis-slutt-for-tasen-solveig-ingen-planer-om-ny-sesong","status":"publish","type":"post","link":"https:\/\/www.europesays.com\/no\/15804\/","title":{"rendered":"P\u00e5 TV, Kjendis | Slutt for T\u00e5sen-Solveig: \u2013 Ingen planer om ny sesong"},"content":{"rendered":"\n<p><a href=\"https:\/\/www.tv2.no\/underholdning\/stopp-for-norske-talenter\/18018039\/\" rel=\"nofollow noopener\" target=\"_blank\">Til TV 2 <\/a> opplyser Warner Bros Discovery at de ikke har planlagt noen ny sesong med det f\u00f8rste.<\/p>\n<p>\u2013 Det er forel\u00f8pig ingen planer om noen ny sesong av \u00abNorske Talenter\u00bb, sier kommunikasjonsr\u00e5dgiver i Warner Bros Discovery, Ola-Magnus Svihus.<\/p>\n<p>Han vil ikke kommentere hvorfor det ikke blir noen ny sesong n\u00e5. Han avviser likevel ikke at programmet kan returnere p\u00e5 et senere tidspunkt.<\/p>\n<p>I 2024 var det dansegruppen Jump Crew som vant \u00abNorske Talenter\u00bb, der programleder var T\u00e5sen-beboer Solveig Kloppen. Dommerpanelet besto av Stian Blipp, Julie Bergan, Hkeem og Silya Nymoen.<\/p>\n<p>\u00abNorske Talenter\u00bb ble i \u00e5rene 2008 til 2010 vist p\u00e5 TV 2, mens TVNorge overtok fra h\u00f8sten 2023.<\/p>\n<p>\n    ]]><\/p>\n<p>    Vil du se neste video?<\/p>\n<p>    <a href=\"https:\/\/www.nab.no\/nordre-aker-budstikke-sjekker-ut-kaffeprisene-i-bydelen\/v\/5-143-579463\" class=\"recommend-poster\" data-adp-clicklabel=\"video-recommend\" data-adp-clickvalue=\"poster\" rel=\"nofollow noopener\" target=\"_blank\"><br \/>\n      <img decoding=\"async\" width=\"200\" height=\"200\" loading=\"lazy\" src=\"https:\/\/www.europesays.com\/no\/wp-content\/uploads\/2025\/08\/v-i-18f9f73d-8131-45a3-bf75-ce5a8efce117-1.jpg\" alt=\"\" class=\"brick-c-cFOWSL\" style=\"--brick-image-ratio: 200 \/ 200;\"\/><\/p>\n<p>Nordre Aker Budstikke sjekker ut kaffeprisene i bydelen0:41<\/p>\n<p>    <\/a><\/p>\n<p>        Solveig Kloppens s\u00f8nn er russ p\u00e5 Blindern Videreg\u00e5ende i \u00e5r. Kloppen h\u00e5per s\u00f8nnen tar gode valg.<\/p>\n<p>  <a href=\"https:\/\/www.nab.no\/5-143-553989\" class=\"related-teaser has-image default-story-teaser article--c-eRUmMG article--c-eRUmMG-jKCPdD-design-default\" rel=\"nofollow noopener\" target=\"_blank\"><\/p>\n<p>    <img decoding=\"async\" loading=\"lazy\"  src=\"https:\/\/www.europesays.com\/no\/wp-content\/uploads\/2025\/08\/IMG_9609.JPG\" alt=\"\" class=\"brick-c-cFOWSL\" style=\"\"\/><\/p>\n<p>\n            Les ogs\u00e5<\/p>\n<p>              TV-profil spent: \u2013 Man kan si masse om russebusser\n        <\/p>\n<p>  <\/a><\/p>\n<p>  <a href=\"https:\/\/www.nab.no\/5-143-524577\" class=\"related-teaser has-image default-story-teaser article--c-eRUmMG article--c-eRUmMG-jKCPdD-design-default\" rel=\"nofollow noopener\" target=\"_blank\"><\/p>\n<p>    <img decoding=\"async\" loading=\"lazy\"  src=\"https:\/\/www.europesays.com\/no\/wp-content\/uploads\/2025\/08\/IMG_2654.jpg\" alt=\"\" class=\"brick-c-cFOWSL\" style=\"\"\/><\/p>\n<p>\n            Les ogs\u00e5<\/p>\n<p>              Tradisjonen sto i fare for \u00e5 ryke: \u2013 Ville v\u00e6rt en liten hageby-skandale\n        <\/p>\n<p>  <\/a><\/p>\n<p>Les mer om: artikkelemnene<\/p>\n","protected":false},"excerpt":{"rendered":"Til TV 2 opplyser Warner Bros Discovery at de ikke har planlagt noen ny sesong med det f\u00f8rste.&hellip;\n","protected":false},"author":2,"featured_media":15805,"comment_status":"","ping_status":"","sticky":false,"template":"","format":"standard","meta":{"footnotes":""},"categories":[58],"tags":[36,71,479,30,28,2983,29,2981,2982,1510,837,72],"class_list":{"0":"post-15804","1":"post","2":"type-post","3":"status-publish","4":"format-standard","5":"has-post-thumbnail","7":"category-underholdning","8":"tag-art","9":"tag-entertainment","10":"tag-kjendis","11":"tag-no","12":"tag-norge","13":"tag-norske-talenter","14":"tag-norway","15":"tag-pa-tv","16":"tag-solveig-kloppen","17":"tag-story","18":"tag-tasen","19":"tag-underholdning"},"share_on_mastodon":{"url":"","error":""},"_links":{"self":[{"href":"https:\/\/www.europesays.com\/no\/wp-json\/wp\/v2\/posts\/15804","targetHints":{"allow":["GET"]}}],"collection":[{"href":"https:\/\/www.europesays.com\/no\/wp-json\/wp\/v2\/posts"}],"about":[{"href":"https:\/\/www.europesays.com\/no\/wp-json\/wp\/v2\/types\/post"}],"author":[{"embeddable":true,"href":"https:\/\/www.europesays.com\/no\/wp-json\/wp\/v2\/users\/2"}],"replies":[{"embeddable":true,"href":"https:\/\/www.europesays.com\/no\/wp-json\/wp\/v2\/comments?post=15804"}],"version-history":[{"count":0,"href":"https:\/\/www.europesays.com\/no\/wp-json\/wp\/v2\/posts\/15804\/revisions"}],"wp:featuredmedia":[{"embeddable":true,"href":"https:\/\/www.europesays.com\/no\/wp-json\/wp\/v2\/media\/15805"}],"wp:attachment":[{"href":"https:\/\/www.europesays.com\/no\/wp-json\/wp\/v2\/media?parent=15804"}],"wp:term":[{"taxonomy":"category","embeddable":true,"href":"https:\/\/www.europesays.com\/no\/wp-json\/wp\/v2\/categories?post=15804"},{"taxonomy":"post_tag","embeddable":true,"href":"https:\/\/www.europesays.com\/no\/wp-json\/wp\/v2\/tags?post=15804"}],"curies":[{"name":"wp","href":"https:\/\/api.w.org\/{rel}","templated":true}]}}