{"id":15814,"date":"2025-08-23T08:25:07","date_gmt":"2025-08-23T08:25:07","guid":{"rendered":"https:\/\/www.europesays.com\/no\/15814\/"},"modified":"2025-08-23T08:25:07","modified_gmt":"2025-08-23T08:25:07","slug":"lindvik-og-forfang-inngar-forlik-med-fis-aksepterer-tre-maneders-utestengelse","status":"publish","type":"post","link":"https:\/\/www.europesays.com\/no\/15814\/","title":{"rendered":"Lindvik og Forfang inng\u00e5r forlik med FIS \u2013 aksepterer tre m\u00e5neders utestengelse"},"content":{"rendered":"\n<p class=\"_lead_1bvmi_2 _lead_xtcu6_50 layout-component text-serif-m layout-normal text-serif-l layout-component layout-wide layout-padded _wide_17hqh_1 layout-padded\">Det bekrefter det internasjonale forbundet.<\/p>\n<p><img alt=\" Foto: Bj\u00f8rn S. Delebekk \/ VG\" class=\"_image_qp4xg_65 layout-component layout-wide\" data-fullscreen- data-track-element-type=\"Article image fullscreen\" data-track-name=\"ImageFullscreen\" fetchpriority=\"high\" decoding=\"sync\" loading=\"eager\" height=\"5504\" itemprop=\"image\"  src=\"https:\/\/www.europesays.com\/no\/wp-content\/uploads\/2025\/08\/0f7bd75f-d65e-4e3f-aef2-2e727e714228\"  style=\"object-position:0% 0%\" width=\"8256\"\/> Foto: Bj\u00f8rn S. Delebekk \/ VG<\/p>\n<ul aria-hidden=\"true\" class=\"_images_1y6fe_106\">\n<li><a class=\"_link_1y6fe_111\" href=\"https:\/\/www.vg.no\/forfatter\/jens-friberg\" style=\"z-index:1\" title=\"Jens Friberg\" rel=\"nofollow noopener\" target=\"_blank\"><img alt=\"Bilde av Jens Friberg\" class=\"_image_1y6fe_88\" fetchpriority=\"low\" loading=\"lazy\" decoding=\"async\" itemprop=\"image\"  src=\"https:\/\/www.europesays.com\/no\/wp-content\/uploads\/2025\/08\/1755937507_413_d5a4433c-4b68-4c86-a3bf-a19d98457272\"  width=\"480\"\/><\/a><\/li>\n<\/ul>\n<p> Oppdatert l\u00f8rdag 23. august kl. 10:13     <\/p>\n<p class=\"_paragraph_1bvmi_4 _paragraph_xtcu6_10 layout-component text-serif-m layout-normal text-serif-m layout-padded\">11. august kommuniserte forbundet at de \u00f8nsket \u00e5 utestenge de to norske hopperne i tre m\u00e5neder.<\/p>\n<p class=\"_paragraph_1bvmi_4 _paragraph_xtcu6_10 layout-component text-serif-m layout-normal text-serif-m layout-padded\">N\u00e5 bekreftes det at akkurat dette er utfallet i <a href=\"https:\/\/www.fis-ski.com\/inside-fis\/news\/2025-26\/ski-jumping-update-from-fis-ethics-committee\" class=\"_link_1bvmi_39\" rel=\"nofollow noopener\" target=\"_blank\">en pressemelding fra det internasjonale skiforbundet<\/a>. Nyheten ble f\u00f8rst omtalt av <a href=\"https:\/\/www.nrk.no\/sport\/marius-lindvik-og-johann-andre-forfang-inngar-forlik-med-fis---aksepterer-utestengelse-1.17538565\" class=\"_link_1bvmi_39\" rel=\"nofollow noopener\" target=\"_blank\">NRK<\/a> i Norge.<\/p>\n<p class=\"_paragraph_1bvmi_4 _paragraph_xtcu6_10 layout-component text-serif-m layout-normal text-serif-m layout-padded\">Utestengelsen gjelder fra 23. august og kommer som f\u00f8lge av hoppskandalen under ski-VM i Trondheim. <\/p>\n<p class=\"_paragraph_1bvmi_4 _paragraph_xtcu6_10 layout-component text-serif-m layout-normal text-serif-m layout-padded\">Der kom det frem at det norske hopplandslaget hadde jukset med hoppdressene. Hoppledelsen erkjente at det var bevisst juks.<\/p>\n<p class=\"_paragraph_1bvmi_4 _paragraph_xtcu6_10 layout-component text-serif-m layout-normal text-serif-m layout-padded\">\u2013 Forliket mellom FIS og <a href=\"https:\/\/www.vg.no\/tag\/marius-lindvik?utm_source=vg-article&amp;utm_medium=auto-tagger&amp;utm_campaign=rPwldm\" class=\"_link_1bvmi_39\" rel=\"nofollow noopener\" target=\"_blank\">Marius Lindvik<\/a> og Johann Andr\u00e9 Forfang inneb\u00e6rer at regelbruddene er erkjent ved at ut\u00f8verne har akseptert at de hoppet med dresser som i ettertid viste seg \u00e5 ikke v\u00e6re i samsvar med gjeldende regelverk, alts\u00e5 det objektive ansvaret (ansvar uten skyld), skriver LO-advokat Anne-Lise H. Rolland i en e-post til <a href=\"https:\/\/www.nrk.no\/sport\/marius-lindvik-og-johann-andre-forfang-inngar-forlik-med-fis---aksepterer-utestengelse-1.17538565\" class=\"_link_1bvmi_39\" rel=\"nofollow noopener\" target=\"_blank\">NRK<\/a> p\u00e5 vegne av Lindvik og Forfang.<\/p>\n<p class=\"_paragraph_1bvmi_4 _paragraph_xtcu6_10 layout-component text-serif-m layout-normal text-serif-m layout-padded\">\u2013 De erkjenner ogs\u00e5 at de burde ha stilt sp\u00f8rsm\u00e5l om endringer som ble foretatt p\u00e5 dressene, og at unnlatelsen av dette inneb\u00e6rer et regelbrudd, fortsetter Rolland.<\/p>\n<p class=\"_paragraph_1bvmi_4 _paragraph_xtcu6_10 layout-component text-serif-m layout-normal text-serif-m layout-padded\">Lindvik og Forfang aksepterer ogs\u00e5 en bot p\u00e5 2.000 sveitsiske franc, om lag 25.000 norske kroner.<\/p>\n<p class=\"_paragraph_1bvmi_4 _paragraph_xtcu6_10 layout-component text-serif-m layout-normal text-serif-m layout-padded\">Tidligere har tre sentrale personer i st\u00f8tteapparatet inng\u00e5tt sluttavtaler med det norske skiforbundet. Trener Magnus Brevig, assistent Thomas Lobben og skredder Adrian Livelten har alle forlatt sine jobber.<\/p>\n","protected":false},"excerpt":{"rendered":"Det bekrefter det internasjonale forbundet. Foto: Bj\u00f8rn S. Delebekk \/ VG Oppdatert l\u00f8rdag 23. august kl. 10:13 11.&hellip;\n","protected":false},"author":2,"featured_media":15815,"comment_status":"","ping_status":"","sticky":false,"template":"","format":"standard","meta":{"footnotes":""},"categories":[59],"tags":[770,1489,899,30,28,29,83,82],"class_list":{"0":"post-15814","1":"post","2":"type-post","3":"status-publish","4":"format-standard","5":"has-post-thumbnail","7":"category-sport","8":"tag-hopp","9":"tag-johann-andre-forfang","10":"tag-marius-lindvik","11":"tag-no","12":"tag-norge","13":"tag-norway","14":"tag-sport","15":"tag-sports"},"share_on_mastodon":{"url":"","error":""},"_links":{"self":[{"href":"https:\/\/www.europesays.com\/no\/wp-json\/wp\/v2\/posts\/15814","targetHints":{"allow":["GET"]}}],"collection":[{"href":"https:\/\/www.europesays.com\/no\/wp-json\/wp\/v2\/posts"}],"about":[{"href":"https:\/\/www.europesays.com\/no\/wp-json\/wp\/v2\/types\/post"}],"author":[{"embeddable":true,"href":"https:\/\/www.europesays.com\/no\/wp-json\/wp\/v2\/users\/2"}],"replies":[{"embeddable":true,"href":"https:\/\/www.europesays.com\/no\/wp-json\/wp\/v2\/comments?post=15814"}],"version-history":[{"count":0,"href":"https:\/\/www.europesays.com\/no\/wp-json\/wp\/v2\/posts\/15814\/revisions"}],"wp:featuredmedia":[{"embeddable":true,"href":"https:\/\/www.europesays.com\/no\/wp-json\/wp\/v2\/media\/15815"}],"wp:attachment":[{"href":"https:\/\/www.europesays.com\/no\/wp-json\/wp\/v2\/media?parent=15814"}],"wp:term":[{"taxonomy":"category","embeddable":true,"href":"https:\/\/www.europesays.com\/no\/wp-json\/wp\/v2\/categories?post=15814"},{"taxonomy":"post_tag","embeddable":true,"href":"https:\/\/www.europesays.com\/no\/wp-json\/wp\/v2\/tags?post=15814"}],"curies":[{"name":"wp","href":"https:\/\/api.w.org\/{rel}","templated":true}]}}