{"id":158272,"date":"2026-02-08T14:53:09","date_gmt":"2026-02-08T14:53:09","guid":{"rendered":"https:\/\/www.europesays.com\/no\/158272\/"},"modified":"2026-02-08T14:53:09","modified_gmt":"2026-02-08T14:53:09","slug":"nedtur-for-norge-pa-blandet-stafett-maren-hjelmeset-kirkeeide-med-kjempesprekk","status":"publish","type":"post","link":"https:\/\/www.europesays.com\/no\/158272\/","title":{"rendered":"Nedtur for Norge p\u00e5 blandet stafett \u2013 Maren Hjelmeset Kirkeeide med kjempesprekk"},"content":{"rendered":"\n<p class=\"_lead_o9xde_2 _lead_6fko5_53 layout-component text-serif-m layout-normal text-serif-l layout-component layout-wide layout-padded _wide_17hqh_1 layout-padded\">OL-debutanten Maren Hjelmeset Kirkeeide (22) skj\u00f8t for medalje p\u00e5 siste skyting. Det ble et lite mareritt.  <\/p>\n<p><img alt=\"Maren Hjelmeset Kirkeeide p\u00e5 siste skyting. Foto: Pontus Lundahl \/ TT \/ NTB\" class=\"_image_qp4xg_65 layout-component layout-wide\" data-fullscreen- data-track-element-type=\"Article image fullscreen\" data-track-name=\"ImageFullscreen\" fetchpriority=\"high\" decoding=\"sync\" loading=\"eager\" height=\"4128\" itemprop=\"image\"  src=\"https:\/\/www.europesays.com\/no\/wp-content\/uploads\/2026\/02\/252f921e-632e-4ddd-96ed-4b96bf55dcf6.png\"  style=\"object-position:0% 0%\" width=\"6192\"\/>Maren Hjelmeset Kirkeeide p\u00e5 siste skyting. Foto: Pontus Lundahl \/ TT \/ NTB<\/p>\n<ul aria-hidden=\"true\" class=\"_images_ntbth_112\">\n<li><a class=\"_link_ntbth_117\" href=\"https:\/\/www.vg.no\/forfatter\/sindre-espe\" style=\"z-index:2\" title=\"Sindre Espe\" rel=\"nofollow noopener\" target=\"_blank\"><img alt=\"Bilde av Sindre Espe\" class=\"_image_ntbth_93\" fetchpriority=\"low\" loading=\"lazy\" decoding=\"async\" itemprop=\"image\"  src=\"https:\/\/www.europesays.com\/no\/wp-content\/uploads\/2026\/02\/1770562387_345_5d41d29b-af5f-421d-80e6-42e6d80fe76e.png\"  width=\"480\"\/><\/a><\/li>\n<li><a class=\"_link_ntbth_117\" href=\"https:\/\/www.vg.no\/forfatter\/synne-sofie-christiansen-2\" style=\"z-index:1\" title=\"Synne Sofie Christiansen\" rel=\"nofollow noopener\" target=\"_blank\"><img alt=\"Bilde av Synne Sofie Christiansen\" class=\"_image_ntbth_93\" fetchpriority=\"low\" loading=\"lazy\" decoding=\"async\" itemprop=\"image\"  src=\"https:\/\/www.europesays.com\/no\/wp-content\/uploads\/2026\/02\/8d683f6f-f2ba-47ca-8bcc-2db625b33cb1.jpeg\"  width=\"480\"\/><\/a><\/li>\n<\/ul>\n<p> Oppdatert s\u00f8ndag 8. februar kl. 15:44     <\/p>\n<p class=\"_paragraph_o9xde_4 _paragraph_6fko5_10 layout-component text-serif-m layout-normal text-serif-m layout-padded\">Maren Hjelmeset Kirkeeide kom inn p\u00e5 siste skyting sammen med Tyskland og Italia i skiskytternes f\u00f8rste \u00f8velse i vinter-OL, blandet stafettblandet stafettTo herrer og to kvinner p\u00e5 hvert lag.  Alle g\u00e5r seks kilometer lange etapper med to skytinger hver. . <\/p>\n<p class=\"_paragraph_o9xde_4 _paragraph_6fko5_10 layout-component text-serif-m layout-normal text-serif-m layout-padded\">Det endte med to strafferunder for stryningen. <\/p>\n<p class=\"_paragraph_o9xde_4 _paragraph_6fko5_10 layout-component text-serif-m layout-normal text-serif-m layout-padded\">\u2013 Hadde det v\u00e6rt et individuelt l\u00f8p hadde det g\u00e5tt fint, for da hadde det bare g\u00e5tt utover meg. N\u00e5r b\u00e5re Martin, Karoline og Vetle leverer s\u00e5 gode etapper og gir meg et s\u00e5 godt utgangspunkt, er det kjedelig at jeg \u00f8delegger for dem, sier en skuffet, men fattet Kirkeeide til NRK. <\/p>\n<p class=\"_paragraph_o9xde_4 _paragraph_6fko5_10 layout-component text-serif-m layout-normal text-serif-m layout-padded\">\u2013 Det er forferdelig tungt for Maren \u00e5 oppleve dette her, sier NRK-ekspert Ola Lunde. <\/p>\n<ul class=\"_gallery_1qa3s_23\" tabindex=\"0\">\n<li class=\"_item_1qa3s_37\" data-index=\"0\"><img decoding=\"async\" class=\"_image_foru8_23 _articleGallery_foru8_39\" data-fullscreen- width=\"3740\" height=\"2493\" itemprop=\"image\" loading=\"lazy\"  src=\"https:\/\/www.europesays.com\/no\/wp-content\/uploads\/2026\/02\/8e9b83ec-2dc3-4e97-83e8-3eeb75c8c848.jpeg\"  style=\"object-position:50% 50%;aspect-ratio:var(--gallery-aspect-ratio, 16 \/ 9)\"\/>Foto: FRANCK FIFE \/ AFP \/ NTB<\/li>\n<li class=\"_item_1qa3s_37\" data-index=\"1\"><img decoding=\"async\" class=\"_image_foru8_23 _articleGallery_foru8_39\" data-fullscreen- width=\"3517\" height=\"2345\" itemprop=\"image\" loading=\"lazy\"  src=\"https:\/\/www.europesays.com\/no\/wp-content\/uploads\/2026\/02\/9d8170cc-d4f1-439a-8fb7-5c1a74b57dcc.jpeg\"  style=\"object-position:50% 50%;aspect-ratio:var(--gallery-aspect-ratio, 16 \/ 9)\"\/>Foto: FRANCK FIFE \/ AFP \/ NTB<\/li>\n<li class=\"_item_1qa3s_37\" data-index=\"2\"><img decoding=\"async\" class=\"_image_foru8_23 _articleGallery_foru8_39\" data-fullscreen- width=\"6000\" height=\"4000\" itemprop=\"image\" loading=\"lazy\"  src=\"https:\/\/www.europesays.com\/no\/wp-content\/uploads\/2026\/02\/33691a77-895a-4200-a1e6-294d41cb9b7e.png\"  style=\"object-position:50% 50%;aspect-ratio:var(--gallery-aspect-ratio, 16 \/ 9)\"\/>Foto: MATHIAS BERGELD \/ Bildbyr\u00e5n<\/li>\n<\/ul>\n<p>Foto: FRANCK FIFE \/ AFP \/ NTB<\/p>\n<p class=\"_paragraph_o9xde_4 _paragraph_6fko5_10 layout-component text-serif-m layout-normal text-serif-m layout-padded\"><strong class=\"_strong_o9xde_25\">Norge \u2013 med Kirkeeide, Karoline Knotten, Martin Uldal og Vetle Sj\u00e5stad Christiansen \u2013 ble nummer fire, ett minutt og 37 sekunder bak suverene Frankrike.<\/strong><\/p>\n<p class=\"_paragraph_o9xde_4 _paragraph_6fko5_10 layout-component text-serif-m layout-normal text-serif-m layout-padded\">\u2013 Det skj\u00e6rer i hjertet at det ble oss, sier sambygdingen Johannes Thingnes B\u00f8 om at Norge ble nummer fire. <\/p>\n<p class=\"_paragraph_o9xde_4 _paragraph_6fko5_10 layout-component text-serif-m layout-normal text-serif-m layout-padded\">\u2013 P\u00e5 siste skyting var jeg veldig nerv\u00f8s for Maren. Hun var litt for rask p\u00e5 \u00e5 skyte f\u00f8rste skudd og s\u00e5 bommet hun, og plutselig blir det panikk. Det er t\u00f8ft, men s\u00e5nn er det, sier herretrener Siegfried Mazet til NRK.<\/p>\n<p class=\"_paragraph_o9xde_4 _paragraph_6fko5_10 layout-component text-serif-m layout-normal text-serif-m layout-padded\">Ut fra siste skyting var det 25 sekunder opp til bronsen og langt over minuttet opp til Italia p\u00e5 s\u00f8lvplass. <\/p>\n<p class=\"_paragraph_o9xde_4 _paragraph_6fko5_10 layout-component text-serif-m layout-normal text-serif-m layout-padded\"><strong class=\"_strong_o9xde_25\">Frankrikes ankerkvinne Julia Simon gjorde som hun ville og kontrollerte inn gullet for Frankrike. Italia tok s\u00f8lvet, Tyskland bronse. <\/strong><\/p>\n<p><img alt=\"SUVERENE: \u00c9ric Perrot, Lou Jeanmonnot, Julia Simon og Quentin Fillot Maillet tok gull for Frankrike.  Foto: MATHIAS BERGELD \/ Bildbyr\u00e5n\" class=\"_image_qp4xg_65 layout-component layout-normal\" data-fullscreen- data-track-element-type=\"Article image fullscreen\" data-track-name=\"ImageFullscreen\" decoding=\"async\" loading=\"lazy\" height=\"4000\" itemprop=\"image\"  src=\"https:\/\/www.europesays.com\/no\/wp-content\/uploads\/2026\/02\/cb72ea1f-f32f-4aab-9ee3-58109fdf6ef3.png\"  style=\"object-position:0% 0%\" width=\"6000\"\/>SUVERENE: \u00c9ric Perrot, Lou Jeanmonnot, Julia Simon og Quentin Fillot Maillet tok gull for Frankrike.  Foto: MATHIAS BERGELD \/ Bildbyr\u00e5n<\/p>\n<p class=\"_paragraph_o9xde_4 _paragraph_6fko5_10 layout-component text-serif-m layout-normal text-serif-m layout-padded\">Vetle Sj\u00e5stad Christiansen sier at var forferdelig \u00e5 f\u00f8lge avslutningen. <\/p>\n<p class=\"_paragraph_o9xde_4 _paragraph_6fko5_10 layout-component text-serif-m layout-normal text-serif-m layout-padded\">\u2013 Det var nervepirrende, og vi visste at ett lag m\u00e5tte bli nummer fire i den miksen, og da ble det oss. S\u00e5nn er skiskyting, sier han til NRK.<\/p>\n<p class=\"_paragraph_o9xde_4 _paragraph_6fko5_10 layout-component text-serif-m layout-normal text-serif-m layout-padded\">Sammen med Uldal og Knotten la Sj\u00e5stad Christiansen et godt \u2013 men samtidig utfordrende \u2013 grunnlag p\u00e5 de tre f\u00f8rste etappene.<\/p>\n<p class=\"_paragraph_o9xde_4 _paragraph_6fko5_10 layout-component text-serif-m layout-normal text-serif-m layout-padded\">Kirkeeide sto foran en t\u00f8ff oppgave p\u00e5 ankeretappen. Hun gikk ut 18 sekunder bak ti ganger verdensmester Julia Simon fra Frankrike, og sammen med to siste sesongenes verdenscupvinnerne, Franziska Preuss (Tyskland) og Lisa Vittozzi (Italia).<\/p>\n<p class=\"_paragraph_o9xde_4 _paragraph_6fko5_10 layout-component text-serif-m layout-normal text-serif-m layout-padded\">Det presset taklet ikke Kirkeeide. <\/p>\n<ul class=\"_list_o9xde_3 _list_6fko5_9 _unordered_o9xde_106 layout-component text-serif-m layout-normal text-serif-m layout-padded\">\n<li class=\"_item_o9xde_30\">VG reiste til Stryn for \u00e5 se hvordan Kirkeeide er blitt blant cerdens beste skiskyttere. <a href=\"https:\/\/www.vg.no\/sport\/i\/WvqKRj\/et-helt-unikt-miljoe-det-skal-jo-ikke-vaere-mulig-aa-faa-til\" data-track-element-type=\"Link\" data-track-id=\"link:WvqKRj\" class=\"_link_o9xde_39\" rel=\"nofollow noopener\" target=\"_blank\">Les artikkelen her<\/a>. <\/li>\n<\/ul>\n<p class=\"_paragraph_o9xde_4 _paragraph_6fko5_10 layout-component text-serif-m layout-normal text-serif-m layout-padded\">Norge stilte til start som regjerende mester, men allealleBr\u00f8drene B\u00f8, Marte Olsbu R\u00f8iseland og Tiril Eckhoff.  fra 2022-gullkvartetten har n\u00e5 lagt b\u00e5de ski og b\u00f8rse p\u00e5 hyllen. <\/p>\n<p class=\"_paragraph_o9xde_4 _paragraph_6fko5_10 layout-component text-serif-m layout-normal text-serif-m layout-padded\">Martin Uldal leverte en feilfri etappe og vekslet f\u00f8rst. <\/p>\n<p class=\"_paragraph_o9xde_4 _paragraph_6fko5_10 layout-component text-serif-m layout-normal text-serif-m layout-padded\">\u2013 Mesterlig gjennomf\u00f8rt, mente Lunde om 24-\u00e5ringens etappe.<\/p>\n<p><img alt=\"Martin Uldal.   Foto: FRANCK FIFE \/ AFP \/ NTB\" class=\"_image_qp4xg_65 layout-component layout-normal\" data-fullscreen- data-track-element-type=\"Article image fullscreen\" data-track-name=\"ImageFullscreen\" decoding=\"async\" loading=\"lazy\" height=\"2450\" itemprop=\"image\"  src=\"https:\/\/www.europesays.com\/no\/wp-content\/uploads\/2026\/02\/f582175e-37ef-48fd-9752-8b737c58b21b.png\"  style=\"object-position:0% 0%\" width=\"3675\"\/>Martin Uldal.   Foto: FRANCK FIFE \/ AFP \/ NTB<\/p>\n<p class=\"_paragraph_o9xde_4 _paragraph_6fko5_10 layout-component text-serif-m layout-normal text-serif-m layout-padded\">Vetle Sj\u00e5stad Christiansen gikk raskest i sporet p\u00e5 sin etappe, og klarte seg med bare ett ekstraskudd. <\/p>\n<p class=\"_paragraph_o9xde_4 _paragraph_6fko5_10 layout-component text-serif-m layout-normal text-serif-m layout-padded\">Karoline Knotten kunne dermed g\u00e5 ut med fem sekunders ledelse p\u00e5 Tyskland, og 21 ned til Frankrike og Italia.<\/p>\n<p class=\"_paragraph_o9xde_4 _paragraph_6fko5_10 layout-component text-serif-m layout-normal text-serif-m layout-padded\">Knotten tr\u00f8blet mye p\u00e5 sin f\u00f8rste serie, men slapp unna med to ekstraskudd. <\/p>\n<p class=\"_paragraph_o9xde_4 _paragraph_6fko5_10 layout-component text-serif-m layout-normal text-serif-m layout-padded\">\u2013 Serien var rett og slett d\u00e5rlig, kommenterte Lunde. <\/p>\n<p class=\"_paragraph_o9xde_4 _paragraph_6fko5_10 layout-component text-serif-m layout-normal text-serif-m layout-padded\">P\u00e5 den st\u00e5ende serien var det andre boller \u2013 da plaffet hun alle de fem blinkene rett ned. <\/p>\n<p class=\"_paragraph_o9xde_4 _paragraph_6fko5_10 layout-component text-serif-m layout-normal text-serif-m layout-padded\">P\u00e5 sisterunden ble det imidlertid t\u00f8ft, og fra skyting til veksling tapte hun 15 sekunder til Lou Jeanmonnot fra Frankrike. <\/p>\n<p><img alt=\"Karoline Knotten.   Foto: FRANCK FIFE \/ AFP \/ NTB\" class=\"_image_qp4xg_65 layout-component layout-normal\" data-fullscreen- data-track-element-type=\"Article image fullscreen\" data-track-name=\"ImageFullscreen\" decoding=\"async\" loading=\"lazy\" height=\"2246\" itemprop=\"image\"  src=\"https:\/\/www.europesays.com\/no\/wp-content\/uploads\/2026\/02\/10567f85-8b59-4701-a566-17b0e3ac42a5.png\"  style=\"object-position:0% 0%\" width=\"3369\"\/>Karoline Knotten.   Foto: FRANCK FIFE \/ AFP \/ NTB<\/p>\n<p class=\"_paragraph_o9xde_4 _paragraph_6fko5_10 layout-component text-serif-m layout-normal text-serif-m layout-padded\">Blandet stafett er en relativt ny \u00f8velse p\u00e5 OL-programmet. Den ble arrangert for f\u00f8rste gang i 2014, og Norge hadde tatt medalje i samtlige:<\/p>\n<ul class=\"_list_o9xde_3 _list_6fko5_9 _unordered_o9xde_106 layout-component text-serif-m layout-normal text-serif-m layout-padded\">\n<li class=\"_item_o9xde_30\">Gull i 20142014Med Tora Berger, Tiril Eckhoff, Ole Einar Bj\u00f8rndalen og Emil Hegle Svendsen..<\/li>\n<li class=\"_item_o9xde_30\">S\u00f8lv i 20182018Marte Olsbu R\u00f8iseland, Tiril Eckhoff, Johannes Thingnes B\u00f8, Emil Hegle Svendsen..<\/li>\n<li class=\"_item_o9xde_30\">Gull i 20222022Olsbu R\u00f8iseland, Eckhoff, Tarjei B\u00f8, Johannes Thingnes B\u00f8.. <\/li>\n<\/ul>\n","protected":false},"excerpt":{"rendered":"OL-debutanten Maren Hjelmeset Kirkeeide (22) skj\u00f8t for medalje p\u00e5 siste skyting. Det ble et lite mareritt. Maren Hjelmeset&hellip;\n","protected":false},"author":2,"featured_media":158273,"comment_status":"","ping_status":"","sticky":false,"template":"","format":"standard","meta":{"footnotes":"","_share_on_mastodon":"0"},"categories":[59],"tags":[767,9742,11997,12820,11624,30,28,29,10469,769,83,82,678],"class_list":["post-158272","post","type-post","status-publish","format-standard","has-post-thumbnail","category-sport","tag-johannes-thingnes-bo","tag-julia-simon","tag-karoline-knotten","tag-maren-hjelmeset-kirkeeide","tag-martin-uldal","tag-no","tag-norge","tag-norway","tag-ol-2026","tag-skiskyting","tag-sport","tag-sports","tag-vetle-sjastad-christiansen"],"share_on_mastodon":{"url":"https:\/\/pubeurope.com\/@no\/116035584359916155","error":""},"_links":{"self":[{"href":"https:\/\/www.europesays.com\/no\/wp-json\/wp\/v2\/posts\/158272","targetHints":{"allow":["GET"]}}],"collection":[{"href":"https:\/\/www.europesays.com\/no\/wp-json\/wp\/v2\/posts"}],"about":[{"href":"https:\/\/www.europesays.com\/no\/wp-json\/wp\/v2\/types\/post"}],"author":[{"embeddable":true,"href":"https:\/\/www.europesays.com\/no\/wp-json\/wp\/v2\/users\/2"}],"replies":[{"embeddable":true,"href":"https:\/\/www.europesays.com\/no\/wp-json\/wp\/v2\/comments?post=158272"}],"version-history":[{"count":0,"href":"https:\/\/www.europesays.com\/no\/wp-json\/wp\/v2\/posts\/158272\/revisions"}],"wp:featuredmedia":[{"embeddable":true,"href":"https:\/\/www.europesays.com\/no\/wp-json\/wp\/v2\/media\/158273"}],"wp:attachment":[{"href":"https:\/\/www.europesays.com\/no\/wp-json\/wp\/v2\/media?parent=158272"}],"wp:term":[{"taxonomy":"category","embeddable":true,"href":"https:\/\/www.europesays.com\/no\/wp-json\/wp\/v2\/categories?post=158272"},{"taxonomy":"post_tag","embeddable":true,"href":"https:\/\/www.europesays.com\/no\/wp-json\/wp\/v2\/tags?post=158272"}],"curies":[{"name":"wp","href":"https:\/\/api.w.org\/{rel}","templated":true}]}}