{"id":15830,"date":"2025-08-23T08:53:24","date_gmt":"2025-08-23T08:53:24","guid":{"rendered":"https:\/\/www.europesays.com\/no\/15830\/"},"modified":"2025-08-23T08:53:24","modified_gmt":"2025-08-23T08:53:24","slug":"sport-mesternes-mester-marte-olsbu-roiseland-klar-for-mesternes-mester-skiskytterdronningen-med-sterke-rotter-til-sirdal-og-kvinesdal","status":"publish","type":"post","link":"https:\/\/www.europesays.com\/no\/15830\/","title":{"rendered":"Sport, Mesternes Mester | Marte Olsbu R\u00f8iseland klar for Mesternes mester \u2013 skiskytterdronningen med sterke r\u00f8tter til Sirdal og Kvinesdal"},"content":{"rendered":"\n<p>Innspillingen finner sted i september i Costa Brava-omr\u00e5det i Nord-Spania, og programmet sendes p\u00e5 NRK 1. nytt\u00e5rsdag.<\/p>\n<p>For f\u00f8rste gang p\u00e5 fem \u00e5r g\u00e5r NRK tilbake til det opprinnelige konseptet med \u00e5 samle tidligere toppidrettsut\u00f8vere i sydlige str\u00f8k. Programleder Aksel Lund Svindal leder for femte gang an n\u00e5r ut\u00f8verne skal konkurrere om den gjeve tittelen.<\/p>\n<p>Marte Olsbu R\u00f8iseland vokste opp i Froland, men har dype r\u00f8tter i regionen. Etter \u00e5 ha blitt hektet p\u00e5 skiskyting i ungdomsskolealder, flyttet hun til Sirdal for \u00e5 g\u00e5 p\u00e5 toppidrettslinja. Her fikk hun tidligere landslagstrener Roger Grubben som l\u00e6rer, noe som la et viktig grunnlag for hennes eventyrlige karriere. Hennes tilknytning til Kvinesdal er ogs\u00e5 sterk, da hun er gift med tidligere skiskytter Sverre Olsbu R\u00f8iseland, som kommer fra bygda.<\/p>\n<p>Marte Olsbu R\u00f8iseland la opp som konkurranseut\u00f8ver v\u00e5ren 2023, etter en karriere som inkluderer tre OL-gull og 13 VM-gull. Hun ser frem til \u00e5 teste konkurranseinstinktet igjen:\u2013 Det blir spennende \u00e5 se om konkurransedyret v\u00e5kner til liv igjen etter lang tid uten konkurranser. Med s\u00e5 mange sterke profiler vet jeg at det blir t\u00f8ffe, men morsomme utfordringer.<\/p>\n<p>   <img decoding=\"async\" width=\"576\" height=\"326\" fetchpriority=\"low\"  loading=\"lazy\"  src=\"https:\/\/www.europesays.com\/no\/wp-content\/uploads\/2025\/08\/unnamed+%2828%29.jpg\" alt=\"\" class=\"brick-c-cFOWSL\" style=\"--brick-image-ratio: 576 \/ 326;\"\/><\/p>\n<p>    Skiskytter Marte Olsbu R\u00f8iseland er klar for Mesternes mester 2026<br \/>\n    Foto: Nordisk Banijay\/NRK\n  <\/p>\n<p>  Sterkt deltakerfelt og forventninger til sesongen<\/p>\n<p>I tillegg til Olsbu R\u00f8iseland, skal blant andre fotballspillerne Mushaga Bakenga og Isabell Herlovsen, syklist Edvald Boasson-Hagen, kombinertut\u00f8ver Jarl Magnus Riiber, hekkel\u00f8per Isabelle Pedersen, langrennsl\u00f8per Kristin St\u00f8rmer Steira, skihopper Daniel-Andr\u00e9 Tande og racerkj\u00f8rer Ayla \u00c5gren delta i sesong 17. Programleder Aksel Lund Svindal beskriver casten som &laquo;ordentlig kul&raquo; og ser frem til \u00e5 bli bedre kjent med ut\u00f8vere som ikke alltid er i medienes s\u00f8kelys. Produsent Marie Sjo fremhever at returen til solrike omgivelser i Spania skal gi seerne den gode ferief\u00f8lelsen n\u00e5r programmet sendes. Deltakerne selv uttrykker b\u00e5de spenning og gru-glede foran konkurransene, som forventes \u00e5 bli t\u00f8ffe og morsomme.<\/p>\n<p>Les mer om: artikkelemnene<\/p>\n","protected":false},"excerpt":{"rendered":"Innspillingen finner sted i september i Costa Brava-omr\u00e5det i Nord-Spania, og programmet sendes p\u00e5 NRK 1. nytt\u00e5rsdag. For&hellip;\n","protected":false},"author":2,"featured_media":15831,"comment_status":"","ping_status":"","sticky":false,"template":"","format":"standard","meta":{"footnotes":""},"categories":[59],"tags":[36,2987,2986,2984,30,28,29,2985,83,82,1510],"class_list":{"0":"post-15830","1":"post","2":"type-post","3":"status-publish","4":"format-standard","5":"has-post-thumbnail","7":"category-sport","8":"tag-art","9":"tag-fb","10":"tag-kvinesdal","11":"tag-mesternes-mester","12":"tag-no","13":"tag-norge","14":"tag-norway","15":"tag-sirdal","16":"tag-sport","17":"tag-sports","18":"tag-story"},"share_on_mastodon":{"url":"","error":""},"_links":{"self":[{"href":"https:\/\/www.europesays.com\/no\/wp-json\/wp\/v2\/posts\/15830","targetHints":{"allow":["GET"]}}],"collection":[{"href":"https:\/\/www.europesays.com\/no\/wp-json\/wp\/v2\/posts"}],"about":[{"href":"https:\/\/www.europesays.com\/no\/wp-json\/wp\/v2\/types\/post"}],"author":[{"embeddable":true,"href":"https:\/\/www.europesays.com\/no\/wp-json\/wp\/v2\/users\/2"}],"replies":[{"embeddable":true,"href":"https:\/\/www.europesays.com\/no\/wp-json\/wp\/v2\/comments?post=15830"}],"version-history":[{"count":0,"href":"https:\/\/www.europesays.com\/no\/wp-json\/wp\/v2\/posts\/15830\/revisions"}],"wp:featuredmedia":[{"embeddable":true,"href":"https:\/\/www.europesays.com\/no\/wp-json\/wp\/v2\/media\/15831"}],"wp:attachment":[{"href":"https:\/\/www.europesays.com\/no\/wp-json\/wp\/v2\/media?parent=15830"}],"wp:term":[{"taxonomy":"category","embeddable":true,"href":"https:\/\/www.europesays.com\/no\/wp-json\/wp\/v2\/categories?post=15830"},{"taxonomy":"post_tag","embeddable":true,"href":"https:\/\/www.europesays.com\/no\/wp-json\/wp\/v2\/tags?post=15830"}],"curies":[{"name":"wp","href":"https:\/\/api.w.org\/{rel}","templated":true}]}}