{"id":15855,"date":"2025-08-23T09:21:10","date_gmt":"2025-08-23T09:21:10","guid":{"rendered":"https:\/\/www.europesays.com\/no\/15855\/"},"modified":"2025-08-23T09:21:10","modified_gmt":"2025-08-23T09:21:10","slug":"jorgen-strand-larsen-salg-gir-millioner-til-ostfold-klubbene-kvik-halden-og-sarpsborg-08","status":"publish","type":"post","link":"https:\/\/www.europesays.com\/no\/15855\/","title":{"rendered":"J\u00f8rgen Strand Larsen-salg gir millioner til \u00d8stfold-klubbene Kvik Halden og Sarpsborg 08"},"content":{"rendered":"<p>     Spill Profeten   <img decoding=\"async\" class=\"_confettiImage_b81ng_95\" src=\"https:\/\/www.europesays.com\/no\/wp-content\/uploads\/2025\/08\/SzwcSxt.png\" alt=\"\" fetchpriority=\"high\" loading=\"eager\"\/>   <img decoding=\"async\" class=\"_playerImage_b81ng_83\" src=\"https:\/\/www.europesays.com\/no\/wp-content\/uploads\/2025\/08\/U9NvSiG.png\" alt=\"profeten-promo-player\" fetchpriority=\"high\" loading=\"eager\"\/>     <\/p>\n<p class=\"_lead_1bvmi_2 _lead_xtcu6_50 layout-component text-serif-m layout-normal text-serif-l layout-component layout-wide layout-padded _wide_17hqh_1 layout-padded\">J\u00f8rgen Strand Larsen skal v\u00e6re sterkt \u00f8nsket av Newcastle \u2013 og prislappen kan bli spinnvill.<\/p>\n<p><img alt=\" Foto: Nick Potts \/ Pa Photos \/ NTB\" class=\"_image_qp4xg_65 layout-component layout-wide\" data-fullscreen- data-track-element-type=\"Article image fullscreen\" data-track-name=\"ImageFullscreen\" fetchpriority=\"high\" decoding=\"sync\" loading=\"eager\" height=\"2873\" itemprop=\"image\"  src=\"https:\/\/www.europesays.com\/no\/wp-content\/uploads\/2025\/08\/b499ef7a-58c6-4d19-9f22-b34872821db2\"  style=\"object-position:0% 0%\" width=\"4074\"\/> Foto: Nick Potts \/ Pa Photos \/ NTB<\/p>\n<ul aria-hidden=\"true\" class=\"_images_1y6fe_106\">\n<li><a class=\"_link_1y6fe_111\" href=\"https:\/\/www.vg.no\/forfatter\/sindre-oegar\" style=\"z-index:1\" title=\"Sindre \u00d8gar\" rel=\"nofollow noopener\" target=\"_blank\"><img alt=\"Bilde av Sindre \u00d8gar\" class=\"_image_1y6fe_88\" fetchpriority=\"low\" loading=\"lazy\" decoding=\"async\" itemprop=\"image\"  src=\"https:\/\/www.europesays.com\/no\/wp-content\/uploads\/2025\/08\/1755940870_114_104d6818-f429-4f77-a08f-a7022fcc3fa3\"  width=\"480\"\/><\/a><\/li>\n<\/ul>\n<p> Oppdatert l\u00f8rdag 23. august kl. 11:00    <\/p>\n<ul class=\"_list_1bvmi_3 _list_1flq1_85 _unordered_1bvmi_99 text-sans-m\">\n<li class=\"_item_1bvmi_30\">Newcastle vurderer \u00e5 kj\u00f8pe J\u00f8rgen Strand Larsen for cirka 800 millioner kroner.<\/li>\n<li class=\"_item_1bvmi_30\">Overgangen kan gi flere titalls millioner i solidaritetsmidler til hans eks-klubber.<\/li>\n<li class=\"_item_1bvmi_30\">Kvik Halden kan f\u00e5 nesten ett \u00e5rsbudsjett, mens Sarpsborg 08 kan f\u00e5 rundt 18 millioner kroner.<\/li>\n<\/ul>\n<p>Vis mer <\/p>\n<p class=\"_paragraph_1bvmi_4 _paragraph_xtcu6_10 layout-component text-serif-m layout-normal text-serif-m layout-padded\">If\u00f8lge flere britiske medier m\u00e5 Newcastle punge ut rundt 60 millioner pund for \u00e5 f\u00e5 kloa i den norske 25-\u00e5ringen.<\/p>\n<p class=\"_paragraph_1bvmi_4 _paragraph_xtcu6_10 layout-component text-serif-m layout-normal text-serif-m layout-padded\"><strong class=\"_strong_1bvmi_25\">Cirka 800 millioner omregnet til norske kroner.<\/strong> <\/p>\n<p class=\"_paragraph_1bvmi_4 _paragraph_xtcu6_10 layout-component text-serif-m layout-normal text-serif-m layout-padded\">\u00abSilly season\u00bb kan dermed bli en fest for Strand Larsens eks-klubber: Barndomsklubben Kvik Halden og eliteserieklubben Sarpsborg 08.<\/p>\n<p class=\"_paragraph_1bvmi_4 _paragraph_xtcu6_10 layout-component text-serif-m layout-normal text-serif-m layout-padded\">En s\u00e5 stor overgangssum vil nemlig utl\u00f8se flere titalls millioner kroner i s\u00e5kalte solidaritetsmidlersolidaritetsmidlerPenger fra en overgangssum som gis til klubbene som har bidratt til en spillers utvikling fra 12 til 23 \u00e5r. Fordeles etter en n\u00f8kkel..<\/p>\n<ul class=\"_list_1bvmi_3 _list_xtcu6_9 _unordered_1bvmi_99 layout-component text-serif-m layout-normal text-serif-m layout-padded\">\n<li class=\"_item_1bvmi_30\">For Sarpsborg 08 vil det trolig overstige salgssummen de fikk da Strand Larsen gikk til Groningen i september 2020.<\/li>\n<li class=\"_item_1bvmi_30\">For breddeklubben Kvik Halden kan Strand Larsen-pengene utgj\u00f8re nesten ett \u00e5rsbudsjett. <\/li>\n<\/ul>\n<p class=\"_paragraph_1bvmi_4 _paragraph_xtcu6_10 layout-component text-serif-m layout-normal text-serif-m layout-padded\">\u2013 Det er ingen hemmelighet at kalkulatoren kommer frem, sier Kvik-leder Haris Juklo.<\/p>\n<p class=\"_paragraph_1bvmi_4 _paragraph_xtcu6_10 layout-component text-serif-m layout-normal text-serif-m layout-padded\">Han har kontroll p\u00e5 hva som kan komme inn.<\/p>\n<p class=\"_paragraph_1bvmi_4 _paragraph_xtcu6_10 layout-component text-serif-m layout-normal text-serif-m layout-padded\"><strong class=\"_strong_1bvmi_25\">\u2013 \u00c5 ja, \u00e5 ja.<\/strong><\/p>\n<p><img decoding=\"async\" alt=\"Bilde av Haris Juklo\" class=\"_image_ygndg_42\" height=\"71\" itemprop=\"image\" loading=\"lazy\"  src=\"https:\/\/www.europesays.com\/no\/wp-content\/uploads\/2025\/08\/c7725247-d354-4990-a0be-2d07b1a9cd1e\"  width=\"40\"\/><strong class=\"_name_ygndg_51 title-serif-xs\">Haris Juklo<\/strong><\/p>\n<p class=\"_paragraph_1bvmi_4 text-sans-m _description_ygndg_56\">Daglig leder i Kvik Halden<\/p>\n<p class=\"_paragraph_1bvmi_4 _paragraph_xtcu6_10 layout-component text-serif-m layout-normal text-serif-m layout-padded\">Det har de ogs\u00e5 i Sarpsborg 08.<\/p>\n<p class=\"_paragraph_1bvmi_4 _paragraph_xtcu6_10 layout-component text-serif-m layout-normal text-serif-m layout-padded\">\u2013 H\u00e5per dere p\u00e5 et salg n\u00e5?<\/p>\n<p class=\"_paragraph_1bvmi_4 _paragraph_xtcu6_10 layout-component text-serif-m layout-normal text-serif-m layout-padded\">\u2013 Det ville v\u00e6rt veldig, veldig rart \u00e5 si at vi ikke h\u00e5per p\u00e5 det, sier leder Raymond Fjeld.<\/p>\n<p><img decoding=\"async\" alt=\"Bilde av Raymond Fjeld\" class=\"_image_ygndg_42\" height=\"27\" itemprop=\"image\" loading=\"lazy\"  src=\"https:\/\/www.europesays.com\/no\/wp-content\/uploads\/2025\/08\/54bded43-0cef-4f50-a739-4c371b32b158\"  width=\"40\"\/><strong class=\"_name_ygndg_51 title-serif-xs\">Raymond Fjeld<\/strong><\/p>\n<p class=\"_paragraph_1bvmi_4 text-sans-m _description_ygndg_56\">Daglig leder i Sarpsborg 08<\/p>\n<p class=\"_paragraph_1bvmi_4 _paragraph_xtcu6_10 layout-component text-serif-m layout-normal text-serif-m layout-padded\">Solidaritetsmidler skal gi noe tilbake til klubbene som har bidratt i spillerens utvikling fra 12 til 23 \u00e5r.<\/p>\n<p class=\"_paragraph_1bvmi_4 _paragraph_xtcu6_10 layout-component text-serif-m layout-normal text-serif-m layout-padded\">Fem prosent av overgangssummen skal settes av til dette.<\/p>\n<p class=\"_paragraph_1bvmi_4 _paragraph_xtcu6_10 layout-component text-serif-m layout-normal text-serif-m layout-padded\">Skulle J\u00f8rgen Strand Larsen bli <strong class=\"_strong_1bvmi_25\">solgt for 800 millioner kroner<\/strong>, blir denne potten p\u00e5 hele <strong class=\"_strong_1bvmi_25\">40 millioner<\/strong>.<\/p>\n<p>Slik fordeles solidaritetsmidlene p\u00e5 fem prosent<\/p>\n<p class=\"_paragraph_1bvmi_4 _paragraph_xtcu6_10 _paragraph_16v91_10 layout-component text-serif-m layout-normal text-sans-m layout-padded\">12\u201315 \u00e5r: 5 prosent per \u00e5r (0,25 prosent av overgangssummen)<br \/>16\u201323 \u00e5r: 10 prosent per \u00e5r (0,5 prosent av overgangssummen)<\/p>\n<p class=\"_paragraph_1bvmi_4 _paragraph_xtcu6_10 _paragraph_16v91_10 layout-component text-serif-m layout-normal text-sans-m layout-padded\">Eksempel:\u00a0Har en klubb hatt spilleren i fem \u00e5r, fra 12 til og med 16 \u00e5r: 5+5+5+5+10 = 30 prosent av solidaritetsmidlene.<\/p>\n<p>Vis mer<\/p>\n<p class=\"_paragraph_1bvmi_4 _paragraph_xtcu6_10 layout-component text-serif-m layout-normal text-serif-m layout-padded\">Sarpsborg 08 hadde Strand Larsen fra han var 15 til og med 20 \u00e5r, avbrutt av et utl\u00e5n til AC Milan da han var 18.  <\/p>\n<p class=\"_paragraph_1bvmi_4 _paragraph_xtcu6_10 layout-component text-serif-m layout-normal text-serif-m layout-padded\">Raymond Fjeld bekrefter at de dermed har krav p\u00e5 rundt 45 prosent av solidaritetspotten. <\/p>\n<p class=\"_paragraph_1bvmi_4 _paragraph_xtcu6_10 layout-component text-serif-m layout-normal text-serif-m layout-padded\">Det betyr 18 millioner kroner hvis potten er p\u00e5 40 millioner. <\/p>\n<p class=\"_paragraph_1bvmi_4 _paragraph_xtcu6_10 layout-component text-serif-m layout-normal text-serif-m layout-padded\">Kvik Halden f\u00e5r utteling for Strand Larsens ungdomstid i klubben, fra 12 til litt over 15 \u00e5r.<\/p>\n<p class=\"_paragraph_1bvmi_4 _paragraph_xtcu6_10 layout-component text-serif-m layout-normal text-serif-m layout-padded\">Dr\u00f8ye 15 prosent av solidaritetsmidlene, alts\u00e5 i overkant av <strong class=\"_strong_1bvmi_25\">seks millioner <\/strong>gitt at potten er p\u00e5 40 millioner. <\/p>\n<p class=\"_paragraph_1bvmi_4 _paragraph_xtcu6_10 layout-component text-serif-m layout-normal text-serif-m layout-padded\">\u2013 Vi venter fortsatt p\u00e5 pengene fra overgangen fra Celta Vigo til Wolverhampton. Det kan bli veldig mye penger p\u00e5 oss. Vi har et budsjett p\u00e5 11 millioner, og disse to overgangene kan nok utgj\u00f8re 80 prosent av totalbudsjettet v\u00e5rt, sier Haris Juklo.<\/p>\n<p>Strand Larsens overganger<\/p>\n<p class=\"_paragraph_1bvmi_4 _paragraph_xtcu6_10 _paragraph_16v91_10 layout-component text-serif-m layout-normal text-sans-m layout-padded\">Sarpsborg 08 \u2192 FC Groningen (september 2020): \u20ac1,1 mill.<\/p>\n<p class=\"_paragraph_1bvmi_4 _paragraph_xtcu6_10 _paragraph_16v91_10 layout-component text-serif-m layout-normal text-sans-m layout-padded\">FC Groningen \u2192 Celta Vigo (august 2022): \u20ac11 mill.<\/p>\n<p class=\"_paragraph_1bvmi_4 _paragraph_xtcu6_10 _paragraph_16v91_10 layout-component text-serif-m layout-normal text-sans-m layout-padded\">Celta Vigo \u2192 Wolverhampton (l\u00e5n juli 2024)<\/p>\n<p class=\"_paragraph_1bvmi_4 _paragraph_xtcu6_10 _paragraph_16v91_10 layout-component text-serif-m layout-normal text-sans-m layout-padded\">Celta Vigo \u2192 Wolverhampton (permanent juli 2025): \u20ac27 mill.<\/p>\n<p>(Kilde: Transfermarkt) <\/p>\n<p>Vis mer<\/p>\n<p class=\"_paragraph_1bvmi_4 _paragraph_xtcu6_10 layout-component text-serif-m layout-normal text-serif-m layout-padded\">I Sarpsborg understreker lederen at han ikke vet hva J\u00f8rgen Strand Larsen tenker selv.<\/p>\n<p class=\"_paragraph_1bvmi_4 _paragraph_xtcu6_10 layout-component text-serif-m layout-normal text-serif-m layout-padded\">\u2013 For hans del vil det v\u00e6re et nytt vanvittig steg i karrieren \u00e5 g\u00e5 fra Wolves til Newcastle.<\/p>\n<p class=\"_paragraph_1bvmi_4 _paragraph_xtcu6_10 layout-component text-serif-m layout-normal text-serif-m layout-padded\">\u2013 Jeg tror han har det veldig bra i Wolves. Han har en veldig stor utfording der. I Newcastle er det enda mer press, trykk, forventinger og utfordringer, sier Fjeld.<\/p>\n<p class=\"_paragraph_1bvmi_4 _paragraph_xtcu6_10 layout-component text-serif-m layout-normal text-serif-m layout-padded\">Overgangssummene i internasjonal fotball, og Strand Larsen-prislappen, gj\u00f8r ham litt svimmel.<\/p>\n<p class=\"_paragraph_1bvmi_4 _paragraph_xtcu6_10 layout-component text-serif-m layout-normal text-serif-m layout-padded\">\u2013 Det er vanskelig noen ganger \u00e5 forholde seg til s\u00e5nne summer. Det ene drar det andre opp. Kostnader og inntekt flytter seg i takt. Det er et marked som styrer det &#8211; og s\u00e5nn har det blitt. <\/p>\n<p class=\"_paragraph_1bvmi_4 _paragraph_xtcu6_10 layout-component text-serif-m layout-normal text-serif-m layout-padded\">\u2013  Men det er fryktelig mye penger. Det er uhorvelige summer. <\/p>\n","protected":false},"excerpt":{"rendered":"Spill Profeten J\u00f8rgen Strand Larsen skal v\u00e6re sterkt \u00f8nsket av Newcastle \u2013 og prislappen kan bli spinnvill. Foto:&hellip;\n","protected":false},"author":2,"featured_media":15856,"comment_status":"","ping_status":"","sticky":false,"template":"","format":"standard","meta":{"footnotes":""},"categories":[59],"tags":[2066,30,28,29,161,83,82],"class_list":{"0":"post-15855","1":"post","2":"type-post","3":"status-publish","4":"format-standard","5":"has-post-thumbnail","7":"category-sport","8":"tag-jorgen-strand-larsen","9":"tag-no","10":"tag-norge","11":"tag-norway","12":"tag-premier-league","13":"tag-sport","14":"tag-sports"},"share_on_mastodon":{"url":"","error":""},"_links":{"self":[{"href":"https:\/\/www.europesays.com\/no\/wp-json\/wp\/v2\/posts\/15855","targetHints":{"allow":["GET"]}}],"collection":[{"href":"https:\/\/www.europesays.com\/no\/wp-json\/wp\/v2\/posts"}],"about":[{"href":"https:\/\/www.europesays.com\/no\/wp-json\/wp\/v2\/types\/post"}],"author":[{"embeddable":true,"href":"https:\/\/www.europesays.com\/no\/wp-json\/wp\/v2\/users\/2"}],"replies":[{"embeddable":true,"href":"https:\/\/www.europesays.com\/no\/wp-json\/wp\/v2\/comments?post=15855"}],"version-history":[{"count":0,"href":"https:\/\/www.europesays.com\/no\/wp-json\/wp\/v2\/posts\/15855\/revisions"}],"wp:featuredmedia":[{"embeddable":true,"href":"https:\/\/www.europesays.com\/no\/wp-json\/wp\/v2\/media\/15856"}],"wp:attachment":[{"href":"https:\/\/www.europesays.com\/no\/wp-json\/wp\/v2\/media?parent=15855"}],"wp:term":[{"taxonomy":"category","embeddable":true,"href":"https:\/\/www.europesays.com\/no\/wp-json\/wp\/v2\/categories?post=15855"},{"taxonomy":"post_tag","embeddable":true,"href":"https:\/\/www.europesays.com\/no\/wp-json\/wp\/v2\/tags?post=15855"}],"curies":[{"name":"wp","href":"https:\/\/api.w.org\/{rel}","templated":true}]}}