{"id":15863,"date":"2025-08-23T09:34:10","date_gmt":"2025-08-23T09:34:10","guid":{"rendered":"https:\/\/www.europesays.com\/no\/15863\/"},"modified":"2025-08-23T09:34:10","modified_gmt":"2025-08-23T09:34:10","slug":"cruiseskip-med-2300-gjester-matte-snu-i-lofoten","status":"publish","type":"post","link":"https:\/\/www.europesays.com\/no\/15863\/","title":{"rendered":"Cruiseskip med 2300 gjester m\u00e5tte snu i Lofoten"},"content":{"rendered":"\n<p class=\"_lead_1bvmi_2 _lead_xtcu6_50 layout-component text-serif-m layout-normal text-serif-l layout-component layout-wide layout-padded _wide_17hqh_1 layout-padded\">V\u00e6ret gjorde det for farlig \u00e5 g\u00e5 i land.<\/p>\n<p><img alt=\" Foto: Karl Roger Johnsen\" class=\"_image_qp4xg_65 layout-component layout-wide\" data-fullscreen- data-track-element-type=\"Article image fullscreen\" data-track-name=\"ImageFullscreen\" fetchpriority=\"high\" decoding=\"sync\" loading=\"eager\" height=\"900\" itemprop=\"image\"  src=\"https:\/\/www.europesays.com\/no\/wp-content\/uploads\/2025\/08\/c05cf1b0-01a8-49a8-b342-a73ccd38e799\"  style=\"object-position:54.25% 70.72222222222221%\" width=\"1200\"\/> Foto: Karl Roger Johnsen<\/p>\n<ul aria-hidden=\"true\" class=\"_images_1y6fe_106\">\n<li><a class=\"_link_1y6fe_111\" href=\"https:\/\/www.vg.no\/forfatter\/silje-kathrine-sviggum\" style=\"z-index:1\" title=\"Silje Kathrine Sviggum\" rel=\"nofollow noopener\" target=\"_blank\"><img alt=\"Bilde av Silje Kathrine Sviggum\" class=\"_image_1y6fe_88\" fetchpriority=\"low\" loading=\"lazy\" decoding=\"async\" itemprop=\"image\"  src=\"https:\/\/www.europesays.com\/no\/wp-content\/uploads\/2025\/08\/1755941648_411_e676a608-6bb3-4134-98e2-0f7e4dee1ab7\"  width=\"480\"\/><\/a><\/li>\n<\/ul>\n<p> Oppdatert l\u00f8rdag 23. august kl. 11:02     <\/p>\n<p class=\"_paragraph_1bvmi_4 _paragraph_xtcu6_10 layout-component text-serif-m layout-normal text-serif-m layout-padded\">Cruiseskipet \u00abAidabella\u00bb m\u00e5tte fredag kansellere sitt planlagte anl\u00f8p til Leknes p\u00e5 grunn av d\u00e5rlig v\u00e6r. De 2300 gjestene om bord fikk dermed ikke komme i land som planlagt.<\/p>\n<p class=\"_paragraph_1bvmi_4 _paragraph_xtcu6_10 layout-component text-serif-m layout-normal text-serif-m layout-padded\">\u2013 Risikoen ble for stor, opplyser kilder til\u00a0<a href=\"https:\/\/www.lofotposten.no\/2300-gjester-fikk-ikke-komme-i-land\/s\/5-29-1221547\" class=\"_link_1bvmi_39\" rel=\"nofollow noopener\" target=\"_blank\">Lofotposten<\/a>.<\/p>\n<p class=\"_paragraph_1bvmi_4 _paragraph_xtcu6_10 layout-component text-serif-m layout-normal text-serif-m layout-padded\">Gjestene skulle fraktes i land med s\u00e5kalte tenderb\u00e5ter, men v\u00e6rforholdene tillot ikke dette. Tenderb\u00e5ter er mindre b\u00e5ter som brukes til \u00e5 frakte passasjerer mellom skip og land n\u00e5r skipet ikke kan legge til kai.<\/p>\n<p class=\"_paragraph_1bvmi_4 _paragraph_xtcu6_10 layout-component text-serif-m layout-normal text-serif-m layout-padded\">Dette er ikke f\u00f8rste gang \u00abAidabella\u00bb har m\u00e5ttet avlyse anl\u00f8pet til Leknes p\u00e5 grunn av v\u00e6ret. Ogs\u00e5 i juni i fjor ble anl\u00f8pet kansellert av samme \u00e5rsak.<\/p>\n<p class=\"_paragraph_1bvmi_4 _paragraph_xtcu6_10 layout-component text-serif-m layout-normal text-serif-m layout-padded\">V\u00e6rforholdene kan gj\u00f8re det utfordrende for cruiseskip \u00e5 gjennomf\u00f8re planlagte anl\u00f8p.<\/p>\n<p class=\"_paragraph_1bvmi_4 _paragraph_xtcu6_10 layout-component text-serif-m layout-normal text-serif-m layout-padded\">\u2013 De skal etter planen legge til kai i Narvik s\u00f8ndag morgen. Det jobbes n\u00e5 med muligheten om \u00e5 f\u00e5 komme til kai i Narvik i kveld, sier Remi Solberg i <a href=\"https:\/\/www.vg.no\/tag\/lofoten?utm_source=vg-article&amp;utm_medium=auto-tagger&amp;utm_campaign=Ey7Qv2\" class=\"_link_1bvmi_39\" rel=\"nofollow noopener\" target=\"_blank\">Lofoten<\/a> Ship Agency AS til Lofotposten.<\/p>\n<p>    <img decoding=\"async\" alt=\"Tips oss illustrasjon\" width=\"62px\" height=\"auto\" src=\"https:\/\/www.europesays.com\/no\/wp-content\/uploads\/2025\/08\/1754784428_95_W9avJzE.png\"\/>    <\/p>\n<p class=\"title-serif-s\">Har du tips til oss?<\/p>\n<p class=\"text-sans-m\">Send oss informasjon, bilder eller video<\/p>\n<p>  <a href=\"https:\/\/www.vg.no\/tips-oss\" rel=\"nofollow noopener\" target=\"_blank\"> Tips oss <\/a>      <\/p>\n","protected":false},"excerpt":{"rendered":"V\u00e6ret gjorde det for farlig \u00e5 g\u00e5 i land. Foto: Karl Roger Johnsen Oppdatert l\u00f8rdag 23. august kl.&hellip;\n","protected":false},"author":2,"featured_media":15864,"comment_status":"","ping_status":"","sticky":false,"template":"","format":"standard","meta":{"footnotes":""},"categories":[10],"tags":[31,20,21,2988,24,25,15,22,23,803,13,30,28,29,14,16,26,27,46],"class_list":{"0":"post-15863","1":"post","2":"type-post","3":"status-publish","4":"format-standard","5":"has-post-thumbnail","7":"category-norge","8":"tag-breaking","9":"tag-breaking-news","10":"tag-breakingnews","11":"tag-cruiseskip","12":"tag-featured-news","13":"tag-featurednews","14":"tag-headlines","15":"tag-latest-news","16":"tag-latestnews","17":"tag-lofoten","18":"tag-news","19":"tag-no","20":"tag-norge","21":"tag-norway","22":"tag-nyheter","23":"tag-overskrifter","24":"tag-top-stories","25":"tag-topstories","26":"tag-vgai"},"share_on_mastodon":{"url":"","error":""},"_links":{"self":[{"href":"https:\/\/www.europesays.com\/no\/wp-json\/wp\/v2\/posts\/15863","targetHints":{"allow":["GET"]}}],"collection":[{"href":"https:\/\/www.europesays.com\/no\/wp-json\/wp\/v2\/posts"}],"about":[{"href":"https:\/\/www.europesays.com\/no\/wp-json\/wp\/v2\/types\/post"}],"author":[{"embeddable":true,"href":"https:\/\/www.europesays.com\/no\/wp-json\/wp\/v2\/users\/2"}],"replies":[{"embeddable":true,"href":"https:\/\/www.europesays.com\/no\/wp-json\/wp\/v2\/comments?post=15863"}],"version-history":[{"count":0,"href":"https:\/\/www.europesays.com\/no\/wp-json\/wp\/v2\/posts\/15863\/revisions"}],"wp:featuredmedia":[{"embeddable":true,"href":"https:\/\/www.europesays.com\/no\/wp-json\/wp\/v2\/media\/15864"}],"wp:attachment":[{"href":"https:\/\/www.europesays.com\/no\/wp-json\/wp\/v2\/media?parent=15863"}],"wp:term":[{"taxonomy":"category","embeddable":true,"href":"https:\/\/www.europesays.com\/no\/wp-json\/wp\/v2\/categories?post=15863"},{"taxonomy":"post_tag","embeddable":true,"href":"https:\/\/www.europesays.com\/no\/wp-json\/wp\/v2\/tags?post=15863"}],"curies":[{"name":"wp","href":"https:\/\/api.w.org\/{rel}","templated":true}]}}