{"id":158712,"date":"2026-02-09T13:52:13","date_gmt":"2026-02-09T13:52:13","guid":{"rendered":"https:\/\/www.europesays.com\/no\/158712\/"},"modified":"2026-02-09T13:52:13","modified_gmt":"2026-02-09T13:52:13","slug":"tjente-223-millioner-kroner-i-2025","status":"publish","type":"post","link":"https:\/\/www.europesays.com\/no\/158712\/","title":{"rendered":"Tjente 223 millioner kroner i 2025"},"content":{"rendered":"\n<ul class=\"_list_o9xde_3 _list_64s2r_85 _unordered_o9xde_106 text-sans-m\">\n<li class=\"_item_o9xde_30\">Eileen Gu (22) var den fjerde best betalte kvinnelige idrettsut\u00f8veren i verden i fjor.<\/li>\n<li class=\"_item_o9xde_30\">Hun har bodd i USA hele libvet, men konkurrerer for Kina.<\/li>\n<li class=\"_item_o9xde_30\">Gu tjente nesten en kvart milliard kroner i 2025. Bare tre kvinner fra en annen idrett tjente mer. <\/li>\n<li class=\"_item_o9xde_30\">Hun har to OL-gull og jakter sitt tredje i Livigno denne uka.<\/li>\n<\/ul>\n<p>Vis mer <\/p>\n<p class=\"_paragraph_o9xde_4 _paragraph_6fko5_10 layout-component text-serif-m layout-normal text-serif-m layout-padded\">Eileen Gu er dronningen av freeski, men i slopestylefinalen hjalp det ikke at hun banker alle i OL p\u00e5 l\u00f8nnsslippen. Gullet glapp med minste margin. <\/p>\n<p class=\"_paragraph_o9xde_4 _paragraph_6fko5_10 layout-component text-serif-m layout-normal text-serif-m layout-padded\"><strong class=\"_strong_o9xde_25\">Det ble drama hele veien mandag ettermiddag. <\/strong><\/p>\n<p class=\"_paragraph_o9xde_4 _paragraph_6fko5_10 layout-component text-serif-m layout-normal text-serif-m layout-padded\">Gu ledet etter f\u00f8rste run (86.48 poeng), men sveitiske Mathilde Gremaud leverte 86.96 poeng i sitt andre run, det kunne ikke Gu matche. I tredje og siste run var presset p\u00e5 den amerikanskkineske 22-\u00e5ringen, men superstjernen falt &#8211; det ble s\u00f8lv i slopesstyle, som i Kina for fire \u00e5r siden. <\/p>\n<p><img alt=\"PALLEN Eileen Gu (t.v.) tok s\u00f8lv i freeski slopestyle, Mathilde Gremaud vant, mens Megan Oldham fra Canada ble nummer tre.   Foto: KIRILL KUDRYAVTSEV \/ AFP \/ NTB\" class=\"_image_qp4xg_65 layout-component layout-normal\" data-fullscreen- data-track-element-type=\"Article image fullscreen\" data-track-name=\"ImageFullscreen\" decoding=\"async\" loading=\"lazy\" height=\"2952\" itemprop=\"image\"  src=\"https:\/\/www.europesays.com\/no\/wp-content\/uploads\/2026\/02\/43004205-0fbc-4672-94c6-a946bf971955.png\"  style=\"object-position:0% 0%\" width=\"3936\"\/>PALLEN Eileen Gu (t.v.) tok s\u00f8lv i freeski slopestyle, Mathilde Gremaud vant, mens Megan Oldham fra Canada ble nummer tre.   Foto: KIRILL KUDRYAVTSEV \/ AFP \/ NTB<\/p>\n<p class=\"_paragraph_o9xde_4 _paragraph_6fko5_10 layout-component text-serif-m layout-normal text-serif-m layout-padded\"><strong class=\"_strong_o9xde_25\">Hun har uansett  litt av en historie, Eileen Gu. Hvor skal man begynne historien om 22-\u00e5ringen som tjente nesten en kvart milliard i fjor? Det er litt \u00e5 ta tak i.<\/strong><\/p>\n<p class=\"_paragraph_o9xde_4 _paragraph_6fko5_10 layout-component text-serif-m layout-normal text-serif-m layout-padded\">Hun har bodd i USA hele livet og studerer ved Stanford, et av de mest prestisjefylte universitetene i USA. Hun konkurrerer for Kina. Gu har v\u00e6rt modell for undert\u00f8ysgiganten Victoria\u2019s Secret og Louis Vuitton. Hun har prydet forsiden av Vogue flere ganger. <\/p>\n<p class=\"_paragraph_o9xde_4 _paragraph_6fko5_10 layout-component text-serif-m layout-normal text-serif-m layout-padded\">22-\u00e5ringen bor sammen med mamma Yan Gu, som kom som innvandrer til USA fra Kina med en imponerende utdannelse p\u00e5 1980-tallet, i San Francisco. 22-\u00e5ringen r\u00f8mmer til Scharnitz i \u00d8sterrike n\u00e5r hun vil v\u00e6re i fred. <\/p>\n<p><img alt=\"MAMMA-JENTE: Eileen Gu er oppvokst med mamma Yan Gu som alenemor. Her i Paris under OL i 2024.   Foto: Dylan Martinez \/ Reuters \/ NTB\" class=\"_image_qp4xg_65 layout-component layout-normal\" data-fullscreen- data-track-element-type=\"Article image fullscreen\" data-track-name=\"ImageFullscreen\" decoding=\"async\" loading=\"lazy\" height=\"3931\" itemprop=\"image\"  src=\"https:\/\/www.europesays.com\/no\/wp-content\/uploads\/2026\/02\/adb93856-904d-446f-886a-652b64e7b97f.png\"  style=\"object-position:0% 0%\" width=\"4246\"\/>MAMMA-JENTE: Eileen Gu er oppvokst med mamma Yan Gu som alenemor. Her i Paris under OL i 2024.   Foto: Dylan Martinez \/ Reuters \/ NTB<\/p>\n<p class=\"_paragraph_o9xde_4 _paragraph_6fko5_10 layout-component text-serif-m layout-normal text-serif-m layout-padded\">Hun har v\u00e6rt fast inventar p\u00e5 en av verdens mest ber\u00f8mte fester, The Met Gala i New York, de siste \u00e5rene. Og poserer med erfaring p\u00e5 l\u00f8peren. <\/p>\n<p><img alt=\"KJENDISFEST: Eileen Gu p\u00e5 Met Gala i 2023.   Foto: Evan Agostini \/ AP \/ NTB\" class=\"_image_qp4xg_65 layout-component layout-normal\" data-fullscreen- data-track-element-type=\"Article image fullscreen\" data-track-name=\"ImageFullscreen\" decoding=\"async\" loading=\"lazy\" height=\"3000\" itemprop=\"image\"  src=\"https:\/\/www.europesays.com\/no\/wp-content\/uploads\/2026\/02\/576de665-610a-41ee-b999-bdb2aa3dbc16.jpeg\"  style=\"object-position:0% 0%\" width=\"2011\"\/>KJENDISFEST: Eileen Gu p\u00e5 Met Gala i 2023.   Foto: Evan Agostini \/ AP \/ NTB<\/p>\n<p class=\"_paragraph_o9xde_4 _paragraph_6fko5_10 layout-component text-serif-m layout-normal text-serif-m layout-padded\">Hun er blitt portrettert i stormagasinet TIME foran OL i Italia. <\/p>\n<p><img alt=\"Foto: Faksimile: TIME Magazine, utgave 9. februar 2026.\" class=\"_image_qp4xg_65 layout-component layout-normal\" data-fullscreen- data-track-element-type=\"Article image fullscreen\" data-track-name=\"ImageFullscreen\" decoding=\"async\" loading=\"lazy\" height=\"1384\" itemprop=\"image\"  src=\"https:\/\/www.europesays.com\/no\/wp-content\/uploads\/2026\/02\/d52b46fc-4666-4cb9-88ff-43e73c4dadec.png\"  style=\"object-position:0% 0%\" width=\"1088\"\/>Foto: Faksimile: TIME Magazine, utgave 9. februar 2026.<\/p>\n<p class=\"_paragraph_o9xde_4 _paragraph_6fko5_10 layout-component text-serif-m layout-normal text-serif-m layout-padded\">Mandag kj\u00f8rer 22-\u00e5ringen for OL-gull nummer tre i karrieren.  <\/p>\n<p class=\"_paragraph_o9xde_4 _paragraph_6fko5_10 layout-component text-serif-m layout-normal text-serif-m layout-padded\">Gu kom til Italia med to verdenscupseire i slopestyle og en i halfpipe denne sesongen &#8211; og ekstrem stjernestatus. Men i kvalifiseringen i den heftige l\u00f8ypen i Livigno gikk det galt i f\u00f8rste runde l\u00f8rdag. <\/p>\n<p class=\"_paragraph_o9xde_4 _paragraph_6fko5_10 layout-component text-serif-m layout-normal text-serif-m layout-padded\">Hun falt.<\/p>\n<p class=\"_paragraph_o9xde_4 _paragraph_6fko5_10 layout-component text-serif-m layout-normal text-serif-m layout-padded\">OL-publikummet var rystet. <\/p>\n<p><img alt=\"FALT: Eileen Gu.   Foto: Marko Djurica \/ Reuters \/ NTB\" class=\"_image_qp4xg_65 layout-component layout-normal\" data-fullscreen- data-track-element-type=\"Article image fullscreen\" data-track-name=\"ImageFullscreen\" decoding=\"async\" loading=\"lazy\" height=\"1926\" itemprop=\"image\"  src=\"https:\/\/www.europesays.com\/no\/wp-content\/uploads\/2026\/02\/91d0331b-8c74-4aba-864a-804123996fb8.jpeg\"  style=\"object-position:0% 0%\" width=\"2864\"\/>FALT: Eileen Gu.   Foto: Marko Djurica \/ Reuters \/ NTB<\/p>\n<p class=\"_paragraph_o9xde_4 _paragraph_6fko5_10 layout-component text-serif-m layout-normal text-serif-m layout-padded\">Mamma Yan Gu, som har oppdratt datteren alene, var ikke n\u00e5dig. <\/p>\n<p class=\"_paragraph_o9xde_4 _paragraph_6fko5_10 layout-component text-serif-m layout-normal text-serif-m layout-padded\"><strong class=\"_strong_o9xde_25\">\u2013 V\u00e5kn opp og ta deg sammen, sa Yan Gu og ga datteren litt frukt skrev <a href=\"https:\/\/www.scmp.com\/sport\/china\/article\/3342783\/mum-urges-chinese-freeski-star-eileen-gu-wake-sparks-olympics-comeback-after-fall\" class=\"_link_o9xde_39\" rel=\"nofollow noopener\" target=\"_blank\">South China Morning Post <\/a>etter kvalifiseringen l\u00f8rdag. <\/strong><\/p>\n<p class=\"_paragraph_o9xde_4 _paragraph_6fko5_10 layout-component text-serif-m layout-normal text-serif-m layout-padded\">\u2013 Jeg gikk gjennom flere sorgfaser med en gang. Det var forvirring, kanskje dyp fortvilelse, kanskje en form for svik, sa Gu, meldte <a href=\"https:\/\/www.espn.com\/olympics\/story\/_\/id\/47855718\/gu-shakes-fall-qualify-olympic-slopestyle-final\" class=\"_link_o9xde_39\" rel=\"nofollow noopener\" target=\"_blank\">ESPN<\/a>.  <\/p>\n<p class=\"_paragraph_o9xde_4 _paragraph_6fko5_10 layout-component text-serif-m layout-normal text-serif-m layout-padded\">I andre fors\u00f8k satt det, Gu ble nummer to i kvalifiseringen og finaleklar. <\/p>\n<p><img alt=\"I LUFTEN: Eileen Gu i kvalifiseringen.   Foto: Lindsey Wasson \/ AP \/ NTB\" class=\"_image_qp4xg_65 layout-component layout-normal\" data-fullscreen- data-track-element-type=\"Article image fullscreen\" data-track-name=\"ImageFullscreen\" decoding=\"async\" loading=\"lazy\" height=\"1757\" itemprop=\"image\"  src=\"https:\/\/www.europesays.com\/no\/wp-content\/uploads\/2026\/02\/0c7bc09c-640b-472e-ae5c-be1627e709ec.png\"  style=\"object-position:0% 0%\" width=\"2636\"\/>I LUFTEN: Eileen Gu i kvalifiseringen.   Foto: Lindsey Wasson \/ AP \/ NTB<\/p>\n<p class=\"_paragraph_o9xde_4 _paragraph_6fko5_10 layout-component text-serif-m layout-normal text-serif-m layout-padded\">Det var stinn brakke med journalister i pressesonen under bl\u00e5, solfylt vinterhimmel i Livigno. <\/p>\n<p class=\"_paragraph_o9xde_4 _paragraph_6fko5_10 layout-component text-serif-m layout-normal text-serif-m layout-padded\">\u2013 Jeg gikk dypt inn i meg selv og fant flyttilstanden min. Jeg sa til meg selv at jeg har jobbet s\u00e5 latterlig hardt. Det er ikke det at jeg elsker \u00e5 st\u00e5 p\u00e5 ski, jeg er besatt av det, og jeg har levd og \u00e5ndet for dette, sa Gu til pressen. <\/p>\n<p><img alt=\"FRIERI P\u00c5 VEGGEN: P\u00e5 et hotell i Livigno rett overfor OL-anlegget for freeski hang dette: \u00abLet\u2019s go Eileen Gu. We love you. Merry me\u00bb!  Foto: Camilla Vesteng\/VG\" class=\"_image_qp4xg_65 layout-component layout-normal\" data-fullscreen- data-track-element-type=\"Article image fullscreen\" data-track-name=\"ImageFullscreen\" decoding=\"async\" loading=\"lazy\" height=\"1361\" itemprop=\"image\"  src=\"https:\/\/www.europesays.com\/no\/wp-content\/uploads\/2026\/02\/f0e16881-afc4-47d8-8ebe-2a2b66b8d0e7.png\"  style=\"object-position:0% 0%\" width=\"1815\"\/>FRIERI P\u00c5 VEGGEN: P\u00e5 et hotell i Livigno rett overfor OL-anlegget for freeski hang dette: \u00abLet\u2019s go Eileen Gu. We love you. Merry me\u00bb!  Foto: Camilla Vesteng\/VG<\/p>\n<p class=\"_paragraph_o9xde_4 _paragraph_6fko5_10 layout-component text-serif-m layout-normal text-serif-m layout-padded\">Foran OL i Beijing i 2022 tok Gu et valg som skulle bli et \u00f8konomisk monstermaskineri. <\/p>\n<p class=\"_paragraph_o9xde_4 _paragraph_6fko5_10 layout-component text-serif-m layout-normal text-serif-m layout-padded\">Gu har amerikansk far og etter \u00e5 ha konkurrert for USA i verdenscupen i 2018\/2019-sesongen, med to pallplasser, bestemte hun seg. Hun ville konkurrere for Kina, og v\u00e6re et forbilde for unge ut\u00f8vere i morens hjemland.<\/p>\n<p class=\"_paragraph_o9xde_4 _paragraph_6fko5_10 layout-component text-serif-m layout-normal text-serif-m layout-padded\">Presidenten i det amerikanske skiforbundet, Tiger Shaw, hadde m\u00f8ter med henne og tilb\u00f8d det han mente var det beste sportslige tilbudet, men nei, hun hadde bestemt seg, skriver <a href=\"https:\/\/sports.yahoo.com\/articles\/meet-eileen-gu-american-competing-154328522.html\" class=\"_link_o9xde_39\" rel=\"nofollow noopener\" target=\"_blank\">Yahoo Sports<\/a> f\u00f8r \u00e5rets OL. <\/p>\n<p><img alt=\"TRE MEDALJER: Eileen Gu foran det kinesiske parlamentet \u00abThe Great Hall of the People\u00bb etter OL i Beijing i 2022.   Foto: Ng Han Guan \/ AP \/ NTB\" class=\"_image_qp4xg_65 layout-component layout-normal\" data-fullscreen- data-track-element-type=\"Article image fullscreen\" data-track-name=\"ImageFullscreen\" decoding=\"async\" loading=\"lazy\" height=\"4674\" itemprop=\"image\"  src=\"https:\/\/www.europesays.com\/no\/wp-content\/uploads\/2026\/02\/5102fb14-c431-446d-a6e0-5488877ac465.png\"  style=\"object-position:0% 0%\" width=\"7011\"\/>TRE MEDALJER: Eileen Gu foran det kinesiske parlamentet \u00abThe Great Hall of the People\u00bb etter OL i Beijing i 2022.   Foto: Ng Han Guan \/ AP \/ NTB<\/p>\n<p class=\"_paragraph_o9xde_4 _paragraph_6fko5_10 layout-component text-serif-m layout-normal text-serif-m layout-padded\">Det ble br\u00e5k. Avisen The Washington Post kalte det forr\u00e6deri. Tidligere amerikansk ambassad\u00f8r til FN, Nikki Haley, sa Gu dermed st\u00f8ttet brudd p\u00e5 menneskerettigheter. <\/p>\n<p class=\"_paragraph_o9xde_4 _paragraph_6fko5_10 layout-component text-serif-m layout-normal text-serif-m layout-padded\">Kina forbyr dobbelt statsborgerskap, men det spekuleres i om landet har gjort et unntak fra regelen for Gu. <\/p>\n<p class=\"_paragraph_o9xde_4 _paragraph_6fko5_10 layout-component text-serif-m layout-normal text-serif-m layout-padded\"><strong class=\"_strong_o9xde_25\">\u2013 N\u00e5r jeg er i Kina er jeg kinesisk, n\u00e5r jeg er i USA er jeg amerikansk, svarer Gu hver gang hun blir konfrontert med statsborgerskap. <\/strong><\/p>\n<p><img alt=\"FIKK APPLAUS: Eileen Gu (midt i bildet nederst foran) m\u00f8tte kinesiske poltikere i parlamentet sammen med andre OL- og paralympicsut\u00f8vere i Beijing i 2022.   Foto: Ng Han Guan \/ AP \/ NTB\" class=\"_image_qp4xg_65 layout-component layout-normal\" data-fullscreen- data-track-element-type=\"Article image fullscreen\" data-track-name=\"ImageFullscreen\" decoding=\"async\" loading=\"lazy\" height=\"5760\" itemprop=\"image\"  src=\"https:\/\/www.europesays.com\/no\/wp-content\/uploads\/2026\/02\/ddc4aea8-23e8-4ce2-a088-d8122c9d48cd.png\"  style=\"object-position:0% 0%\" width=\"8640\"\/>FIKK APPLAUS: Eileen Gu (midt i bildet nederst foran) m\u00f8tte kinesiske poltikere i parlamentet sammen med andre OL- og paralympicsut\u00f8vere i Beijing i 2022.   Foto: Ng Han Guan \/ AP \/ NTB<\/p>\n<p class=\"_paragraph_o9xde_4 _paragraph_6fko5_10 layout-component text-serif-m layout-normal text-serif-m layout-padded\">For Gu sto p\u00e5 sitt og byttet land som 15-\u00e5ring. Inn mot OL p\u00e5 hjemmebane i Kina inngikk hun mer enn 20 sponsorater, med alt fra smykkegiganten Tiffany og Louis Vuitton til kinesiske Bank of China, China Mobile og Luckin Coffee. <\/p>\n<p class=\"_paragraph_o9xde_4 _paragraph_6fko5_10 layout-component text-serif-m layout-normal text-serif-m layout-padded\">I fjor inngikk hun en avtale med den kinesiske elektrogiganten TCL. P\u00e5 Instagram har hun 2,1 millioner f\u00f8lgere, mens hun skal ha over 20 millioner f\u00f8lgere p\u00e5 sosiale medier i Kina. <\/p>\n<p><img alt=\"VANT I KINA: Eileen Gu tok en verdenscupseier i halfpipe i Zhangjiakou i desember 2024.   Foto: - \/ AFP \/ NTB\" class=\"_image_qp4xg_65 layout-component layout-normal\" data-fullscreen- data-track-element-type=\"Article image fullscreen\" data-track-name=\"ImageFullscreen\" decoding=\"async\" loading=\"lazy\" height=\"2091\" itemprop=\"image\"  src=\"https:\/\/www.europesays.com\/no\/wp-content\/uploads\/2026\/02\/d149dd0e-1262-4a06-8145-888f95889fa8.jpeg\"  style=\"object-position:0% 0%\" width=\"3136\"\/>VANT I KINA: Eileen Gu tok en verdenscupseier i halfpipe i Zhangjiakou i desember 2024.   Foto: &#8211; \/ AFP \/ NTB<\/p>\n<p class=\"_paragraph_o9xde_4 _paragraph_6fko5_10 layout-component text-serif-m layout-normal text-serif-m layout-padded\"><strong class=\"_strong_o9xde_25\">Eileen Gu hadde i f\u00f8lge <a href=\"https:\/\/www.forbes.com\/sites\/justinbirnbaum\/2025\/12\/16\/the-worlds-highest-paid-female-athletes-2025\/\" class=\"_link_o9xde_39\" rel=\"nofollow noopener\" target=\"_blank\">Forbes<\/a> 223 millioner kroner i inntekt i fjor, samme magasin skriver at  bare tre kvinnelige ut\u00f8vere tjente mer enn freeskikj\u00f8reren, alle tennisspillere. <\/strong><\/p>\n<ul class=\"_list_o9xde_3 _list_6fko5_9 _unordered_o9xde_106 layout-component text-serif-m layout-normal text-serif-m layout-padded\">\n<li class=\"_item_o9xde_30\">Coco Gauff (USA) er p\u00e5 topp, med 319 millioner kroner. <\/li>\n<li class=\"_item_o9xde_30\">Aryna Sabalenka (Belarus) er nummer to, med 290 millioner kroner. <\/li>\n<li class=\"_item_o9xde_30\">Iga Swiatek (Polen) er nummer tre, med 243 millioner kroner. <\/li>\n<\/ul>\n<p><img decoding=\"async\" alt=\"Bilde av Coco Gauff \" class=\"_image_148z4_25\" height=\"27\" itemprop=\"image\" loading=\"lazy\"  src=\"https:\/\/www.europesays.com\/no\/wp-content\/uploads\/2026\/02\/f89aba48-0235-4c25-9811-8b270a65f00c.png\"  width=\"40\"\/><strong class=\"_name_148z4_34 title-serif-xs\">Coco Gauff <\/strong><\/p>\n<p class=\"_paragraph_o9xde_4 text-sans-m _description_148z4_39\">Verdens best betalte kvinnelige ut\u00f8ver i 2025<\/p>\n<p class=\"_paragraph_o9xde_4 _paragraph_6fko5_10 layout-component text-serif-m layout-normal text-serif-m layout-padded\"><strong class=\"_strong_o9xde_25\">Men bare Coco Gauff har h\u00f8yere markedsverdi. De tre tennisspillerne dro inn fra 77 til 145 millioner kroner i premiepenger, mens Gu tjente 967.000 kroner i premiepenger. <\/strong><\/p>\n<p class=\"_paragraph_o9xde_4 _paragraph_6fko5_10 layout-component text-serif-m layout-normal text-serif-m layout-padded\">I f\u00f8lge Forbes tilh\u00f8rer de 17 kvinnelige ut\u00f8verne som tjente mest i verden i fjor golf og basket i tillegg til tennis &#8211; og freeskikj\u00f8rer Gu. <\/p>\n<p class=\"_paragraph_o9xde_4 _paragraph_6fko5_10 layout-component text-serif-m layout-normal text-serif-m layout-padded\">Hun har 20 verdenscupseire p\u00e5 30 starter, de fleste i halfpipe. <\/p>\n<p class=\"_paragraph_o9xde_4 _paragraph_6fko5_10 layout-component text-serif-m layout-normal text-serif-m layout-padded\">Sn\u00f8brettlegende Shaun White tok OL-gull i halfpipe i 2006, 2010 og 2018. Han beskriver Gu som en ut\u00f8ver som skiller seg ut. <\/p>\n<p class=\"_paragraph_o9xde_4 _paragraph_6fko5_10 layout-component text-serif-m layout-normal text-serif-m layout-padded\">\u2013 Hun er den ene i en generasjon som har hele pakken, sier White. <\/p>\n<p><img alt=\"POSERER: Eileen Gu p\u00e5 Sports Illustrated Swimsuit-fest p\u00e5 Hard Rock Hotel Times Square New York i mai 2025.  Foto: Evan Agostini \/ AP \/ NTB\" class=\"_image_qp4xg_65 layout-component layout-normal\" data-fullscreen- data-track-element-type=\"Article image fullscreen\" data-track-name=\"ImageFullscreen\" decoding=\"async\" loading=\"lazy\" height=\"3500\" itemprop=\"image\"  src=\"https:\/\/www.europesays.com\/no\/wp-content\/uploads\/2026\/02\/a53d52ac-00b8-42fd-b459-c47e386afd95.jpeg\"  style=\"object-position:0% 0%\" width=\"2525\"\/>POSERER: Eileen Gu p\u00e5 Sports Illustrated Swimsuit-fest p\u00e5 Hard Rock Hotel Times Square New York i mai 2025.  Foto: Evan Agostini \/ AP \/ NTB<\/p>\n<p class=\"_paragraph_o9xde_4 _paragraph_6fko5_10 layout-component text-serif-m layout-normal text-serif-m layout-padded\">\u2013 Jeg er en fulltidsstudent som er veldig atletisk. Jeg kan ha en samtale med en fysiker og st\u00e5 p\u00e5 mitt, og jeg kan ogs\u00e5 g\u00e5 p\u00e5 catwalken dagen etter. Jeg mener det er revolusjonerende, spesielt for en ung person, sa Gu til <a href=\"https:\/\/time.com\/7355691\/eileen-gu-interview-2026-olympics\/\" class=\"_link_o9xde_39\" rel=\"nofollow noopener\" target=\"_blank\">TIME<\/a> i februar. <\/p>\n<p class=\"_paragraph_o9xde_4 _paragraph_6fko5_10 layout-component text-serif-m layout-normal text-serif-m layout-padded\">Finalen i freeski slopestyle for kvinner var mandag og det endte alts\u00e5 med s\u00f8lv for Gu. Finale i Big Air er mandag 16. februar, mens halfpipe er fredag 20. februar. <\/p>\n<p class=\"_paragraph_o9xde_4 _paragraph_6fko5_10 layout-component text-serif-m layout-normal text-serif-m layout-padded\"><strong class=\"_strong_o9xde_25\">PS! Birk Ruud vant kvalifiseringen for herrene i slopetyle foran Tormod Frostad. Ogs\u00e5 Sebastian Schjerve er klar for finalen, som er tirsdag ettermiddag for herrene. <\/strong><\/p>\n","protected":false},"excerpt":{"rendered":"Eileen Gu (22) var den fjerde best betalte kvinnelige idrettsut\u00f8veren i verden i fjor. Hun har bodd i&hellip;\n","protected":false},"author":2,"featured_media":158713,"comment_status":"","ping_status":"","sticky":false,"template":"","format":"standard","meta":{"footnotes":"","_share_on_mastodon":"0"},"categories":[5],"tags":[20,21,24,25,16743,15,19,22,23,17,18,13,30,28,29,14,10469,16,2008,26,27,399],"class_list":["post-158712","post","type-post","status-publish","format-standard","has-post-thumbnail","category-overskrifter","tag-breaking-news","tag-breakingnews","tag-featured-news","tag-featurednews","tag-freeski","tag-headlines","tag-hovedoppslag","tag-latest-news","tag-latestnews","tag-main-news","tag-mainnews","tag-news","tag-no","tag-norge","tag-norway","tag-nyheter","tag-ol-2026","tag-overskrifter","tag-penger","tag-top-stories","tag-topstories","tag-vintersport"],"share_on_mastodon":{"url":"https:\/\/pubeurope.com\/@no\/116041006918489535","error":""},"_links":{"self":[{"href":"https:\/\/www.europesays.com\/no\/wp-json\/wp\/v2\/posts\/158712","targetHints":{"allow":["GET"]}}],"collection":[{"href":"https:\/\/www.europesays.com\/no\/wp-json\/wp\/v2\/posts"}],"about":[{"href":"https:\/\/www.europesays.com\/no\/wp-json\/wp\/v2\/types\/post"}],"author":[{"embeddable":true,"href":"https:\/\/www.europesays.com\/no\/wp-json\/wp\/v2\/users\/2"}],"replies":[{"embeddable":true,"href":"https:\/\/www.europesays.com\/no\/wp-json\/wp\/v2\/comments?post=158712"}],"version-history":[{"count":0,"href":"https:\/\/www.europesays.com\/no\/wp-json\/wp\/v2\/posts\/158712\/revisions"}],"wp:featuredmedia":[{"embeddable":true,"href":"https:\/\/www.europesays.com\/no\/wp-json\/wp\/v2\/media\/158713"}],"wp:attachment":[{"href":"https:\/\/www.europesays.com\/no\/wp-json\/wp\/v2\/media?parent=158712"}],"wp:term":[{"taxonomy":"category","embeddable":true,"href":"https:\/\/www.europesays.com\/no\/wp-json\/wp\/v2\/categories?post=158712"},{"taxonomy":"post_tag","embeddable":true,"href":"https:\/\/www.europesays.com\/no\/wp-json\/wp\/v2\/tags?post=158712"}],"curies":[{"name":"wp","href":"https:\/\/api.w.org\/{rel}","templated":true}]}}